{"id":33080,"date":"2011-01-07T16:05:04","date_gmt":"2011-01-07T20:05:04","guid":{"rendered":"http:\/\/www.redenoticia.com.br\/noticia\/?p=33080"},"modified":"2011-01-08T10:47:48","modified_gmt":"2011-01-08T14:47:48","slug":"meteorologia-%e2%80%93-previsao-do-tempo-para-este-sabado-0801","status":"publish","type":"post","link":"https:\/\/www.redenoticia.com.br\/noticia\/2011\/meteorologia-%e2%80%93-previsao-do-tempo-para-este-sabado-0801\/33080","title":{"rendered":"Meteorologia \u2013 previs\u00e3o do tempo para este s\u00e1bado 08\/01"},"content":{"rendered":"<p><img loading=\"lazy\" decoding=\"async\" class=\"alignleft size-full wp-image-28410\" title=\"previsao do tempo temperatura\" src=\"https:\/\/www.redenoticia.com.br\/noticia\/imagens\/previsao-do-tempo-temperatura.jpg\" alt=\"\" width=\"300\" height=\"193\" srcset=\"https:\/\/www.redenoticia.com.br\/noticia\/imagens\/previsao-do-tempo-temperatura.jpg 300w, https:\/\/www.redenoticia.com.br\/noticia\/imagens\/previsao-do-tempo-temperatura-250x160.jpg 250w, https:\/\/www.redenoticia.com.br\/noticia\/imagens\/previsao-do-tempo-temperatura-150x96.jpg 150w\" sizes=\"auto, (max-width: 300px) 100vw, 300px\" \/><\/p>\n<p>Previs\u00e3o do tempo\u00a0\u2013 a\u00a0<strong><em>meteorologia<\/em><\/strong> divulgou a <strong><em>previs\u00e3o do tempo<\/em><\/strong> e\u00a0<strong><em>temperatura<\/em><\/strong> para este s\u00e1bado (08\/01\/2011) e informa que o calor e a alta umidade do ar dever\u00e1 provocar pancadas de chuva em grande parte do pa\u00eds. Segundo a previs\u00e3o do tempo em algumas localidades das Regi\u00f5es Norte e Centro-Oeste, em SP, sul de MG, Tri\u00e2ngulo Mineiro e do PR poder\u00e1 chover forte. Dados da previs\u00e3o do tempo indicam que no RS e em SC haver\u00e1 varia\u00e7\u00e3o de nebulosidade e pancadas de chuva a partir da tarde. O dia ser\u00e1 sol e poucas nuvens no ES, nordeste de MS, em AL, na PB e em PE. A previs\u00e3o do tempo destaca que nas demais \u00e1reas do pa\u00eds haver\u00e1 sol, aumento de nuvens e pancadas de chuva, t\u00edpicas do ver\u00e3o. As temperaturas estar\u00e3o est\u00e1veis.<\/p>\n<p>Vale do Para\u00edba \u2013 previs\u00e3o do tempo no s\u00e1bado (08\/01), ainda haver\u00e1 muitas nuvens, aberturas de sol e pancadas de chuva localizadas na regi\u00e3o. Localmente ainda persistir\u00e1 a chance de chuva forte. As temperaturas estar\u00e3o elevadas.<\/p>\n<p>Regi\u00e3o Centro-Oeste \u2013 previs\u00e3o do tempo em\u00a008\/01\/2011:\u00a0No sudoeste de MS e no nordeste de GO: sol entre nebulosidade vari\u00e1vel e com pancadas de chuva \u00e0 tarde. Nas demais \u00e1reas da Regi\u00e3o: sol com varia\u00e7\u00e3o de nuvens e pancadas de chuva. Em alguns pontos poder\u00e1 ser forte. Temperaturas est\u00e1veis. Temperatura m\u00e1xima: 35C no norte de MS. Temperatura m\u00ednima: 18C no sul de MS.<\/p>\n<p>Regi\u00e3o Nordeste \u2013 previs\u00e3o do tempo em\u00a008\/01\/2011:\u00a0No sul da BA: sol e nebulosidade vari\u00e1vel. No sul do PI e do MA e no norte e oeste da BA: nebulosidade vari\u00e1vel com pancadas de chuva \u00e0 tarde. No litoral centro-norte da BA: tempo inst\u00e1vel com poucas aberturas de sol e chuva a qualquer hora. No RN, no centro-norte do CE e nas demais \u00e1reas do MA e do PI: sol entre nebulosidade vari\u00e1vel e pancadas de chuva. Nas demais \u00e1reas da BA: varia\u00e7\u00e3o de nuvens e possibilidade de chuva a qualquer hora Temperaturas est\u00e1veis. Temperatura m\u00e1xima: 36C no norte do PI. Temperatura m\u00ednima: 18C no oeste da BA.<\/p>\n<p>Regi\u00e3o Norte \u2013 previs\u00e3o do tempo em\u00a008\/01\/2011:\u00a0No centro-leste do TO: sol entre nebulosidade vari\u00e1vel com pancadas de chuva \u00e0 tarde. Nas demais \u00e1reas da Regi\u00e3o: sol com varia\u00e7\u00e3o de nuvens e pancadas de chuva isolada. Temperaturas est\u00e1veis. Temperatura m\u00e1xima: 35C no nordeste do PA. Temperatura m\u00ednima: 18C no sudeste do TO.<\/p>\n<p>Regi\u00e3o Sudeste \u2013 previs\u00e3o do tempo em\u00a008\/01\/2011:\u00a0No sul do RJ, em SP e no sul e no Tri\u00e2ngulo Mineiro: sol com varia\u00e7\u00e3o de nuvens e pancadas de chuva isolada. No sudeste e noroeste de MG: sol entre nebulosidade vari\u00e1vel e com pancadas de chuva isolada \u00e0 tarde. No centro-leste do ES: sol e poucas Na capital do RJ: sol entre nebulosidade vari\u00e1vel e com possibilidade de pancadas de chuva \u00e0 tarde. Nas demais \u00e1reas da Regi\u00e3o: sol entre varia\u00e7\u00e3o de nebulosidade. Temperaturas est\u00e1veis. Temperatura m\u00e1xima: 32C no oeste de SP. Temperatura m\u00ednima: 17C no sudeste de MG.<\/p>\n<p>Regi\u00e3o Sul \u2013 previs\u00e3o do tempo em\u00a008\/01\/2011:\u00a0Em todas as \u00e1reas da Regi\u00e3o: sol entre nebulosidade vari\u00e1vel e pancadas de chuva. No oeste do PR, no leste e no oeste de SC e no RS as pancadas de chuva ocorrem a partir da tarde. Em alguns pontos dessas \u00e1reas poder\u00e1 chover forte. Temperaturas elevadas no RS. Temperatura m\u00e1xima: 38C no oeste do RS. Temperatura m\u00ednima: 17C no centro-leste do PR.<\/p>\n<p>Previs\u00e3o do tempo e temperatura CPTEC<\/p>\n","protected":false},"excerpt":{"rendered":"<p>Previs\u00e3o do tempo\u00a0\u2013 a\u00a0meteorologia divulgou a previs\u00e3o do tempo e\u00a0temperatura para este s\u00e1bado (08\/01\/2011) e informa que o calor e a alta umidade do ar dever\u00e1 provocar pancadas de chuva em grande parte do pa\u00eds. Segundo a previs\u00e3o do tempo em algumas localidades das Regi\u00f5es Norte e Centro-Oeste, em SP, sul de MG, Tri\u00e2ngulo Mineiro [&hellip;]<\/p>\n","protected":false},"author":3,"featured_media":28410,"comment_status":"open","ping_status":"open","sticky":false,"template":"","format":"standard","meta":{"_genesis_hide_title":false,"_genesis_hide_breadcrumbs":false,"_genesis_hide_singular_image":false,"_genesis_hide_footer_widgets":false,"_genesis_custom_body_class":"","_genesis_custom_post_class":"","_genesis_layout":"","_jetpack_memberships_contains_paid_content":false,"footnotes":""},"categories":[22],"tags":[],"class_list":{"0":"post-33080","1":"post","2":"type-post","3":"status-publish","4":"format-standard","5":"has-post-thumbnail","7":"category-brasil","8":"entry","9":"gs-1","10":"gs-odd","11":"gs-even","12":"gs-featured-content-entry"},"jetpack_featured_media_url":"https:\/\/www.redenoticia.com.br\/noticia\/imagens\/previsao-do-tempo-temperatura.jpg","jetpack_sharing_enabled":true,"jetpack_likes_enabled":true,"_links":{"self":[{"href":"https:\/\/www.redenoticia.com.br\/noticia\/wp-json\/wp\/v2\/posts\/33080","targetHints":{"allow":["GET"]}}],"collection":[{"href":"https:\/\/www.redenoticia.com.br\/noticia\/wp-json\/wp\/v2\/posts"}],"about":[{"href":"https:\/\/www.redenoticia.com.br\/noticia\/wp-json\/wp\/v2\/types\/post"}],"author":[{"embeddable":true,"href":"https:\/\/www.redenoticia.com.br\/noticia\/wp-json\/wp\/v2\/users\/3"}],"replies":[{"embeddable":true,"href":"https:\/\/www.redenoticia.com.br\/noticia\/wp-json\/wp\/v2\/comments?post=33080"}],"version-history":[{"count":0,"href":"https:\/\/www.redenoticia.com.br\/noticia\/wp-json\/wp\/v2\/posts\/33080\/revisions"}],"wp:featuredmedia":[{"embeddable":true,"href":"https:\/\/www.redenoticia.com.br\/noticia\/wp-json\/wp\/v2\/media\/28410"}],"wp:attachment":[{"href":"https:\/\/www.redenoticia.com.br\/noticia\/wp-json\/wp\/v2\/media?parent=33080"}],"wp:term":[{"taxonomy":"category","embeddable":true,"href":"https:\/\/www.redenoticia.com.br\/noticia\/wp-json\/wp\/v2\/categories?post=33080"},{"taxonomy":"post_tag","embeddable":true,"href":"https:\/\/www.redenoticia.com.br\/noticia\/wp-json\/wp\/v2\/tags?post=33080"}],"curies":[{"name":"wp","href":"https:\/\/api.w.org\/{rel}","templated":true}]}}