{"id":33076,"date":"2011-01-07T08:28:57","date_gmt":"2011-01-07T12:28:57","guid":{"rendered":"http:\/\/www.redenoticia.com.br\/noticia\/?p=33076"},"modified":"2011-01-07T08:28:57","modified_gmt":"2011-01-07T12:28:57","slug":"talentos-do-brasil-rural","status":"publish","type":"post","link":"https:\/\/www.redenoticia.com.br\/noticia\/2011\/talentos-do-brasil-rural\/33076","title":{"rendered":"Talentos do Brasil Rural"},"content":{"rendered":"<p>Foi prorrogado para o dia 28 de janeiro o prazo para envio de propostas de  <strong><em>roteiros tur\u00edsticos<\/em><\/strong> para serem trabalhados pelo Eixo Servi\u00e7os do projeto  <strong><em>Talentos do Brasil Rural<\/em><\/strong>. A Chamada P\u00fablica pretende selecionar 24 roteiros  comercializados compostos por, no m\u00ednimo, 10% de empreendimentos da agricultura  familiar.<\/p>\n<p>Al\u00e9m disso, esses roteiros dever\u00e3o estar acess\u00edveis a no m\u00e1ximo tr\u00eas horas de  viagem, por meio terrestre ou aquavi\u00e1rio, a partir de uma das 12 cidades-sede da  Copa de 2014.<\/p>\n<p>Cada um dos roteiros selecionados receber\u00e1 um diagn\u00f3stico e um plano de a\u00e7\u00e3o  para trabalhar a agricultura familiar como diferencial competitivo, al\u00e9m de  apoio para a comercializa\u00e7\u00e3o. Tamb\u00e9m est\u00e1 previsto que os empreendimentos da  agricultura familiar presentes no roteiro recebam orienta\u00e7\u00e3o t\u00e9cnica e  qualifica\u00e7\u00e3o para aperfei\u00e7oamento de seus servi\u00e7os ou instala\u00e7\u00f5es.<\/p>\n<p>\u201cO roteiro n\u00e3o precisa ser predominantemente rural, mas \u00e9 necess\u00e1rio que j\u00e1  seja comercializado e tenha pelo menos 10% de empreendimentos da agricultura  familiar\u201d, afirma S\u00e1skia Lima, coordenadora-geral de Segmenta\u00e7\u00e3o do Minist\u00e9rio  do Turismo.<\/p>\n<p>As candidaturas dever\u00e3o ser feitas por uma institui\u00e7\u00e3o ou entidade  representativa do roteiro tur\u00edstico, como associa\u00e7\u00e3o, cooperativa, prefeitura,  Oscip ou cons\u00f3rcio.<\/p>\n<p>Para participarem do projeto, os representantes dos roteiros dever\u00e3o  preencher a ficha de inscri\u00e7\u00e3o e envi\u00e1-la, junto com os demais documentos  listados no edital, para: SEBRAE\/RS \u2013 PROJETO TALENTOS DO BRASIL RURAL &#8211; A\/C:  Gustavo Piardi dos Santos &#8211; Rua Sete de Setembro, 555, CEP 90010-190 &#8211; Porto  Alegre\/RS.<\/p>\n<p>O resultado da chamada dever\u00e1 ser publicado no Portal do Turismo em 4 de  mar\u00e7o de 2011.<br \/>\nPara acessar o edital e o formul\u00e1rio, entre no site<br \/>\n<a href=\"(http:\/\/www.turismo.gov.br\/turismo\/noticias\/acontece\/detalhes\/20101202.html\" target=\"_blank\">(http:\/\/www.turismo.gov.br<\/a>)<\/p>\n<p>Talentos do Brasil Rural \u2013 O projeto, que conta com investimento de R$ 3  milh\u00f5es, \u00e9 uma parceria entre o Minist\u00e9rio do Turismo, Minist\u00e9rio do  Desenvolvimento Agr\u00e1rio, Minist\u00e9rio do Meio Ambiente, Sebrae e Ag\u00eancia de  Coopera\u00e7\u00e3o Alem\u00e3. O objetivo \u00e9 a inser\u00e7\u00e3o de produtos e servi\u00e7os da agricultura  familiar no mercado tur\u00edstico, de maneira a agregar valor \u00e0 oferta tur\u00edstica  brasileira.<\/p>\n<p>D\u00favidas sobre o projeto e a chamada poder\u00e3o ser sanadas pelo E-mail:  rural@turismo.gov.br ou telefones (61) 2023.8166 \u2013 Bras\u00edlia \/ (51) 3216.5132 \u2013  Porto Alegre.<\/p>\n<p>Para mais informa\u00e7\u00f5es sobre o projeto, busque no site<br \/>\n(<a href=\"http:\/\/www.mda.gov.br\/portal\/saf\/programas\/talentosdobrasil\" target=\"_blank\">http:\/\/www.mda.gov.br\/portal\/saf\/programas\/talentosdobrasil<\/a>)<\/p>\n","protected":false},"excerpt":{"rendered":"<p>Foi prorrogado para o dia 28 de janeiro o prazo para envio de propostas de roteiros tur\u00edsticos para serem trabalhados pelo Eixo Servi\u00e7os do projeto Talentos do Brasil Rural. A Chamada P\u00fablica pretende selecionar 24 roteiros comercializados compostos por, no m\u00ednimo, 10% de empreendimentos da agricultura familiar. Al\u00e9m disso, esses roteiros dever\u00e3o estar acess\u00edveis a [&hellip;]<\/p>\n","protected":false},"author":3,"featured_media":0,"comment_status":"open","ping_status":"open","sticky":false,"template":"","format":"standard","meta":{"_genesis_hide_title":false,"_genesis_hide_breadcrumbs":false,"_genesis_hide_singular_image":false,"_genesis_hide_footer_widgets":false,"_genesis_custom_body_class":"","_genesis_custom_post_class":"","_genesis_layout":"","_jetpack_memberships_contains_paid_content":false,"footnotes":""},"categories":[22],"tags":[],"class_list":{"0":"post-33076","1":"post","2":"type-post","3":"status-publish","4":"format-standard","6":"category-brasil","7":"entry","8":"gs-1","9":"gs-odd","10":"gs-even","11":"gs-featured-content-entry"},"jetpack_featured_media_url":"","jetpack_sharing_enabled":true,"jetpack_likes_enabled":true,"_links":{"self":[{"href":"https:\/\/www.redenoticia.com.br\/noticia\/wp-json\/wp\/v2\/posts\/33076","targetHints":{"allow":["GET"]}}],"collection":[{"href":"https:\/\/www.redenoticia.com.br\/noticia\/wp-json\/wp\/v2\/posts"}],"about":[{"href":"https:\/\/www.redenoticia.com.br\/noticia\/wp-json\/wp\/v2\/types\/post"}],"author":[{"embeddable":true,"href":"https:\/\/www.redenoticia.com.br\/noticia\/wp-json\/wp\/v2\/users\/3"}],"replies":[{"embeddable":true,"href":"https:\/\/www.redenoticia.com.br\/noticia\/wp-json\/wp\/v2\/comments?post=33076"}],"version-history":[{"count":0,"href":"https:\/\/www.redenoticia.com.br\/noticia\/wp-json\/wp\/v2\/posts\/33076\/revisions"}],"wp:attachment":[{"href":"https:\/\/www.redenoticia.com.br\/noticia\/wp-json\/wp\/v2\/media?parent=33076"}],"wp:term":[{"taxonomy":"category","embeddable":true,"href":"https:\/\/www.redenoticia.com.br\/noticia\/wp-json\/wp\/v2\/categories?post=33076"},{"taxonomy":"post_tag","embeddable":true,"href":"https:\/\/www.redenoticia.com.br\/noticia\/wp-json\/wp\/v2\/tags?post=33076"}],"curies":[{"name":"wp","href":"https:\/\/api.w.org\/{rel}","templated":true}]}}