{"id":33058,"date":"2011-01-06T15:03:21","date_gmt":"2011-01-06T19:03:21","guid":{"rendered":"http:\/\/www.redenoticia.com.br\/noticia\/?p=33058"},"modified":"2011-01-06T15:03:21","modified_gmt":"2011-01-06T19:03:21","slug":"pesquisa-ipad-e-o-tablet-preferido-para-quem-viaja-a-negocios","status":"publish","type":"post","link":"https:\/\/www.redenoticia.com.br\/noticia\/2011\/pesquisa-ipad-e-o-tablet-preferido-para-quem-viaja-a-negocios\/33058","title":{"rendered":"Pesquisa &#8211; iPad \u00e9 o tablet preferido para quem viaja a neg\u00f3cios"},"content":{"rendered":"<p>Equipamento da Apple recebeu 58,4% dos votos em pesquisa pela revista Am\u00e9ricaEconomia com executivos da Am\u00e9rica Latina. O <strong><em>iPad<\/em><\/strong> foi considerado o melhor tablet para quem viaja a neg\u00f3cios, de acordo com pesquisa realizada pela Am\u00e9ricaEconomia, da Spring Editora. O estudo completo, que re\u00fane anualmente as opini\u00f5es de executivos da Am\u00e9rica Latina, est\u00e1 na edi\u00e7\u00e3o de janeiro da revista.<\/p>\n<p>Com 58,4% da prefer\u00eancia, o gadget da Apple ficou \u00e0 frente do Blackberry PlayBook, que conquistou 19,9% dos votos, e do Kindle, que foi citado por 10,1% dos entrevistados.<\/p>\n<p>Al\u00e9m de ser o favorito da categoria, o iPad tamb\u00e9m foi avaliado como a melhor plataforma para ver v\u00eddeos a bordo e desbancou todos os sistemas de jogos em v\u00eddeo, consagrando-se o sistema preferido para jogar a bordo.<\/p>\n<p>Feita pela internet, a pesquisa re\u00fane a opini\u00e3o de 1.734 executivos de todos os pa\u00edses da regi\u00e3o sobre destinos, acess\u00f3rios de viagem, servi\u00e7os de hospedagem e deslocamento a\u00e9reo.<\/p>\n<p>Sobre a Spring Editora<br \/>\nA Spring Editora, sob dire\u00e7\u00e3o de Jos\u00e9 Roberto Maluf, \u00e9 respons\u00e1vel pela vers\u00e3o nacional da ROLLING STONE, conhecida internacionalmente, al\u00e9m das revistas AM\u00c9RICAECONOMIA, ESPN, AERO MAGAZINE, DOCOL, OAS, DAY BY DAY, VOETRIP e ABECS. Desde 2008, representa a M\u00eddia de Bordo TRIP, que desenvolve conte\u00fado e a\u00e7\u00f5es de marketing personalizados e segmentados para o p\u00fablico da TRIP Linhas A\u00e9reas, a maior companhia regional da Am\u00e9rica do Sul.<\/p>\n","protected":false},"excerpt":{"rendered":"<p>Equipamento da Apple recebeu 58,4% dos votos em pesquisa pela revista Am\u00e9ricaEconomia com executivos da Am\u00e9rica Latina. O iPad foi considerado o melhor tablet para quem viaja a neg\u00f3cios, de acordo com pesquisa realizada pela Am\u00e9ricaEconomia, da Spring Editora. O estudo completo, que re\u00fane anualmente as opini\u00f5es de executivos da Am\u00e9rica Latina, est\u00e1 na edi\u00e7\u00e3o [&hellip;]<\/p>\n","protected":false},"author":3,"featured_media":0,"comment_status":"open","ping_status":"open","sticky":false,"template":"","format":"standard","meta":{"_genesis_hide_title":false,"_genesis_hide_breadcrumbs":false,"_genesis_hide_singular_image":false,"_genesis_hide_footer_widgets":false,"_genesis_custom_body_class":"","_genesis_custom_post_class":"","_genesis_layout":"","_jetpack_memberships_contains_paid_content":false,"footnotes":""},"categories":[22],"tags":[],"class_list":{"0":"post-33058","1":"post","2":"type-post","3":"status-publish","4":"format-standard","6":"category-brasil","7":"entry","8":"gs-1","9":"gs-odd","10":"gs-even","11":"gs-featured-content-entry"},"jetpack_featured_media_url":"","jetpack_sharing_enabled":true,"jetpack_likes_enabled":true,"_links":{"self":[{"href":"https:\/\/www.redenoticia.com.br\/noticia\/wp-json\/wp\/v2\/posts\/33058","targetHints":{"allow":["GET"]}}],"collection":[{"href":"https:\/\/www.redenoticia.com.br\/noticia\/wp-json\/wp\/v2\/posts"}],"about":[{"href":"https:\/\/www.redenoticia.com.br\/noticia\/wp-json\/wp\/v2\/types\/post"}],"author":[{"embeddable":true,"href":"https:\/\/www.redenoticia.com.br\/noticia\/wp-json\/wp\/v2\/users\/3"}],"replies":[{"embeddable":true,"href":"https:\/\/www.redenoticia.com.br\/noticia\/wp-json\/wp\/v2\/comments?post=33058"}],"version-history":[{"count":0,"href":"https:\/\/www.redenoticia.com.br\/noticia\/wp-json\/wp\/v2\/posts\/33058\/revisions"}],"wp:attachment":[{"href":"https:\/\/www.redenoticia.com.br\/noticia\/wp-json\/wp\/v2\/media?parent=33058"}],"wp:term":[{"taxonomy":"category","embeddable":true,"href":"https:\/\/www.redenoticia.com.br\/noticia\/wp-json\/wp\/v2\/categories?post=33058"},{"taxonomy":"post_tag","embeddable":true,"href":"https:\/\/www.redenoticia.com.br\/noticia\/wp-json\/wp\/v2\/tags?post=33058"}],"curies":[{"name":"wp","href":"https:\/\/api.w.org\/{rel}","templated":true}]}}