{"id":33056,"date":"2011-01-06T14:57:45","date_gmt":"2011-01-06T18:57:45","guid":{"rendered":"http:\/\/www.redenoticia.com.br\/noticia\/?p=33056"},"modified":"2011-01-06T14:57:45","modified_gmt":"2011-01-06T18:57:45","slug":"cinemas-terao-que-exibir-mais-filmes-nacionais","status":"publish","type":"post","link":"https:\/\/www.redenoticia.com.br\/noticia\/2011\/cinemas-terao-que-exibir-mais-filmes-nacionais\/33056","title":{"rendered":"Cinemas ter\u00e3o que exibir mais filmes nacionais"},"content":{"rendered":"<p>Foi publicado no Di\u00e1rio Oficial da Uni\u00e3o o\u00a0decreto que estabelece a <strong><em>Cota de Tela<\/em><\/strong> e determina a diversidade m\u00ednima de  t\u00edtulos brasileiros a serem exibidos por <strong><em>cinema<\/em><\/strong> do Pa\u00eds em 2011.<\/p>\n<p>A Cota de Tela \u00e9 um instrumento regulat\u00f3rio adotado em diversos pa\u00edses para  promover o aumento da competitividade e a auto-sustentabilidade da ind\u00fastria  cinematogr\u00e1fica nacional. No Brasil, a \u201creserva de dias\u201d foi estabelecida pela  primeira vez na d\u00e9cada de 30 e, desde ent\u00e3o, foi aprimorada de acordo com o  desenvolvimento da \u00e1rea.<\/p>\n<p>Os n\u00fameros da Cota de Tela para 2011 foram fixados pelo Minist\u00e9rio da Cultura  e pela Presid\u00eancia da Rep\u00fablica a partir de estudos t\u00e9cnicos feitos pela Ag\u00eancia  Nacional do Cinema (ANCINE), ap\u00f3s a realiza\u00e7\u00e3o de audi\u00eancias com entidades  representativas de produtores, exibidores e distribuidores da ind\u00fastria  cinematogr\u00e1fica, durante os meses de novembro e dezembro de 2010.<\/p>\n<p>Ao longo de 2011, dependendo do n\u00famero de salas de exibi\u00e7\u00e3o do complexo, os  cinemas ter\u00e3o que exibir, no m\u00ednimo, entre 3 e 14 filmes nacionais diferentes.  Desde 2005, a quantidade de t\u00edtulos obrigat\u00f3rios variava de 2 a 11 filmes. O  aumento da diversidade m\u00ednima de t\u00edtulos \u00e9 compat\u00edvel com o crescimento no  n\u00famero anual de lan\u00e7amentos nacionais, que era de 30 t\u00edtulos em 2001, e alcan\u00e7ou  aproximadamente 80 t\u00edtulos no bi\u00eanio 2009-2010.<\/p>\n<p>J\u00e1 o per\u00edodo m\u00ednimo de exibi\u00e7\u00e3o de filmes nacionais neste ano foi fixado em  28 dias para cinemas de uma sala. A Cota de Tela varia conforme a quantidade de  salas de cada complexo, e esse n\u00famero pode extrapolar 60 dias. A \u201creserva de  dias\u201d \u00e9 maior para complexos de 6 ou 7 salas, modelo predominante no mercado  brasileiro atual. Desta forma, um complexo de sete salas, por exemplo, ter\u00e1 que  dedicar 63 dias de sua programa\u00e7\u00e3o a, pelo menos, 9 filmes nacionais  diferentes.<\/p>\n","protected":false},"excerpt":{"rendered":"<p>Foi publicado no Di\u00e1rio Oficial da Uni\u00e3o o\u00a0decreto que estabelece a Cota de Tela e determina a diversidade m\u00ednima de t\u00edtulos brasileiros a serem exibidos por cinema do Pa\u00eds em 2011. A Cota de Tela \u00e9 um instrumento regulat\u00f3rio adotado em diversos pa\u00edses para promover o aumento da competitividade e a auto-sustentabilidade da ind\u00fastria cinematogr\u00e1fica [&hellip;]<\/p>\n","protected":false},"author":3,"featured_media":0,"comment_status":"open","ping_status":"open","sticky":false,"template":"","format":"standard","meta":{"_genesis_hide_title":false,"_genesis_hide_breadcrumbs":false,"_genesis_hide_singular_image":false,"_genesis_hide_footer_widgets":false,"_genesis_custom_body_class":"","_genesis_custom_post_class":"","_genesis_layout":"","_jetpack_memberships_contains_paid_content":false,"footnotes":""},"categories":[22],"tags":[],"class_list":{"0":"post-33056","1":"post","2":"type-post","3":"status-publish","4":"format-standard","6":"category-brasil","7":"entry","8":"gs-1","9":"gs-odd","10":"gs-even","11":"gs-featured-content-entry"},"jetpack_featured_media_url":"","jetpack_sharing_enabled":true,"jetpack_likes_enabled":true,"_links":{"self":[{"href":"https:\/\/www.redenoticia.com.br\/noticia\/wp-json\/wp\/v2\/posts\/33056","targetHints":{"allow":["GET"]}}],"collection":[{"href":"https:\/\/www.redenoticia.com.br\/noticia\/wp-json\/wp\/v2\/posts"}],"about":[{"href":"https:\/\/www.redenoticia.com.br\/noticia\/wp-json\/wp\/v2\/types\/post"}],"author":[{"embeddable":true,"href":"https:\/\/www.redenoticia.com.br\/noticia\/wp-json\/wp\/v2\/users\/3"}],"replies":[{"embeddable":true,"href":"https:\/\/www.redenoticia.com.br\/noticia\/wp-json\/wp\/v2\/comments?post=33056"}],"version-history":[{"count":0,"href":"https:\/\/www.redenoticia.com.br\/noticia\/wp-json\/wp\/v2\/posts\/33056\/revisions"}],"wp:attachment":[{"href":"https:\/\/www.redenoticia.com.br\/noticia\/wp-json\/wp\/v2\/media?parent=33056"}],"wp:term":[{"taxonomy":"category","embeddable":true,"href":"https:\/\/www.redenoticia.com.br\/noticia\/wp-json\/wp\/v2\/categories?post=33056"},{"taxonomy":"post_tag","embeddable":true,"href":"https:\/\/www.redenoticia.com.br\/noticia\/wp-json\/wp\/v2\/tags?post=33056"}],"curies":[{"name":"wp","href":"https:\/\/api.w.org\/{rel}","templated":true}]}}