{"id":33055,"date":"2011-01-06T16:53:12","date_gmt":"2011-01-06T20:53:12","guid":{"rendered":"http:\/\/www.redenoticia.com.br\/noticia\/?p=33055"},"modified":"2011-01-07T12:20:37","modified_gmt":"2011-01-07T16:20:37","slug":"meteorologia-%e2%80%93-previsao-do-tempo-para-esta-sexta-feira-0701","status":"publish","type":"post","link":"https:\/\/www.redenoticia.com.br\/noticia\/2011\/meteorologia-%e2%80%93-previsao-do-tempo-para-esta-sexta-feira-0701\/33055","title":{"rendered":"Meteorologia \u2013 previs\u00e3o do tempo para esta sexta-feira 07\/01"},"content":{"rendered":"<p><img loading=\"lazy\" decoding=\"async\" class=\"alignleft size-full wp-image-28409\" title=\"previsao do tempo e temperatura\" src=\"https:\/\/www.redenoticia.com.br\/noticia\/imagens\/previsao-do-tempo-e-temperatura.jpg\" alt=\"\" width=\"300\" height=\"193\" srcset=\"https:\/\/www.redenoticia.com.br\/noticia\/imagens\/previsao-do-tempo-e-temperatura.jpg 300w, https:\/\/www.redenoticia.com.br\/noticia\/imagens\/previsao-do-tempo-e-temperatura-250x160.jpg 250w, https:\/\/www.redenoticia.com.br\/noticia\/imagens\/previsao-do-tempo-e-temperatura-150x96.jpg 150w\" sizes=\"auto, (max-width: 300px) 100vw, 300px\" \/><\/p>\n<p>Previs\u00e3o do tempo\u00a0\u2013 a\u00a0<strong><em>meteorologia<\/em><\/strong> divulgou a <strong><em>previs\u00e3o do tempo<\/em><\/strong> e\u00a0<strong><em>temperatura<\/em><\/strong> para esta sexta-feira (07\/01\/2011) e informa que a zona de converg\u00eancia de umidade come\u00e7a a perder caracter\u00edsticas, no entanto, ela ainda manter\u00e1 a instabilidade sobre boa parte do Norte e do Centro-Oeste e em \u00e1reas do Sudeste do pa\u00eds. Segundo a previs\u00e3o do tempo sobre os estados do AC, do AM, em RO, no MT, no centro-norte e leste de MS, em SP, Tri\u00e2ngulo Mineiro, oeste e sul de MG, GO, DF, PA e AM as pancadas de chuva dever\u00e3o ser fortes podendo causar impactos \u00e0 popula\u00e7\u00e3o em algumas cidades. Dados da previs\u00e3o do tempo indicam que por isso, recomenda-se ficar atento aos boletins do tempo e aos comunicados da Defesa Civil de sua Cidade. Poder\u00e1 chover forte tamb\u00e9m no centro-norte do MA e do PI, no CE, RN e PB e oeste de PE. A previs\u00e3o do tempo destaca que no centro-sul e oeste do RS o sol predominar\u00e1. O sol tamb\u00e9m aparecer\u00e1, s\u00f3 que entre nuvens, no centro-leste e norte do TO, sul do MA e do PI, norte e sul da BA, centro-leste de PE, centro-norte do RJ, no ES, em AL e SE. Nas demais \u00e1reas do Brasil, o dia ficar\u00e1 com sol e varia\u00e7\u00e3o de nuvens e pancadas de chuva localizadas a partir da tarde. As temperaturas estar\u00e3o est\u00e1veis.<\/p>\n<p>Vale do Para\u00edba \u2013 previs\u00e3o do tempo na sexta-feira (07\/01) haver\u00e1 per\u00edodos mais longos de abertura de sol, e ocorrer\u00e3o pancadas de chuva, que dever\u00e3o ocorrer principalmente no per\u00edodo da tarde. As temperaturas persistem em ligeira eleva\u00e7\u00e3o.<\/p>\n<p>Regi\u00e3o Centro-Oeste \u2013 previs\u00e3o do tempo em\u00a007\/01\/2011:\u00a0Em todas as \u00e1reas da Regi\u00e3o: sol com varia\u00e7\u00e3o de nuvens e pancadas de chuva. Temperaturas est\u00e1veis. Temperatura m\u00e1xima: 35C no oeste de MS. Temperatura m\u00ednima: 17C no sul de MS.<\/p>\n<p>Regi\u00e3o Nordeste \u2013 previs\u00e3o do tempo em\u00a007\/01\/2011:\u00a0No sudoeste da BA: nublado com possibilidade de chuva. No Rec\u00f4ncavo Baiano: sol entre poucas nuvens e com possibilidade de pancadas de chuva. No sudeste do PI, no oeste de PE e no centro-norte da BA: sol com varia\u00e7\u00e3o de nuvens. Nas demais \u00e1reas da Regi\u00e3o: sol entre nebulosidade vari\u00e1vel e com pancadas de chuva isolada. Temperaturas est\u00e1veis. Temperatura m\u00e1xima: 36C no norte do PI. Temperatura m\u00ednima: 18C no oeste da BA.<\/p>\n<p>Regi\u00e3o Norte \u2013 previs\u00e3o do tempo em\u00a007\/01\/2011:\u00a0Em todas as \u00e1reas da Regi\u00e3o: sol com varia\u00e7\u00e3o de nuvens e pancadas de chuva. Temperaturas est\u00e1veis. Temperatura m\u00e1xima: 35C no nordeste do PA. Temperatura m\u00ednima: 18C no sudeste do TO.<\/p>\n<p>Regi\u00e3o Sudeste \u2013 previs\u00e3o do tempo em\u00a007\/01\/2011:\u00a0No centro-norte de MG, no centro-leste do ES e no nordeste do RJ: nublado com possibilidade de pancadas de chuva. Em SP e no Tri\u00e2ngulo Mineiro: nublado com fortes pancadas de chuva. Nas demais \u00e1reas da Regi\u00e3o: sol entre nebulosidade vari\u00e1vel e com pancadas de chuva a qualquer hora. Temperaturas em gradativa eleva\u00e7\u00e3o. Temperaturas est\u00e1veis. Temperatura m\u00e1xima: 34C no oeste de SP. Temperatura m\u00ednima: 17C no sudeste de MG.<\/p>\n<p>Regi\u00e3o Sul \u2013 previs\u00e3o do tempo em\u00a007\/01\/2011:\u00a0No centro-sul do RS: predom\u00ednio de sol. Nas demais \u00e1reas: nebulosidade vari\u00e1vel e pancadas de chuva. Temperaturas est\u00e1veis. Temperatura m\u00e1xima: 34C no oeste do RS. Temperatura m\u00ednima: 14C na faixa central do PR.<\/p>\n<p>Previs\u00e3o do tempo e temperatura CPTEC<\/p>\n","protected":false},"excerpt":{"rendered":"<p>Previs\u00e3o do tempo\u00a0\u2013 a\u00a0meteorologia divulgou a previs\u00e3o do tempo e\u00a0temperatura para esta sexta-feira (07\/01\/2011) e informa que a zona de converg\u00eancia de umidade come\u00e7a a perder caracter\u00edsticas, no entanto, ela ainda manter\u00e1 a instabilidade sobre boa parte do Norte e do Centro-Oeste e em \u00e1reas do Sudeste do pa\u00eds. Segundo a previs\u00e3o do tempo sobre [&hellip;]<\/p>\n","protected":false},"author":3,"featured_media":28409,"comment_status":"open","ping_status":"open","sticky":false,"template":"","format":"standard","meta":{"_genesis_hide_title":false,"_genesis_hide_breadcrumbs":false,"_genesis_hide_singular_image":false,"_genesis_hide_footer_widgets":false,"_genesis_custom_body_class":"","_genesis_custom_post_class":"","_genesis_layout":"","_jetpack_memberships_contains_paid_content":false,"footnotes":""},"categories":[22],"tags":[],"class_list":{"0":"post-33055","1":"post","2":"type-post","3":"status-publish","4":"format-standard","5":"has-post-thumbnail","7":"category-brasil","8":"entry","9":"gs-1","10":"gs-odd","11":"gs-even","12":"gs-featured-content-entry"},"jetpack_featured_media_url":"https:\/\/www.redenoticia.com.br\/noticia\/imagens\/previsao-do-tempo-e-temperatura.jpg","jetpack_sharing_enabled":true,"jetpack_likes_enabled":true,"_links":{"self":[{"href":"https:\/\/www.redenoticia.com.br\/noticia\/wp-json\/wp\/v2\/posts\/33055","targetHints":{"allow":["GET"]}}],"collection":[{"href":"https:\/\/www.redenoticia.com.br\/noticia\/wp-json\/wp\/v2\/posts"}],"about":[{"href":"https:\/\/www.redenoticia.com.br\/noticia\/wp-json\/wp\/v2\/types\/post"}],"author":[{"embeddable":true,"href":"https:\/\/www.redenoticia.com.br\/noticia\/wp-json\/wp\/v2\/users\/3"}],"replies":[{"embeddable":true,"href":"https:\/\/www.redenoticia.com.br\/noticia\/wp-json\/wp\/v2\/comments?post=33055"}],"version-history":[{"count":0,"href":"https:\/\/www.redenoticia.com.br\/noticia\/wp-json\/wp\/v2\/posts\/33055\/revisions"}],"wp:featuredmedia":[{"embeddable":true,"href":"https:\/\/www.redenoticia.com.br\/noticia\/wp-json\/wp\/v2\/media\/28409"}],"wp:attachment":[{"href":"https:\/\/www.redenoticia.com.br\/noticia\/wp-json\/wp\/v2\/media?parent=33055"}],"wp:term":[{"taxonomy":"category","embeddable":true,"href":"https:\/\/www.redenoticia.com.br\/noticia\/wp-json\/wp\/v2\/categories?post=33055"},{"taxonomy":"post_tag","embeddable":true,"href":"https:\/\/www.redenoticia.com.br\/noticia\/wp-json\/wp\/v2\/tags?post=33055"}],"curies":[{"name":"wp","href":"https:\/\/api.w.org\/{rel}","templated":true}]}}