{"id":33051,"date":"2011-01-05T22:23:36","date_gmt":"2011-01-06T02:23:36","guid":{"rendered":"http:\/\/www.redenoticia.com.br\/noticia\/?p=33051"},"modified":"2011-01-06T11:27:31","modified_gmt":"2011-01-06T15:27:31","slug":"meteorologia-%e2%80%93-previsao-do-tempo-para-esta-quinta-feira-0601","status":"publish","type":"post","link":"https:\/\/www.redenoticia.com.br\/noticia\/2011\/meteorologia-%e2%80%93-previsao-do-tempo-para-esta-quinta-feira-0601\/33051","title":{"rendered":"Meteorologia \u2013 previs\u00e3o do tempo para esta quinta-feira 06\/01"},"content":{"rendered":"<p><img loading=\"lazy\" decoding=\"async\" class=\"alignleft size-full wp-image-28410\" title=\"previsao do tempo temperatura\" src=\"https:\/\/www.redenoticia.com.br\/noticia\/imagens\/previsao-do-tempo-temperatura.jpg\" alt=\"\" width=\"300\" height=\"193\" srcset=\"https:\/\/www.redenoticia.com.br\/noticia\/imagens\/previsao-do-tempo-temperatura.jpg 300w, https:\/\/www.redenoticia.com.br\/noticia\/imagens\/previsao-do-tempo-temperatura-250x160.jpg 250w, https:\/\/www.redenoticia.com.br\/noticia\/imagens\/previsao-do-tempo-temperatura-150x96.jpg 150w\" sizes=\"auto, (max-width: 300px) 100vw, 300px\" \/><\/p>\n<p>Previs\u00e3o do tempo\u00a0\u2013 a\u00a0<strong><em>meteorologia<\/em><\/strong> divulgou a<strong><em> previs\u00e3o do tempo<\/em><\/strong> e\u00a0<strong><em>temperatura<\/em><\/strong> para esta quinta-feira (06\/01) e informa que se esperam pancadas de chuva em grande parte do Brasil. Segundo a previs\u00e3o do tempo o canal de umidade continua atuando causando chuvas e pancadas de chuva significativas entre o Norte, Centro-Oeste e sul do Sudeste do pa\u00eds. Dados da previs\u00e3o do tempo indicam que na Regi\u00e3o Sul tamb\u00e9m esperam-se pancadas de chuva, de forma localizada, por\u00e9m que podem ser fortes e acompanhadas de temporais. A previs\u00e3o do tempo destaca que no Nordeste, o dia ter\u00e1 varia\u00e7\u00e3o de nuvens entre centro, leste e norte da BA, oeste de PE, sudoeste do PI e sul do CE. Nas outras \u00e1reas da Regi\u00e3o haver\u00e1 pancadas de chuva. Temperatura est\u00e1vel no pa\u00eds.<\/p>\n<p>Vale do Para\u00edba \u2013 previs\u00e3o do tempo na quinta-feira (06\/01) haver\u00e1 varia\u00e7\u00e3o de nuvens e pancadas de chuva que localmente ser\u00e3o fortes. Poder\u00e3o ocorrer acumulados de chuva em alguns pontos da regi\u00e3o. As temperaturas n\u00e3o sofrer\u00e3o mudan\u00e7as significativas.<\/p>\n<p>Regi\u00e3o Centro-Oeste \u2013 previs\u00e3o do tempo em\u00a006\/01\/2011:\u00a0Na maior parte de MS, no nordeste de GO e no extremo sudoeste de MT: sol entre nebulosidade vari\u00e1vel com pancadas de chuva isolada. Nas demais \u00e1reas da Regi\u00e3o e no sudoeste de MT: nublado com pancadas de chuva isolada e localmente forte. Temperaturas est\u00e1veis. Temperatura m\u00e1xima: 35C no oeste de MS. Temperatura m\u00ednima: 17C no sul de MS.<\/p>\n<p>Regi\u00e3o Nordeste \u2013 previs\u00e3o do tempo em\u00a006\/01\/2011:\u00a0No sul da BA: nublado com possibilidade de chuva. No leste do PI, no sul do CE, no oeste de PE, em SE e nas demais \u00e1reas da BA: sol com varia\u00e7\u00e3o de nuvens. Nas demais \u00e1reas da Regi\u00e3o: sol com varia\u00e7\u00e3o de nuvens e pancadas de chuva. Temperaturas est\u00e1veis. Temperatura m\u00e1xima: 36C no norte do PI. Temperatura m\u00ednima: 18C no oeste da BA.<\/p>\n<p>Regi\u00e3o Norte \u2013 previs\u00e3o do tempo em\u00a006\/01\/2011:\u00a0No sudoeste do TO, em RO, no AC, no AM e no centro-sul de RR: nublado com pancadas de chuva isolada e localmente forte. Nas demais \u00e1reas da Regi\u00e3o: sol entre nebulosidade vari\u00e1vel e fortes pancadas de chuva isolada. Temperaturas est\u00e1veis. Temperatura m\u00e1xima: 35C no nordeste do PA. Temperatura m\u00ednima: 18C no sudeste do TO.<\/p>\n<p>Regi\u00e3o Sudeste \u2013 previs\u00e3o do tempo em\u00a006\/01\/2011:\u00a0No oeste de SP, no ES, no RJ e no leste e norte de MG: sol com varia\u00e7\u00e3o de nuvens e pancadas de chuva isoladas. No nordeste de MG: varia\u00e7\u00e3o de nuvens e possibilidade de pancadas de chuva. Nas demais \u00e1reas da Regi\u00e3o: nublado com pancadas de chuva a qualquer hora. Temperaturas est\u00e1veis. Temperatura m\u00e1xima: 34C no oeste de SP. Temperatura m\u00ednima: 17C no sudeste de MG.<\/p>\n<p>Regi\u00e3o Sul \u2013 previs\u00e3o do tempo em\u00a006\/01\/2011:\u00a0No oeste do RS: sol com nebulosidade vari\u00e1vel. No extremo nordeste e litoral do PR: nublado com fortes pancadas de chuva. Nas demais \u00e1reas da Regi\u00e3o: sol com varia\u00e7\u00e3o de nuvens e fortes pancadas de chuva isoladas. Temperaturas est\u00e1veis. Temperatura m\u00e1xima: 34C no oeste do RS. Temperatura m\u00ednima: 14C na faixa central do PR.<\/p>\n<p>Previs\u00e3o do tempo e temperatura CPTEC<\/p>\n","protected":false},"excerpt":{"rendered":"<p>Previs\u00e3o do tempo\u00a0\u2013 a\u00a0meteorologia divulgou a previs\u00e3o do tempo e\u00a0temperatura para esta quinta-feira (06\/01) e informa que se esperam pancadas de chuva em grande parte do Brasil. Segundo a previs\u00e3o do tempo o canal de umidade continua atuando causando chuvas e pancadas de chuva significativas entre o Norte, Centro-Oeste e sul do Sudeste do pa\u00eds. [&hellip;]<\/p>\n","protected":false},"author":3,"featured_media":28410,"comment_status":"open","ping_status":"open","sticky":false,"template":"","format":"standard","meta":{"_genesis_hide_title":false,"_genesis_hide_breadcrumbs":false,"_genesis_hide_singular_image":false,"_genesis_hide_footer_widgets":false,"_genesis_custom_body_class":"","_genesis_custom_post_class":"","_genesis_layout":"","_jetpack_memberships_contains_paid_content":false,"footnotes":""},"categories":[22],"tags":[],"class_list":{"0":"post-33051","1":"post","2":"type-post","3":"status-publish","4":"format-standard","5":"has-post-thumbnail","7":"category-brasil","8":"entry","9":"gs-1","10":"gs-odd","11":"gs-even","12":"gs-featured-content-entry"},"jetpack_featured_media_url":"https:\/\/www.redenoticia.com.br\/noticia\/imagens\/previsao-do-tempo-temperatura.jpg","jetpack_sharing_enabled":true,"jetpack_likes_enabled":true,"_links":{"self":[{"href":"https:\/\/www.redenoticia.com.br\/noticia\/wp-json\/wp\/v2\/posts\/33051","targetHints":{"allow":["GET"]}}],"collection":[{"href":"https:\/\/www.redenoticia.com.br\/noticia\/wp-json\/wp\/v2\/posts"}],"about":[{"href":"https:\/\/www.redenoticia.com.br\/noticia\/wp-json\/wp\/v2\/types\/post"}],"author":[{"embeddable":true,"href":"https:\/\/www.redenoticia.com.br\/noticia\/wp-json\/wp\/v2\/users\/3"}],"replies":[{"embeddable":true,"href":"https:\/\/www.redenoticia.com.br\/noticia\/wp-json\/wp\/v2\/comments?post=33051"}],"version-history":[{"count":0,"href":"https:\/\/www.redenoticia.com.br\/noticia\/wp-json\/wp\/v2\/posts\/33051\/revisions"}],"wp:featuredmedia":[{"embeddable":true,"href":"https:\/\/www.redenoticia.com.br\/noticia\/wp-json\/wp\/v2\/media\/28410"}],"wp:attachment":[{"href":"https:\/\/www.redenoticia.com.br\/noticia\/wp-json\/wp\/v2\/media?parent=33051"}],"wp:term":[{"taxonomy":"category","embeddable":true,"href":"https:\/\/www.redenoticia.com.br\/noticia\/wp-json\/wp\/v2\/categories?post=33051"},{"taxonomy":"post_tag","embeddable":true,"href":"https:\/\/www.redenoticia.com.br\/noticia\/wp-json\/wp\/v2\/tags?post=33051"}],"curies":[{"name":"wp","href":"https:\/\/api.w.org\/{rel}","templated":true}]}}