{"id":33041,"date":"2011-01-05T07:50:35","date_gmt":"2011-01-05T11:50:35","guid":{"rendered":"http:\/\/www.redenoticia.com.br\/noticia\/?p=33041"},"modified":"2011-01-05T07:50:35","modified_gmt":"2011-01-05T11:50:35","slug":"inscricao-no-programa-mais-educacao-ate-2802","status":"publish","type":"post","link":"https:\/\/www.redenoticia.com.br\/noticia\/2011\/inscricao-no-programa-mais-educacao-ate-2802\/33041","title":{"rendered":"Inscri\u00e7\u00e3o no programa Mais Educa\u00e7\u00e3o at\u00e9 28\/02"},"content":{"rendered":"<p>Prefeitos de 1.499 munic\u00edpios com baixo \u00edndice de desenvolvimento da educa\u00e7\u00e3o  b\u00e1sica (Ideb) e o governador do Distrito Federal t\u00eam prazo at\u00e9 28 de  fevereiro para aderir ao <strong><em>programa Mais Educa\u00e7\u00e3o<\/em><\/strong>. As escolas p\u00fablicas  atendidas recebem recursos do Minist\u00e9rio da Educa\u00e7\u00e3o para oferecer educa\u00e7\u00e3o  integral.<\/p>\n<p>A meta do MEC, este ano, \u00e9 ampliar o n\u00famero de munic\u00edpios, de  escolas e de alunos atendidos. A proposta \u00e9 chegar a 15 mil escolas e a cerca de  tr\u00eas milh\u00f5es de estudantes da educa\u00e7\u00e3o b\u00e1sica, especialmente do ensino  fundamental. Em 2010, dez mil escolas e 2,2 milh\u00f5es de estudantes receberam  educa\u00e7\u00e3o em tempo integral.<\/p>\n<p>Para confirmar a participa\u00e7\u00e3o e receber os  recursos, as escolas pr\u00e9-selecionadas para 2011 e aquelas que j\u00e1 est\u00e3o no  programa precisam, al\u00e9m da ades\u00e3o dos prefeitos, informar o n\u00famero de estudantes  a serem atendidos. Os dados devem ser inclu\u00eddos, pela internet, no Sistema de  Informa\u00e7\u00f5es Integradas de Planejamento, Or\u00e7amento e Finan\u00e7as do MEC (<a href=\"http:\/\/simec.mec.gov.br\/cadastrar_usuario.php?sisid=34\" target=\"_blank\">Simec<\/a>).<\/p>\n<p>A  amplia\u00e7\u00e3o da educa\u00e7\u00e3o integral, iniciativa coordenada pela Secretaria de  Educa\u00e7\u00e3o Continuada, Alfabetiza\u00e7\u00e3o e Diversidade (Secad) do MEC, ser\u00e1 poss\u00edvel  em escolas que aderiram ao Programa Dinheiro Direto na Escola (PDDE), naquelas  situadas em munic\u00edpios com mais de 18 mil habitantes e nas que tiveram avalia\u00e7\u00e3o  insuficiente \u2014 at\u00e9 3,8 pontos nos anos iniciais do ensino fundamental e 4,2  pontos nos anos finais \u2014 no Ideb em 2009. A escala do <a href=\"http:\/\/portal.mec.gov.br\/index.php?option=com_content&amp;view=article&amp;id=180&amp;Itemid=336&amp;msg=1\" target=\"_blank\">Ideb<\/a> vai at\u00e9 10 pontos.<\/p>\n<p>Para que o n\u00famero previsto de escolas e de estudantes  seja alcan\u00e7ado em 2011, a Secad selecionou 1.499 munic\u00edpios e 6.003 escolas com  baixo desempenho no Ideb. O objetivo \u00e9 conseguir a ades\u00e3o de pelo menos 1.484  cidades e incluir cinco mil escolas no programa. O investimento do MEC deve  alcan\u00e7ar R$ 600 milh\u00f5es.<\/p>\n<p>A transfer\u00eancia de recursos \u00e9 feita pelo PDDE  diretamente para a conta da escola, em cota \u00fanica. O dinheiro deve ser usado na  aquisi\u00e7\u00e3o de material, custeio de atividades e pagamento de transporte e  alimenta\u00e7\u00e3o dos monitores. Em m\u00e9dia, cada escola recebe R$ 37 mil para aplicar  nos dez meses letivos.<\/p>\n<p>Criado em 2007, o <a href=\"http:\/\/portal.mec.gov.br\/index.php?option=com_content&amp;view=article&amp;id=12372:mais-educacao&amp;catid=312:mais-educacao&amp;Itemid=586\" target=\"_blank\">Mais  Educa\u00e7\u00e3o<\/a> come\u00e7ou efetivamente em 2008. No per\u00edodo de 2008 a 2010, o  atendimento passou de 386 mil para 2,2 milh\u00f5es de estudantes.<\/p>\n<p>Ionice  Lorenzoni<\/p>\n","protected":false},"excerpt":{"rendered":"<p>Prefeitos de 1.499 munic\u00edpios com baixo \u00edndice de desenvolvimento da educa\u00e7\u00e3o b\u00e1sica (Ideb) e o governador do Distrito Federal t\u00eam prazo at\u00e9 28 de fevereiro para aderir ao programa Mais Educa\u00e7\u00e3o. As escolas p\u00fablicas atendidas recebem recursos do Minist\u00e9rio da Educa\u00e7\u00e3o para oferecer educa\u00e7\u00e3o integral. A meta do MEC, este ano, \u00e9 ampliar o n\u00famero [&hellip;]<\/p>\n","protected":false},"author":3,"featured_media":0,"comment_status":"open","ping_status":"open","sticky":false,"template":"","format":"standard","meta":{"_genesis_hide_title":false,"_genesis_hide_breadcrumbs":false,"_genesis_hide_singular_image":false,"_genesis_hide_footer_widgets":false,"_genesis_custom_body_class":"","_genesis_custom_post_class":"","_genesis_layout":"","_jetpack_memberships_contains_paid_content":false,"footnotes":""},"categories":[22,370],"tags":[],"class_list":{"0":"post-33041","1":"post","2":"type-post","3":"status-publish","4":"format-standard","6":"category-brasil","7":"category-inscricao","8":"entry","9":"gs-1","10":"gs-odd","11":"gs-even","12":"gs-featured-content-entry"},"jetpack_featured_media_url":"","jetpack_sharing_enabled":true,"jetpack_likes_enabled":true,"_links":{"self":[{"href":"https:\/\/www.redenoticia.com.br\/noticia\/wp-json\/wp\/v2\/posts\/33041","targetHints":{"allow":["GET"]}}],"collection":[{"href":"https:\/\/www.redenoticia.com.br\/noticia\/wp-json\/wp\/v2\/posts"}],"about":[{"href":"https:\/\/www.redenoticia.com.br\/noticia\/wp-json\/wp\/v2\/types\/post"}],"author":[{"embeddable":true,"href":"https:\/\/www.redenoticia.com.br\/noticia\/wp-json\/wp\/v2\/users\/3"}],"replies":[{"embeddable":true,"href":"https:\/\/www.redenoticia.com.br\/noticia\/wp-json\/wp\/v2\/comments?post=33041"}],"version-history":[{"count":0,"href":"https:\/\/www.redenoticia.com.br\/noticia\/wp-json\/wp\/v2\/posts\/33041\/revisions"}],"wp:attachment":[{"href":"https:\/\/www.redenoticia.com.br\/noticia\/wp-json\/wp\/v2\/media?parent=33041"}],"wp:term":[{"taxonomy":"category","embeddable":true,"href":"https:\/\/www.redenoticia.com.br\/noticia\/wp-json\/wp\/v2\/categories?post=33041"},{"taxonomy":"post_tag","embeddable":true,"href":"https:\/\/www.redenoticia.com.br\/noticia\/wp-json\/wp\/v2\/tags?post=33041"}],"curies":[{"name":"wp","href":"https:\/\/api.w.org\/{rel}","templated":true}]}}