{"id":33023,"date":"2011-01-03T08:01:24","date_gmt":"2011-01-03T12:01:24","guid":{"rendered":"http:\/\/www.redenoticia.com.br\/noticia\/?p=33023"},"modified":"2011-01-03T08:01:24","modified_gmt":"2011-01-03T12:01:24","slug":"expresso-turistico-sp-conta-com-vagao-bicicletario","status":"publish","type":"post","link":"https:\/\/www.redenoticia.com.br\/noticia\/2011\/expresso-turistico-sp-conta-com-vagao-bicicletario\/33023","title":{"rendered":"Expresso Tur\u00edstico SP conta com vag\u00e3o-biciclet\u00e1rio"},"content":{"rendered":"<h2><span style=\"font-weight: normal; font-size: 13px;\">Para quem deseja unir turismo e a pr\u00e1tica do  ciclismo, o <\/span><span style=\"font-size: 13px;\"><em>Expresso Tur\u00edstico<\/em><\/span><span style=\"font-weight: normal; font-size: 13px;\"> conta com um &#8220;vag\u00e3o biciclet\u00e1rio&#8221;, j\u00e1 dispon\u00edvel  no trajeto Luz-Mogi das Cruzes. Com capacidade para 45 unidades, o vag\u00e3o oferece  suportes de tubos met\u00e1licos no piso, com cintas para fixa\u00e7\u00e3o das bicicletas  durante a viagem com seguran\u00e7a.<\/span><\/h2>\n<p>A taxa de uso para o transporte das bicicletas \u00e9  de R$ 3 por unidade e oferece descontos para at\u00e9 tr\u00eas acompanhantes. O valor do  passeio de trem na CPTM \u00e9 de R$ 28 por pessoa. Na compra de quatro passagens, a  segunda, a terceira e a quarta t\u00eam 50% de desconto (R$ 14,00).<\/p>\n<p>No caso de Mogi das Cruzes, a prefeitura local  informa que a cidade est\u00e1 se preparando para receber os cicloturistas com a  instala\u00e7\u00e3o de paraciclos em alguns dos principais pontos tur\u00edsticos da regi\u00e3o  central da cidade. O passeio de bicicleta soma-se aos roteiros complementares  rodovi\u00e1rios existentes (pagos separadamente) para o turista: o centro hist\u00f3rico,  o orquid\u00e1rio oriental e o Parque das Neblinas.<\/p>\n<p>Futuramente, a ideia \u00e9 estender o  vag\u00e3o-biciclet\u00e1rio para os demais roteiros do Expresso Tur\u00edstico, sempre em  programas desenvolvidos com as prefeituras locais.<\/p>\n<p>Da CPTM<\/p>\n","protected":false},"excerpt":{"rendered":"<p>Para quem deseja unir turismo e a pr\u00e1tica do ciclismo, o Expresso Tur\u00edstico conta com um &#8220;vag\u00e3o biciclet\u00e1rio&#8221;, j\u00e1 dispon\u00edvel no trajeto Luz-Mogi das Cruzes. Com capacidade para 45 unidades, o vag\u00e3o oferece suportes de tubos met\u00e1licos no piso, com cintas para fixa\u00e7\u00e3o das bicicletas durante a viagem com seguran\u00e7a. A taxa de uso para [&hellip;]<\/p>\n","protected":false},"author":3,"featured_media":0,"comment_status":"open","ping_status":"open","sticky":false,"template":"","format":"standard","meta":{"_genesis_hide_title":false,"_genesis_hide_breadcrumbs":false,"_genesis_hide_singular_image":false,"_genesis_hide_footer_widgets":false,"_genesis_custom_body_class":"","_genesis_custom_post_class":"","_genesis_layout":"","_jetpack_memberships_contains_paid_content":false,"footnotes":""},"categories":[22],"tags":[],"class_list":{"0":"post-33023","1":"post","2":"type-post","3":"status-publish","4":"format-standard","6":"category-brasil","7":"entry","8":"gs-1","9":"gs-odd","10":"gs-even","11":"gs-featured-content-entry"},"jetpack_featured_media_url":"","jetpack_sharing_enabled":true,"jetpack_likes_enabled":true,"_links":{"self":[{"href":"https:\/\/www.redenoticia.com.br\/noticia\/wp-json\/wp\/v2\/posts\/33023","targetHints":{"allow":["GET"]}}],"collection":[{"href":"https:\/\/www.redenoticia.com.br\/noticia\/wp-json\/wp\/v2\/posts"}],"about":[{"href":"https:\/\/www.redenoticia.com.br\/noticia\/wp-json\/wp\/v2\/types\/post"}],"author":[{"embeddable":true,"href":"https:\/\/www.redenoticia.com.br\/noticia\/wp-json\/wp\/v2\/users\/3"}],"replies":[{"embeddable":true,"href":"https:\/\/www.redenoticia.com.br\/noticia\/wp-json\/wp\/v2\/comments?post=33023"}],"version-history":[{"count":0,"href":"https:\/\/www.redenoticia.com.br\/noticia\/wp-json\/wp\/v2\/posts\/33023\/revisions"}],"wp:attachment":[{"href":"https:\/\/www.redenoticia.com.br\/noticia\/wp-json\/wp\/v2\/media?parent=33023"}],"wp:term":[{"taxonomy":"category","embeddable":true,"href":"https:\/\/www.redenoticia.com.br\/noticia\/wp-json\/wp\/v2\/categories?post=33023"},{"taxonomy":"post_tag","embeddable":true,"href":"https:\/\/www.redenoticia.com.br\/noticia\/wp-json\/wp\/v2\/tags?post=33023"}],"curies":[{"name":"wp","href":"https:\/\/api.w.org\/{rel}","templated":true}]}}