{"id":33001,"date":"2010-12-30T14:18:56","date_gmt":"2010-12-30T18:18:56","guid":{"rendered":"http:\/\/www.redenoticia.com.br\/noticia\/?p=33001"},"modified":"2010-12-30T14:19:26","modified_gmt":"2010-12-30T18:19:26","slug":"observatorio-solar-descobre-cometa-de-numero-2-000","status":"publish","type":"post","link":"https:\/\/www.redenoticia.com.br\/noticia\/2010\/observatorio-solar-descobre-cometa-de-numero-2-000\/33001","title":{"rendered":"Observat\u00f3rio Solar descobre cometa de n\u00famero 2.000"},"content":{"rendered":"<div>\n<h3><span style=\"font-weight: normal; font-size: 13px;\">Entre o Natal e o Ano Novo, uma marca hist\u00f3rica foi  motivo de uma pequena celebra\u00e7\u00e3o por parte de cientistas das ag\u00eancias espaciais  europeia (ESA) e norte-americana (Nasa). No dia 26, o Observat\u00f3rio Solar e  Heliosf\u00e9rico (Soho, na sigla em ingl\u00eas), parceria entre as ag\u00eancias, descobriu  seu<strong><em> cometa<\/em><\/strong> de n\u00famero 2.000.<\/span><\/h3>\n<\/div>\n<div>\n<p>O ve\u00edculo espacial de 610 quilos se tornou o maior descobridor de cometas  gra\u00e7as \u00e0 ajuda de cientistas e astr\u00f4nomos amadores de diversos pa\u00edses, que  analisam os dados obtidos.<\/p>\n<p>O respons\u00e1vel por ter identificado o cometa de n\u00famero 2.000 \u2013 e tamb\u00e9m pelo  1.999\u00ba \u2013 foi Michal Kusiak, estudante de astronomia na Universidade  Jagiellonian, na Pol\u00f4nia. Kusiak \u00e9 um bom exemplo de usu\u00e1rio do Soho, tendo  descoberto mais de cem cometas desde novembro de 2007.<\/p>\n<p>Mais de 70 pessoas de 18 pa\u00edses j\u00e1 ajudaram a encontrar cometas em meio \u00e0s  imagens que o projeto Soho disponibiliza na internet. O curioso \u00e9 que o Soho n\u00e3o  foi projetado para encontrar cometas, mas para estudar e monitorar o Sol.<\/p>\n<p>\u201cDesde seu lan\u00e7amento, em 2 de dezembro de 1995, o Soho foi respons\u00e1vel por  mais do que dobrar o n\u00famero de cometas cujas \u00f3rbitas foram determinadas nos  \u00faltimos 300 anos\u201d, disse Joe Gurman, cientistas respons\u00e1vel pelo projeto do  observat\u00f3rio no Centro de Voo Espacial Godard, da Nasa.<\/p>\n<p>\u201cH\u00e1 muitas pessoas buscando cometas. Eles fazem isso por prazer e de gra\u00e7a,  de forma muito criteriosa. Se n\u00e3o fosse por essas pessoas, grande parte dos  cometas n\u00e3o seria conhecida\u201d, disse Karl Battams, respons\u00e1vel pelo site que a  miss\u00e3o Soho mant\u00e9m para reunir as informa\u00e7\u00f5es dos cometas descobertos.<\/p>\n<p>Battams \u00e9 quem recebe os relat\u00f3rios de cientistas, estudantes e astr\u00f4nomos  amadores que apontam ter localizado pontos nas imagens feitas pelo Soho que  aparentam ter determinados tamanhos e brilhos e estarem se movendo em dire\u00e7\u00e3o ao  Sol \u2013 caracter\u00edsticas dos cometas descobertos pelo observat\u00f3rio espacial.<\/p>\n<p>Caso a descoberta seja confirmada, o cometa recebe um n\u00famero n\u00e3o oficial e a  informa\u00e7\u00e3o \u00e9 enviada ao Centro de Planetas Menores, em Cambridge, nos Estados  Unidos, respons\u00e1vel pela categoriza\u00e7\u00e3o de corpos astron\u00f4micos e de suas  \u00f3rbitas.<\/p>\n<p>Mais informa\u00e7\u00f5es: <a href=\"http:\/\/sohowww.nascom.nasa.gov\/\" target=\"_blank\">http:\/\/sohowww.nascom.nasa.gov<\/a><\/p>\n<p>Ag\u00eancia FAPESP<\/p>\n<\/div>\n","protected":false},"excerpt":{"rendered":"<p>Entre o Natal e o Ano Novo, uma marca hist\u00f3rica foi motivo de uma pequena celebra\u00e7\u00e3o por parte de cientistas das ag\u00eancias espaciais europeia (ESA) e norte-americana (Nasa). No dia 26, o Observat\u00f3rio Solar e Heliosf\u00e9rico (Soho, na sigla em ingl\u00eas), parceria entre as ag\u00eancias, descobriu seu cometa de n\u00famero 2.000. O ve\u00edculo espacial de [&hellip;]<\/p>\n","protected":false},"author":3,"featured_media":0,"comment_status":"open","ping_status":"open","sticky":false,"template":"","format":"standard","meta":{"_genesis_hide_title":false,"_genesis_hide_breadcrumbs":false,"_genesis_hide_singular_image":false,"_genesis_hide_footer_widgets":false,"_genesis_custom_body_class":"","_genesis_custom_post_class":"","_genesis_layout":"","_jetpack_memberships_contains_paid_content":false,"footnotes":""},"categories":[22],"tags":[],"class_list":{"0":"post-33001","1":"post","2":"type-post","3":"status-publish","4":"format-standard","6":"category-brasil","7":"entry","8":"gs-1","9":"gs-odd","10":"gs-even","11":"gs-featured-content-entry"},"jetpack_featured_media_url":"","jetpack_sharing_enabled":true,"jetpack_likes_enabled":true,"_links":{"self":[{"href":"https:\/\/www.redenoticia.com.br\/noticia\/wp-json\/wp\/v2\/posts\/33001","targetHints":{"allow":["GET"]}}],"collection":[{"href":"https:\/\/www.redenoticia.com.br\/noticia\/wp-json\/wp\/v2\/posts"}],"about":[{"href":"https:\/\/www.redenoticia.com.br\/noticia\/wp-json\/wp\/v2\/types\/post"}],"author":[{"embeddable":true,"href":"https:\/\/www.redenoticia.com.br\/noticia\/wp-json\/wp\/v2\/users\/3"}],"replies":[{"embeddable":true,"href":"https:\/\/www.redenoticia.com.br\/noticia\/wp-json\/wp\/v2\/comments?post=33001"}],"version-history":[{"count":0,"href":"https:\/\/www.redenoticia.com.br\/noticia\/wp-json\/wp\/v2\/posts\/33001\/revisions"}],"wp:attachment":[{"href":"https:\/\/www.redenoticia.com.br\/noticia\/wp-json\/wp\/v2\/media?parent=33001"}],"wp:term":[{"taxonomy":"category","embeddable":true,"href":"https:\/\/www.redenoticia.com.br\/noticia\/wp-json\/wp\/v2\/categories?post=33001"},{"taxonomy":"post_tag","embeddable":true,"href":"https:\/\/www.redenoticia.com.br\/noticia\/wp-json\/wp\/v2\/tags?post=33001"}],"curies":[{"name":"wp","href":"https:\/\/api.w.org\/{rel}","templated":true}]}}