{"id":33000,"date":"2010-12-30T14:13:42","date_gmt":"2010-12-30T18:13:42","guid":{"rendered":"http:\/\/www.redenoticia.com.br\/noticia\/?p=33000"},"modified":"2010-12-30T14:13:42","modified_gmt":"2010-12-30T18:13:42","slug":"rio-ganha-laboratorio-de-nanotecnologia","status":"publish","type":"post","link":"https:\/\/www.redenoticia.com.br\/noticia\/2010\/rio-ganha-laboratorio-de-nanotecnologia\/33000","title":{"rendered":"Rio ganha laborat\u00f3rio de nanotecnologia"},"content":{"rendered":"<div>\n<h3><span style=\"font-size: 13px;\"><span style=\"font-weight: normal;\">Ag\u00eancia FAPESP \u2013 as pesquisas em materiais e dispositivos  nanom\u00e9tricos, como os usados em sensores e circuitos eletr\u00f4nicos, acabam de  ganhar um refor\u00e7o no Rio de Janeiro. Foi instalado no Centro Brasileiro de  Pesquisas F\u00edsicas (CBPF\/MCT) o Laborat\u00f3rio Multiusu\u00e1rio de Nanoci\u00eancia e <\/span><em>Nanotecnologia <\/em><span style=\"font-weight: normal;\">(Labnano).<\/span><\/span><\/h3>\n<\/div>\n<div>\n<p>De acordo com o CBPF, o novo laborat\u00f3rio \u00e9 o primeiro da regi\u00e3o concebido e  preparado para atender a demandas em nanotecnologia provenientes de centros de  pesquisa p\u00fablicos e privados e tamb\u00e9m de empresas.<\/p>\n<p>Dever\u00e1 impulsionar as pesquisas na \u00e1rea de materiais nanoestruturados, com  \u00eanfase na produ\u00e7\u00e3o de estruturas em escala nanom\u00e9trica (bilion\u00e9sima parte do  metro), tais como sensores para aplica\u00e7\u00e3o em imageamento t\u00e9rmico e para  diagn\u00f3sticos m\u00e9dicos, entre outras finalidades.<\/p>\n<p>A perspectiva \u00e9 que o Labnano possa apoiar projetos desenvolvidos por grupos  de pesquisa das institui\u00e7\u00f5es parceiras no empreendimento. Entre elas est\u00e3o, al\u00e9m  do CBPF, a Universidade Federal do Rio de Janeiro, a Universidade Estadual do  Rio de Janeiro, a Pontif\u00edcia Universidade Cat\u00f3lica do Rio de Janeiro, a  Universidade Federal Fluminense, o Instituto Militar de Engenharia e a  Universidade Federal do Esp\u00edrito Santo.<\/p>\n<p>O novo laborat\u00f3rio, que dever\u00e1 estar em plena atividade at\u00e9 fevereiro de  2011, tamb\u00e9m poder\u00e1 ser utilizado por grupos de pesquisa de outras regi\u00f5es e  prestar servi\u00e7os para empresas atuantes na \u00e1rea.<\/p>\n<p>Os investimentos para constru\u00e7\u00e3o do Labnano somaram cerca de R$ 7 milh\u00f5es e  financiaram, al\u00e9m da obra, a infraestrutura de nanofabrica\u00e7\u00e3o e caracteriza\u00e7\u00e3o  de amostras, que conta com microsc\u00f3pio eletr\u00f4nico de varredura, sistema de  nanolitografia por feixe de el\u00e9trons e microsc\u00f3pio eletr\u00f4nico de  transmiss\u00e3o.<\/p>\n<p>A equipe de pesquisadores do CBPF estima que o laborat\u00f3rio atender\u00e1 a mais de  cem projetos de pesquisa por ano.<\/p>\n<p>Mais informa\u00e7\u00f5es: <a href=\"http:\/\/portal.cbpf.br\/index.php?page=Noticias.VerNoticia&amp;id=394\" target=\"_blank\">portal.cbpf.br\/index.php?page=Noticias.VerNoticia&amp;id=394<\/a><\/p>\n<\/div>\n","protected":false},"excerpt":{"rendered":"<p>Ag\u00eancia FAPESP \u2013 as pesquisas em materiais e dispositivos nanom\u00e9tricos, como os usados em sensores e circuitos eletr\u00f4nicos, acabam de ganhar um refor\u00e7o no Rio de Janeiro. Foi instalado no Centro Brasileiro de Pesquisas F\u00edsicas (CBPF\/MCT) o Laborat\u00f3rio Multiusu\u00e1rio de Nanoci\u00eancia e Nanotecnologia (Labnano). De acordo com o CBPF, o novo laborat\u00f3rio \u00e9 o primeiro [&hellip;]<\/p>\n","protected":false},"author":3,"featured_media":0,"comment_status":"open","ping_status":"open","sticky":false,"template":"","format":"standard","meta":{"_genesis_hide_title":false,"_genesis_hide_breadcrumbs":false,"_genesis_hide_singular_image":false,"_genesis_hide_footer_widgets":false,"_genesis_custom_body_class":"","_genesis_custom_post_class":"","_genesis_layout":"","_jetpack_memberships_contains_paid_content":false,"footnotes":""},"categories":[22],"tags":[],"class_list":{"0":"post-33000","1":"post","2":"type-post","3":"status-publish","4":"format-standard","6":"category-brasil","7":"entry","8":"gs-1","9":"gs-odd","10":"gs-even","11":"gs-featured-content-entry"},"jetpack_featured_media_url":"","jetpack_sharing_enabled":true,"jetpack_likes_enabled":true,"_links":{"self":[{"href":"https:\/\/www.redenoticia.com.br\/noticia\/wp-json\/wp\/v2\/posts\/33000","targetHints":{"allow":["GET"]}}],"collection":[{"href":"https:\/\/www.redenoticia.com.br\/noticia\/wp-json\/wp\/v2\/posts"}],"about":[{"href":"https:\/\/www.redenoticia.com.br\/noticia\/wp-json\/wp\/v2\/types\/post"}],"author":[{"embeddable":true,"href":"https:\/\/www.redenoticia.com.br\/noticia\/wp-json\/wp\/v2\/users\/3"}],"replies":[{"embeddable":true,"href":"https:\/\/www.redenoticia.com.br\/noticia\/wp-json\/wp\/v2\/comments?post=33000"}],"version-history":[{"count":0,"href":"https:\/\/www.redenoticia.com.br\/noticia\/wp-json\/wp\/v2\/posts\/33000\/revisions"}],"wp:attachment":[{"href":"https:\/\/www.redenoticia.com.br\/noticia\/wp-json\/wp\/v2\/media?parent=33000"}],"wp:term":[{"taxonomy":"category","embeddable":true,"href":"https:\/\/www.redenoticia.com.br\/noticia\/wp-json\/wp\/v2\/categories?post=33000"},{"taxonomy":"post_tag","embeddable":true,"href":"https:\/\/www.redenoticia.com.br\/noticia\/wp-json\/wp\/v2\/tags?post=33000"}],"curies":[{"name":"wp","href":"https:\/\/api.w.org\/{rel}","templated":true}]}}