{"id":32998,"date":"2010-12-30T14:11:11","date_gmt":"2010-12-30T18:11:11","guid":{"rendered":"http:\/\/www.redenoticia.com.br\/noticia\/?p=32998"},"modified":"2010-12-30T14:11:11","modified_gmt":"2010-12-30T18:11:11","slug":"pedra-do-bau-se-torna-monumento-natural","status":"publish","type":"post","link":"https:\/\/www.redenoticia.com.br\/noticia\/2010\/pedra-do-bau-se-torna-monumento-natural\/32998","title":{"rendered":"Pedra do Ba\u00fa se torna monumento natural"},"content":{"rendered":"<div>\n<h3><span style=\"font-size: 13px;\"><span style=\"font-weight: normal;\">Ag\u00eancia FAPESP \u2013 O governador do Estado de S\u00e3o Paulo, Alberto Goldman,  assinou o decreto de cria\u00e7\u00e3o do <\/span><em>Monumento Natural da  Pedra do Ba\u00fa<\/em><span style=\"font-weight: normal;\">, em S\u00e3o Bento do Sapuca\u00ed (SP). <\/span><\/span><span style=\"font-weight: normal; font-size: 13px;\">O processo de tr\u00eas anos consistiu em um suporte especializado, com  justificativa t\u00e9cnica, elabora\u00e7\u00e3o de mapas e consultoria, audi\u00eancia p\u00fablica e a  aprova\u00e7\u00e3o do projeto por parte do Conselho Estadual de Meio Ambiente (Consema)  em 26 de outubro de 2010.<\/span><\/h3>\n<\/div>\n<div>\n<p>A \u00e1rea de 3.154 hectares \u00e9 conservada por meio de uma gest\u00e3o compartilhada  entre a Funda\u00e7\u00e3o para a Conserva\u00e7\u00e3o e a Produ\u00e7\u00e3o Florestal do Estado de S\u00e3o  Paulo (FF), vinculada \u00e0 Secretaria do Meio Ambiente do Estado de S\u00e3o Paulo, e a  Prefeitura Municipal da Est\u00e2ncia Clim\u00e1tica de S\u00e3o Bento do Sapuca\u00ed, por meio de  um conv\u00eanio em opera\u00e7\u00e3o com valor estimado de R$ 300 mil.<\/p>\n<p>De acordo com o secret\u00e1rio estadual do Meio Ambiente, Pedro Ubiratan Escorel  de Azevedo, a cria\u00e7\u00e3o do Monumento Natural Estadual da Pedra do Ba\u00fa, que ser\u00e1  administrada pela FF, tem por objetivo \u201cproteger a biodiversidade, os recursos  h\u00eddricos e a paisagem local.<\/p>\n<p>\u201cO Complexo da Pedra do Ba\u00fa vem despertando o interesse de pessoas ligadas \u00e0  natureza, seja pelo aspecto tur\u00edstico ou pelo aspecto da preserva\u00e7\u00e3o de  mananciais. Al\u00e9m de todas as riquezas naturais que precisamos preservar, o local  \u00e9 privilegiado para a pr\u00e1tica de montanhismo e figura entre os principais pontos  de escalada no Brasil\u201d, disse.<\/p>\n<p>O monumento est\u00e1 situado em duas \u00c1reas de Prote\u00e7\u00e3o Ambiental: a da Serra da  Mantiqueira (federal) e a de S\u00e3o Bento do Sapuca\u00ed (estadual).<\/p>\n<p>Localizada a cerca de 12 quil\u00f4metros da sede do munic\u00edpio de S\u00e3o Bento do  Sapuca\u00ed, a Pedra do Ba\u00fa, chamada pelos primeiros habitantes de Embah\u00fa, que  significa \u201cponto de vigia\u201d em tupi-guarani, recebeu ainda o nome de Canastra \u2013  um grande ba\u00fa de guardar pertences \u2013 dado pelos tropeiros e caboclos da regi\u00e3o.  Este marco na paisagem natural pode ser avistado de diversos munic\u00edpios da  regi\u00e3o.<\/p>\n<p>Protegida por matas nativas, a massa gran\u00edtica mede 340 metros de altura, 540  metros de comprimento, com larguras vari\u00e1veis, e atinge 1.950 metros de  altitude. Foi escalada pela primeira vez pelos sambentistas (naturais de S\u00e3o  Bento do Sapuca\u00ed) e irm\u00e3os Ant\u00f4nio e Jo\u00e3o Cortez. Com equipamentos rudimentares  para a escalada, os aventureiros atingiram o topo em 1940.<\/p>\n<p>Desde ent\u00e3o, o acesso ao cume foi facilitado. Com a instala\u00e7\u00e3o das duas  escadarias de grampos tornou-se desnecess\u00e1rio conhecer t\u00e9cnicas de escalada para  atingir o cume, onde ainda se v\u00ea os vest\u00edgios de um dos primeiros abrigos de  montanha do Brasil, constru\u00eddo na d\u00e9cada de 50 pelos irm\u00e3os Cortez, com a ajuda  do empres\u00e1rio Luiz Dummont Villares e moradores da regi\u00e3o.<\/p>\n<p>Atualmente, o acesso ao Complexo do Ba\u00fa (conjunto de montanhas rochosas  constitu\u00eddas pelo Bauzinho, Pedra do Ba\u00fa e Ana Chata) \u00e9 acess\u00edvel desde as  cidades de S\u00e3o Bento do Sapuca\u00ed e Campos do Jord\u00e3o, por estrada asfaltada que  interliga os dois munic\u00edpios.<\/p>\n<p>O acesso ao estacionamento, localizado junto ao Bauzinho, de onde partem  algumas trilhas de acesso \u00e0s montanhas do Complexo, \u00e9 realizado por estrada n\u00e3o  pavimentada com 6 quil\u00f4metros de extens\u00e3o.<\/p>\n<p>A Pedra do Ba\u00fa constitui um dos locais mais procurados para passeio entre os  turistas frequentadores de ambos os munic\u00edpios.<\/p>\n<p>Para os montanhistas que dominam as t\u00e9cnicas apropriadas, h\u00e1 mais de 30 rotas  para a pr\u00e1tica da escalada em rocha, que colocam o Complexo do Ba\u00fa entre os mais  importantes locais para a pr\u00e1tica deste esporte no Brasil.<\/p>\n<p>Estas vias s\u00e3o dos mais variados graus de dificuldade t\u00e9cnica e variam tamb\u00e9m  no seu tamanho, de 10 a 300 metros.<\/p>\n<p>Mais informa\u00e7\u00f5es: <a href=\"http:\/\/www.ambiente.sp.gov.br\/verNoticia.php?id=1074\" target=\"_blank\">www.ambiente.sp.gov.br\/verNoticia.php?id=1074<\/a><\/p>\n<\/div>\n","protected":false},"excerpt":{"rendered":"<p>Ag\u00eancia FAPESP \u2013 O governador do Estado de S\u00e3o Paulo, Alberto Goldman, assinou o decreto de cria\u00e7\u00e3o do Monumento Natural da Pedra do Ba\u00fa, em S\u00e3o Bento do Sapuca\u00ed (SP). O processo de tr\u00eas anos consistiu em um suporte especializado, com justificativa t\u00e9cnica, elabora\u00e7\u00e3o de mapas e consultoria, audi\u00eancia p\u00fablica e a aprova\u00e7\u00e3o do projeto [&hellip;]<\/p>\n","protected":false},"author":3,"featured_media":0,"comment_status":"open","ping_status":"open","sticky":false,"template":"","format":"standard","meta":{"_genesis_hide_title":false,"_genesis_hide_breadcrumbs":false,"_genesis_hide_singular_image":false,"_genesis_hide_footer_widgets":false,"_genesis_custom_body_class":"","_genesis_custom_post_class":"","_genesis_layout":"","_jetpack_memberships_contains_paid_content":false,"footnotes":""},"categories":[22],"tags":[],"class_list":{"0":"post-32998","1":"post","2":"type-post","3":"status-publish","4":"format-standard","6":"category-brasil","7":"entry","8":"gs-1","9":"gs-odd","10":"gs-even","11":"gs-featured-content-entry"},"jetpack_featured_media_url":"","jetpack_sharing_enabled":true,"jetpack_likes_enabled":true,"_links":{"self":[{"href":"https:\/\/www.redenoticia.com.br\/noticia\/wp-json\/wp\/v2\/posts\/32998","targetHints":{"allow":["GET"]}}],"collection":[{"href":"https:\/\/www.redenoticia.com.br\/noticia\/wp-json\/wp\/v2\/posts"}],"about":[{"href":"https:\/\/www.redenoticia.com.br\/noticia\/wp-json\/wp\/v2\/types\/post"}],"author":[{"embeddable":true,"href":"https:\/\/www.redenoticia.com.br\/noticia\/wp-json\/wp\/v2\/users\/3"}],"replies":[{"embeddable":true,"href":"https:\/\/www.redenoticia.com.br\/noticia\/wp-json\/wp\/v2\/comments?post=32998"}],"version-history":[{"count":0,"href":"https:\/\/www.redenoticia.com.br\/noticia\/wp-json\/wp\/v2\/posts\/32998\/revisions"}],"wp:attachment":[{"href":"https:\/\/www.redenoticia.com.br\/noticia\/wp-json\/wp\/v2\/media?parent=32998"}],"wp:term":[{"taxonomy":"category","embeddable":true,"href":"https:\/\/www.redenoticia.com.br\/noticia\/wp-json\/wp\/v2\/categories?post=32998"},{"taxonomy":"post_tag","embeddable":true,"href":"https:\/\/www.redenoticia.com.br\/noticia\/wp-json\/wp\/v2\/tags?post=32998"}],"curies":[{"name":"wp","href":"https:\/\/api.w.org\/{rel}","templated":true}]}}