{"id":32990,"date":"2010-12-29T16:19:53","date_gmt":"2010-12-29T20:19:53","guid":{"rendered":"http:\/\/www.redenoticia.com.br\/noticia\/?p=32990"},"modified":"2010-12-30T11:22:23","modified_gmt":"2010-12-30T15:22:23","slug":"meteorologia-%e2%80%93-previsao-do-tempo-para-esta-quinta-feira-3012","status":"publish","type":"post","link":"https:\/\/www.redenoticia.com.br\/noticia\/2010\/meteorologia-%e2%80%93-previsao-do-tempo-para-esta-quinta-feira-3012\/32990","title":{"rendered":"Meteorologia \u2013 previs\u00e3o do tempo para esta quinta-feira 30\/12"},"content":{"rendered":"<p><img loading=\"lazy\" decoding=\"async\" class=\"alignleft size-full wp-image-28409\" title=\"previsao do tempo e temperatura\" src=\"https:\/\/www.redenoticia.com.br\/noticia\/imagens\/previsao-do-tempo-e-temperatura.jpg\" alt=\"\" width=\"300\" height=\"193\" srcset=\"https:\/\/www.redenoticia.com.br\/noticia\/imagens\/previsao-do-tempo-e-temperatura.jpg 300w, https:\/\/www.redenoticia.com.br\/noticia\/imagens\/previsao-do-tempo-e-temperatura-250x160.jpg 250w, https:\/\/www.redenoticia.com.br\/noticia\/imagens\/previsao-do-tempo-e-temperatura-150x96.jpg 150w\" sizes=\"auto, (max-width: 300px) 100vw, 300px\" \/>Previs\u00e3o do tempo\u00a0\u2013 a\u00a0<strong><em>meteorologia<\/em><\/strong> divulgou a <strong><em>previs\u00e3o<\/em><\/strong> <strong><em>do<\/em><\/strong> <strong><em>tempo<\/em><\/strong> e\u00a0<strong><em>temperatura<\/em><\/strong> para esta quinta-feira (30\/12) e informa que a Zona de Converg\u00eancia do Atl\u00e2ntico Sul permanecer\u00e1 atuando pelo interior do pa\u00eds e deixando o dia com muitas nuvens e pancadas de chuva na faixa que se estende entre o Sudeste e o sul da regi\u00e3o amaz\u00f4nica. Segundo a previs\u00e3o do tempo em algumas localidades, poder\u00e1 haver acumulados significativos. O sol predominar\u00e1 em grande parte da Regi\u00e3o Sul, mas a tarde haver\u00e1 pancadas de chuva no oeste de SC e PR. Dados da previs\u00e3o do tempo indicam que haver\u00e1 sol tamb\u00e9m na por\u00e7\u00e3o leste do Nordeste. Na faixa litor\u00e2nea que vai do PR ao sul do RJ, os ventos que vem do oceano poder\u00e3o provocar chuvas fracas e isoladas. A previs\u00e3o do tempo destaca que nas outras \u00e1reas do pa\u00eds, haver\u00e1 sol e pancadas de chuva. As temperaturas estar\u00e3o est\u00e1veis.<\/p>\n<p>Vale do Para\u00edba \u2013 previs\u00e3o do tempo em na quinta (30\/12) o sol aparecer\u00e1 de maneira mais significativa, e a chance de chuva se restringe ao litoral norte. A temperatura ter\u00e1 uma ligeira eleva\u00e7\u00e3o.<\/p>\n<p>Regi\u00e3o Centro-Oeste \u2013 previs\u00e3o do tempo em\u00a030\/12\/2010:\u00a0No leste de MT e no norte de GO e no DF: nublado com chuva a qualquer hora. No centro-sul de MS: sol com varia\u00e7\u00e3o de nuvens e pancadas de chuva \u00e0 tarde. No leste de MS: sol e nebulosidade vari\u00e1vel. No noroeste de MS e nas demais \u00e1reas da Regi\u00e3o: dia nublado com pancadas de chuva, localmente forte. Nas demais \u00e1reas da Regi\u00e3o: sol entre nebulosidade vari\u00e1vel com fortes pancadas de chuva. Temperaturas est\u00e1veis. Temperatura m\u00e1xima: 34C no oeste de MS. Temperatura m\u00ednima: 20C no DF.<\/p>\n<p>Regi\u00e3o Nordeste \u2013 previs\u00e3o do tempo em\u00a030\/12\/2010:\u00a0No sul e no oeste da BA: nublado com fortes pancadas de chuva. No norte do MA: sol entre poucas nuvens e com possibilidade de pancadas de chuva \u00e0 tarde. Nas demais \u00e1reas do MA e da BA e no PI: sol entre poucas nuvens e com pancadas de chuva a qualquer hora. Nas demais \u00e1reas da Regi\u00e3o: sol entre poucas nuvens. Temperaturas elevadas no norte da Regi\u00e3o. Temperatura m\u00e1xima: 37C no norte do MA. Temperatura m\u00ednima: 18C no interior da BA.<\/p>\n<p>Regi\u00e3o Norte \u2013 previs\u00e3o do tempo em\u00a030\/12\/2010:\u00a0No AC, no AP, no sul do AM e do PA: nublado com fortes pancadas de chuva a qualquer hora. No norte do AM e em RR: sol com nebulosidade vari\u00e1vel. Nas demais \u00e1reas da Regi\u00e3o: sol entre nebulosidade vari\u00e1vel e pancadas de chuva isoladas. Temperaturas est\u00e1veis. Temperatura m\u00e1xima: 37C no nordeste do PA. Temperatura m\u00ednima: 18C no sudeste do TO.<\/p>\n<p>Regi\u00e3o Sudeste \u2013 previs\u00e3o do tempo em\u00a030\/12\/2010:\u00a0No leste e norte de SP e no centro-sul do RJ: sol com varia\u00e7\u00e3o de nuvens. No litoral de SP e do RJ: varia\u00e7\u00e3o de nuvens e possibilidade de chuva. No litoral centro-sul do RJ: tempo inst\u00e1vel com poucas aberturas de sol e chuva a qualquer hora. No sul de MG: sol entre poucas nuvens e com possibilidade de pancadas de chuva. No noroeste e sudeste de MG e nas demais \u00e1reas do RJ: nublado com chuva a qualquer hora. No Tri\u00e2ngulo Mineiro: sol entre poucas nuvens e com pancadas de chuva isolada. Nas demais \u00e1reas de SP: predom\u00ednio de sol. Nas demais \u00e1reas da Regi\u00e3o: nublado com fortes pancadas de chuva. Temperaturas est\u00e1veis. Temperatura m\u00e1xima: 30C no oeste de SP. Temperatura m\u00ednima: 14C na Serra da Mantiqueira.<\/p>\n<p>Regi\u00e3o Sul \u2013 previs\u00e3o do tempo em\u00a030\/12\/2010:\u00a0No leste do PR: nublado com possibilidade de chuva. No leste de SC e no extremo nordeste do RS: sol com varia\u00e7\u00e3o de nuvens. No noroeste do RS, no extremo oeste de SC e no oeste do PR: sol entre nebulosidade vari\u00e1vel e com pancadas de chuva \u00e0 tarde. Poder\u00e1 chover forte em alguns pontos. Nas demais \u00e1reas da Regi\u00e3o: predom\u00ednio de sol. Temperaturas elevadas no oeste da Regi\u00e3o. Temperatura m\u00e1xima: 34C no oeste do RS. Temperatura m\u00ednima: 10C nas \u00e1reas de serra.<\/p>\n<p>Previs\u00e3o do tempo e temperatura CPTEC<\/p>\n","protected":false},"excerpt":{"rendered":"<p>Previs\u00e3o do tempo\u00a0\u2013 a\u00a0meteorologia divulgou a previs\u00e3o do tempo e\u00a0temperatura para esta quinta-feira (30\/12) e informa que a Zona de Converg\u00eancia do Atl\u00e2ntico Sul permanecer\u00e1 atuando pelo interior do pa\u00eds e deixando o dia com muitas nuvens e pancadas de chuva na faixa que se estende entre o Sudeste e o sul da regi\u00e3o amaz\u00f4nica. [&hellip;]<\/p>\n","protected":false},"author":3,"featured_media":28409,"comment_status":"open","ping_status":"open","sticky":false,"template":"","format":"standard","meta":{"_genesis_hide_title":false,"_genesis_hide_breadcrumbs":false,"_genesis_hide_singular_image":false,"_genesis_hide_footer_widgets":false,"_genesis_custom_body_class":"","_genesis_custom_post_class":"","_genesis_layout":"","_jetpack_memberships_contains_paid_content":false,"footnotes":""},"categories":[22],"tags":[],"class_list":{"0":"post-32990","1":"post","2":"type-post","3":"status-publish","4":"format-standard","5":"has-post-thumbnail","7":"category-brasil","8":"entry","9":"gs-1","10":"gs-odd","11":"gs-even","12":"gs-featured-content-entry"},"jetpack_featured_media_url":"https:\/\/www.redenoticia.com.br\/noticia\/imagens\/previsao-do-tempo-e-temperatura.jpg","jetpack_sharing_enabled":true,"jetpack_likes_enabled":true,"_links":{"self":[{"href":"https:\/\/www.redenoticia.com.br\/noticia\/wp-json\/wp\/v2\/posts\/32990","targetHints":{"allow":["GET"]}}],"collection":[{"href":"https:\/\/www.redenoticia.com.br\/noticia\/wp-json\/wp\/v2\/posts"}],"about":[{"href":"https:\/\/www.redenoticia.com.br\/noticia\/wp-json\/wp\/v2\/types\/post"}],"author":[{"embeddable":true,"href":"https:\/\/www.redenoticia.com.br\/noticia\/wp-json\/wp\/v2\/users\/3"}],"replies":[{"embeddable":true,"href":"https:\/\/www.redenoticia.com.br\/noticia\/wp-json\/wp\/v2\/comments?post=32990"}],"version-history":[{"count":0,"href":"https:\/\/www.redenoticia.com.br\/noticia\/wp-json\/wp\/v2\/posts\/32990\/revisions"}],"wp:featuredmedia":[{"embeddable":true,"href":"https:\/\/www.redenoticia.com.br\/noticia\/wp-json\/wp\/v2\/media\/28409"}],"wp:attachment":[{"href":"https:\/\/www.redenoticia.com.br\/noticia\/wp-json\/wp\/v2\/media?parent=32990"}],"wp:term":[{"taxonomy":"category","embeddable":true,"href":"https:\/\/www.redenoticia.com.br\/noticia\/wp-json\/wp\/v2\/categories?post=32990"},{"taxonomy":"post_tag","embeddable":true,"href":"https:\/\/www.redenoticia.com.br\/noticia\/wp-json\/wp\/v2\/tags?post=32990"}],"curies":[{"name":"wp","href":"https:\/\/api.w.org\/{rel}","templated":true}]}}