{"id":32982,"date":"2010-12-29T12:44:47","date_gmt":"2010-12-29T16:44:47","guid":{"rendered":"http:\/\/www.redenoticia.com.br\/noticia\/?p=32982"},"modified":"2010-12-29T12:44:47","modified_gmt":"2010-12-29T16:44:47","slug":"alunos-da-rede-estadual-sp-contarao-com-mais-dois-cels","status":"publish","type":"post","link":"https:\/\/www.redenoticia.com.br\/noticia\/2010\/alunos-da-rede-estadual-sp-contarao-com-mais-dois-cels\/32982","title":{"rendered":"Alunos da rede estadual SP contar\u00e3o com mais dois CELs"},"content":{"rendered":"<h2><span style=\"font-weight: normal; font-size: 13px;\">A partir de 2011, os <\/span><span style=\"font-size: 13px;\"><em>alunos da rede estadual de  ensino contar\u00e3o com mais dois Centros de Estudos de L\u00ednguas (CELs<\/em><\/span><span style=\"font-weight: normal; font-size: 13px;\">), que ser\u00e3o  implantados nas cidades de Hortol\u00e2ndia e Piedade. Com as novas unidades, a  Secretaria da Educa\u00e7\u00e3o chega \u00e0 marca de 101 CELs implantados em todo o Estado. O  programa oferece cursos gratuitos de espanhol, italiano, franc\u00eas, alem\u00e3o e  japon\u00eas, voltados a estudantes a partir do 7\u00ba ano do Ensino Fundamental, do  ensino regular ou supletivo, e ingl\u00eas, somente aos estudantes do Ensino  M\u00e9dio.<\/span><\/h2>\n<p>&#8220;O CEL oferece ao estudante da rede estadual a  oportunidade de aprender gratuitamente um novo idioma, o que aumenta suas  chances de inser\u00e7\u00e3o no mercado de trabalho, al\u00e9m de ampliar seu acesso a outras  culturas&#8221;, afirma o secret\u00e1rio da Educa\u00e7\u00e3o, Paulo Renato Souza.<\/p>\n<p>O CEL de  Hortol\u00e2ndia ser\u00e1 implantado na Escola E. Prof\u00aa Hedy Madalena Bocchi e em  princ\u00edpio oferecer\u00e1 cursos de ingl\u00eas e espanhol. Os interessados podem se  inscrever na pr\u00f3pria escola at\u00e9 janeiro de 2011. Ser\u00e3o abertas dez turmas de  espanhol e seis de ingl\u00eas, com cerca de 30 alunos cada, havendo a possibilidade  de aumentar o n\u00famero de turmas de acordo com a demanda e a capacidade da  escola.<\/p>\n<p>J\u00e1 o CEL de Piedade ser\u00e1 implantado na Escola Estadual Prof\u00ba  Carlos Augusto de Camargo e em princ\u00edpio oferecer\u00e1 os cursos de ingl\u00eas,  espanhol, japon\u00eas e alem\u00e3o. Cerca de mil estudantes j\u00e1 se inscreveram. Os demais  podem efetuar sua inscri\u00e7\u00e3o na pr\u00f3pria escola at\u00e9 janeiro de 2011.<\/p>\n<p>A  rela\u00e7\u00e3o com todos os CELs e seus respectivos endere\u00e7os e contatos est\u00e1 <a href=\"http:\/\/cenp.edunet.sp.gov.br\/CEL\/Default.asp\" target=\"_blank\">dispon\u00edvel no site<\/a>.<\/p>\n<p>Sobre os CELs<\/p>\n<p>Atualmente, a secretaria mant\u00e9m  101 CELs em todo Estado, sendo 20 no munic\u00edpio de S\u00e3o Paulo, 17 na Regi\u00e3o  Metropolitana e 64 em cidades do litoral e interior. No total, s\u00e3o atendidos  gratuitamente cerca de 60 mil alunos da rede estadual em cursos de espanhol,  italiano, franc\u00eas, alem\u00e3o, japon\u00eas e ingl\u00eas (inserido na grade dos CELs neste  ano). Com exce\u00e7\u00e3o do curso de ingl\u00eas, que tem dura\u00e7\u00e3o de um ano (divido em dois  semestres com 120 horas de aula), os demais cursos t\u00eam dura\u00e7\u00e3o de tr\u00eas anos,  divididos em seis semestres, totalizando um total de  480h\/aula.<\/p>\n<p>Da Secretaria da Educa\u00e7\u00e3o<\/p>\n","protected":false},"excerpt":{"rendered":"<p>A partir de 2011, os alunos da rede estadual de ensino contar\u00e3o com mais dois Centros de Estudos de L\u00ednguas (CELs), que ser\u00e3o implantados nas cidades de Hortol\u00e2ndia e Piedade. Com as novas unidades, a Secretaria da Educa\u00e7\u00e3o chega \u00e0 marca de 101 CELs implantados em todo o Estado. O programa oferece cursos gratuitos de [&hellip;]<\/p>\n","protected":false},"author":3,"featured_media":0,"comment_status":"open","ping_status":"open","sticky":false,"template":"","format":"standard","meta":{"_genesis_hide_title":false,"_genesis_hide_breadcrumbs":false,"_genesis_hide_singular_image":false,"_genesis_hide_footer_widgets":false,"_genesis_custom_body_class":"","_genesis_custom_post_class":"","_genesis_layout":"","_jetpack_memberships_contains_paid_content":false,"footnotes":""},"categories":[22],"tags":[],"class_list":{"0":"post-32982","1":"post","2":"type-post","3":"status-publish","4":"format-standard","6":"category-brasil","7":"entry","8":"gs-1","9":"gs-odd","10":"gs-even","11":"gs-featured-content-entry"},"jetpack_featured_media_url":"","jetpack_sharing_enabled":true,"jetpack_likes_enabled":true,"_links":{"self":[{"href":"https:\/\/www.redenoticia.com.br\/noticia\/wp-json\/wp\/v2\/posts\/32982","targetHints":{"allow":["GET"]}}],"collection":[{"href":"https:\/\/www.redenoticia.com.br\/noticia\/wp-json\/wp\/v2\/posts"}],"about":[{"href":"https:\/\/www.redenoticia.com.br\/noticia\/wp-json\/wp\/v2\/types\/post"}],"author":[{"embeddable":true,"href":"https:\/\/www.redenoticia.com.br\/noticia\/wp-json\/wp\/v2\/users\/3"}],"replies":[{"embeddable":true,"href":"https:\/\/www.redenoticia.com.br\/noticia\/wp-json\/wp\/v2\/comments?post=32982"}],"version-history":[{"count":0,"href":"https:\/\/www.redenoticia.com.br\/noticia\/wp-json\/wp\/v2\/posts\/32982\/revisions"}],"wp:attachment":[{"href":"https:\/\/www.redenoticia.com.br\/noticia\/wp-json\/wp\/v2\/media?parent=32982"}],"wp:term":[{"taxonomy":"category","embeddable":true,"href":"https:\/\/www.redenoticia.com.br\/noticia\/wp-json\/wp\/v2\/categories?post=32982"},{"taxonomy":"post_tag","embeddable":true,"href":"https:\/\/www.redenoticia.com.br\/noticia\/wp-json\/wp\/v2\/tags?post=32982"}],"curies":[{"name":"wp","href":"https:\/\/api.w.org\/{rel}","templated":true}]}}