{"id":32980,"date":"2010-12-29T12:35:42","date_gmt":"2010-12-29T16:35:42","guid":{"rendered":"http:\/\/www.redenoticia.com.br\/noticia\/?p=32980"},"modified":"2010-12-29T17:03:32","modified_gmt":"2010-12-29T21:03:32","slug":"globcover-nova-versao-do-mapa-da-superficie-terrestre","status":"publish","type":"post","link":"https:\/\/www.redenoticia.com.br\/noticia\/2010\/globcover-nova-versao-do-mapa-da-superficie-terrestre\/32980","title":{"rendered":"GlobCover &#8211; nova vers\u00e3o do mapa da superf\u00edcie terrestre"},"content":{"rendered":"<div>\n<h3><span style=\"font-size: 13px;\"><span style=\"font-weight: normal;\">Ag\u00eancia FAPESP \u2013 A Ag\u00eancia Espacial Europeia (ESA) divulgou no dia 21  a nova vers\u00e3o de seu mapa da superf\u00edcie terrestre. O <\/span><em>GlobCover 2009<\/em><span style=\"font-weight: normal;\"> atualiza o  mapa anterior, de 2005, por meio da an\u00e1lise de dados obtidos pelo espectr\u00f4metro  com resolu\u00e7\u00e3o de 300 metros a bordo do sat\u00e9lite Envisat.<\/span><\/span><\/h3>\n<\/div>\n<div>\n<p>O trabalho foi feito por pesquisadores da ESA e da Universidade Cat\u00f3lica de  Louvain, na B\u00e9lgica. Para fazer o novo mapa global de cobertura territorial, foi  usado um novo software, desenvolvido pelas empresas Medias France e Brockmann  Consult.<\/p>\n<p>Foram processados dados colhidos pelo Envisat de 1\u00b0 de janeiro a 31 de  dezembro de 2009. As legendas do mapa adotam o Sistema de Classifica\u00e7\u00e3o de  Cobertura Territorial da Organiza\u00e7\u00e3o das Na\u00e7\u00f5es Unidas para Agricultura e  Alimenta\u00e7\u00e3o (FAO, na sigla em ingl\u00eas).<\/p>\n<p>Segundo a ESA, o GlobCover 2009 \u00e9 o mapa de cobertura territorial com a  melhor resolu\u00e7\u00e3o j\u00e1 conseguida. A ag\u00eancia destaca que o GlobCover, que foi  baixado mais de 8 mil vezes em sua vers\u00e3o de 2005, auxilia em diversos tipos de  pesquisa, como sobre os efeitos das mudan\u00e7as clim\u00e1ticas, da conserva\u00e7\u00e3o da  biodiversidade e do uso de recursos naturais em todo o planeta.<\/p>\n<\/div>\n","protected":false},"excerpt":{"rendered":"<p>Ag\u00eancia FAPESP \u2013 A Ag\u00eancia Espacial Europeia (ESA) divulgou no dia 21 a nova vers\u00e3o de seu mapa da superf\u00edcie terrestre. O GlobCover 2009 atualiza o mapa anterior, de 2005, por meio da an\u00e1lise de dados obtidos pelo espectr\u00f4metro com resolu\u00e7\u00e3o de 300 metros a bordo do sat\u00e9lite Envisat. O trabalho foi feito por pesquisadores [&hellip;]<\/p>\n","protected":false},"author":3,"featured_media":0,"comment_status":"open","ping_status":"open","sticky":false,"template":"","format":"standard","meta":{"_genesis_hide_title":false,"_genesis_hide_breadcrumbs":false,"_genesis_hide_singular_image":false,"_genesis_hide_footer_widgets":false,"_genesis_custom_body_class":"","_genesis_custom_post_class":"","_genesis_layout":"","_jetpack_memberships_contains_paid_content":false,"footnotes":""},"categories":[22],"tags":[],"class_list":{"0":"post-32980","1":"post","2":"type-post","3":"status-publish","4":"format-standard","6":"category-brasil","7":"entry","8":"gs-1","9":"gs-odd","10":"gs-even","11":"gs-featured-content-entry"},"jetpack_featured_media_url":"","jetpack_sharing_enabled":true,"jetpack_likes_enabled":true,"_links":{"self":[{"href":"https:\/\/www.redenoticia.com.br\/noticia\/wp-json\/wp\/v2\/posts\/32980","targetHints":{"allow":["GET"]}}],"collection":[{"href":"https:\/\/www.redenoticia.com.br\/noticia\/wp-json\/wp\/v2\/posts"}],"about":[{"href":"https:\/\/www.redenoticia.com.br\/noticia\/wp-json\/wp\/v2\/types\/post"}],"author":[{"embeddable":true,"href":"https:\/\/www.redenoticia.com.br\/noticia\/wp-json\/wp\/v2\/users\/3"}],"replies":[{"embeddable":true,"href":"https:\/\/www.redenoticia.com.br\/noticia\/wp-json\/wp\/v2\/comments?post=32980"}],"version-history":[{"count":0,"href":"https:\/\/www.redenoticia.com.br\/noticia\/wp-json\/wp\/v2\/posts\/32980\/revisions"}],"wp:attachment":[{"href":"https:\/\/www.redenoticia.com.br\/noticia\/wp-json\/wp\/v2\/media?parent=32980"}],"wp:term":[{"taxonomy":"category","embeddable":true,"href":"https:\/\/www.redenoticia.com.br\/noticia\/wp-json\/wp\/v2\/categories?post=32980"},{"taxonomy":"post_tag","embeddable":true,"href":"https:\/\/www.redenoticia.com.br\/noticia\/wp-json\/wp\/v2\/tags?post=32980"}],"curies":[{"name":"wp","href":"https:\/\/api.w.org\/{rel}","templated":true}]}}