{"id":32979,"date":"2010-12-29T12:31:00","date_gmt":"2010-12-29T16:31:00","guid":{"rendered":"http:\/\/www.redenoticia.com.br\/noticia\/?p=32979"},"modified":"2010-12-29T12:31:00","modified_gmt":"2010-12-29T16:31:00","slug":"usp-amplia-rede-de-parceria-global","status":"publish","type":"post","link":"https:\/\/www.redenoticia.com.br\/noticia\/2010\/usp-amplia-rede-de-parceria-global\/32979","title":{"rendered":"USP amplia rede de parceria global"},"content":{"rendered":"<div>\n<h3><span style=\"font-size: 13px; font-weight: normal;\">Ag\u00eancia FAPESP <\/span><span style=\"font-weight: normal; font-size: 13px;\">\u2013 A Universidade de S\u00e3o Paulo (<\/span><span style=\"font-size: 13px;\"><em>USP<\/em><\/span><span style=\"font-weight: normal; font-size: 13px;\">) assinou este m\u00eas um  acordo para o estabelecimento de uma <\/span><span style=\"font-size: 13px;\"><em>Rede de Parceria Global<\/em><\/span><span style=\"font-weight: normal; font-size: 13px;\"> com a Universidade  de Surrey (Reino Unido), a Universidade do Estado da Carolina do Norte (Estados  Unidos) e a Universidade Nacional de Seoul (Coreia do Sul).<\/span><\/h3>\n<\/div>\n<div>\n<p>Segundo a USP, os objetivos s\u00e3o intensificar a coopera\u00e7\u00e3o acad\u00eamica entre as  universidades participantes da rede, fomentar a colabora\u00e7\u00e3o multilateral nas  \u00e1reas de pesquisa e no desenvolvimento de projetos e realizar interc\u00e2mbio de  docentes e estudantes, entre outros. A vig\u00eancia \u00e9 de cinco anos, com previs\u00e3o de  prorroga\u00e7\u00e3o por igual per\u00edodo.<\/p>\n<p>A Rede de Parceria Global \u00e9 baseada na ideia de coopera\u00e7\u00e3o multilateral e de  reciprocidade. Cada institui\u00e7\u00e3o administrar\u00e1 seus pr\u00f3prios custos e procurar\u00e1  compartilhar os benef\u00edcios obtidos pela parceria.<\/p>\n<p>As universidades pretendem apoiar programas conjuntos de pesquisa e projetos  de excel\u00eancia e promover o interc\u00e2mbio dos seus membros em diversas \u00e1reas de  pesquisa, como sa\u00fade cardiovascular, sa\u00fade p\u00fablica, bioci\u00eancias, materiais,  qu\u00edmica, ci\u00eancias sociais, ci\u00eancia pol\u00edtica, sociologia, envelhecimento e  sustentabilidade.<\/p>\n<p>\u201cA forma\u00e7\u00e3o do cons\u00f3rcio entre essas quatro importantes universidades de  continentes diferentes \u00e9 fundamental para fortalecer o interc\u00e2mbio e favorecer a  mobilidade\u201d, disse Adnei Melges de Andrade, vice-reitor Executivo de Rela\u00e7\u00f5es  Internacionais da USP.<\/p>\n<p>\u201cO mundo do ensino superior est\u00e1 povoado por grandes cons\u00f3rcios e a ideia  dessa parceria \u00e9 formar algo mais compacto e com \u00eanfase nas atividades, mas  tamb\u00e9m mais global\u201d, explicou o professor Colin Grant, que exerce fun\u00e7\u00e3o  equivalente \u00e0 de pr\u00f3-reitor de Rela\u00e7\u00f5es Internacionais na University of  Surrey.<\/p>\n<p>As quatro universidades planejam a realiza\u00e7\u00e3o de um evento em conjunto em  formato de col\u00f3quio, em setembro de 2011, na USP, para promover um di\u00e1logo  multidisciplinar com a participa\u00e7\u00e3o de quatro ou cinco membros de cada  institui\u00e7\u00e3o. Uma delega\u00e7\u00e3o do Reino Unido visitar\u00e1 a USP em mar\u00e7o como  prepara\u00e7\u00e3o para o evento.<\/p>\n<p>A FAPESP e a Universidade de Surrey est\u00e3o com chamada de propostas para  interc\u00e2mbio de pesquisadores aberta at\u00e9 o dia 15 de fevereiro de 2011. Podem  participar pesquisadores vinculados a institui\u00e7\u00f5es de ensino superior ou  pesquisa no Estado de S\u00e3o Paulo, respons\u00e1veis por Aux\u00edlios \u00e0 Pesquisa vigentes  apoiados pela FAPESP, nas modalidades Aux\u00edlio \u00e0 Pesquisa \u2013 Regular, Aux\u00edlio \u00e0  Pesquisa \u2013 Projeto Tem\u00e1tico ou nos programas Apoio a Jovens Pesquisadores em  Centros Emergentes (JP) e Centros de Pesquisa Inova\u00e7\u00e3o e Difus\u00e3o (Cepid).<\/p>\n<p>A chamada est\u00e1 aberta a todas as \u00e1reas do conhecimento. O per\u00edodo de  atividade do interc\u00e2mbio, de at\u00e9 24 meses, deve estar contido na dura\u00e7\u00e3o do  projeto apoiado pela FAPESP. Mais informa\u00e7\u00f5es sobre a chamada: <a href=\"http:\/\/www.fapesp.br\/acordos\/surrey\" target=\"_blank\">www.fapesp.br\/acordos\/surrey<\/a>.<\/p>\n<\/div>\n","protected":false},"excerpt":{"rendered":"<p>Ag\u00eancia FAPESP \u2013 A Universidade de S\u00e3o Paulo (USP) assinou este m\u00eas um acordo para o estabelecimento de uma Rede de Parceria Global com a Universidade de Surrey (Reino Unido), a Universidade do Estado da Carolina do Norte (Estados Unidos) e a Universidade Nacional de Seoul (Coreia do Sul). Segundo a USP, os objetivos s\u00e3o [&hellip;]<\/p>\n","protected":false},"author":3,"featured_media":0,"comment_status":"open","ping_status":"open","sticky":false,"template":"","format":"standard","meta":{"_genesis_hide_title":false,"_genesis_hide_breadcrumbs":false,"_genesis_hide_singular_image":false,"_genesis_hide_footer_widgets":false,"_genesis_custom_body_class":"","_genesis_custom_post_class":"","_genesis_layout":"","_jetpack_memberships_contains_paid_content":false,"footnotes":""},"categories":[22],"tags":[],"class_list":{"0":"post-32979","1":"post","2":"type-post","3":"status-publish","4":"format-standard","6":"category-brasil","7":"entry","8":"gs-1","9":"gs-odd","10":"gs-even","11":"gs-featured-content-entry"},"jetpack_featured_media_url":"","jetpack_sharing_enabled":true,"jetpack_likes_enabled":true,"_links":{"self":[{"href":"https:\/\/www.redenoticia.com.br\/noticia\/wp-json\/wp\/v2\/posts\/32979","targetHints":{"allow":["GET"]}}],"collection":[{"href":"https:\/\/www.redenoticia.com.br\/noticia\/wp-json\/wp\/v2\/posts"}],"about":[{"href":"https:\/\/www.redenoticia.com.br\/noticia\/wp-json\/wp\/v2\/types\/post"}],"author":[{"embeddable":true,"href":"https:\/\/www.redenoticia.com.br\/noticia\/wp-json\/wp\/v2\/users\/3"}],"replies":[{"embeddable":true,"href":"https:\/\/www.redenoticia.com.br\/noticia\/wp-json\/wp\/v2\/comments?post=32979"}],"version-history":[{"count":0,"href":"https:\/\/www.redenoticia.com.br\/noticia\/wp-json\/wp\/v2\/posts\/32979\/revisions"}],"wp:attachment":[{"href":"https:\/\/www.redenoticia.com.br\/noticia\/wp-json\/wp\/v2\/media?parent=32979"}],"wp:term":[{"taxonomy":"category","embeddable":true,"href":"https:\/\/www.redenoticia.com.br\/noticia\/wp-json\/wp\/v2\/categories?post=32979"},{"taxonomy":"post_tag","embeddable":true,"href":"https:\/\/www.redenoticia.com.br\/noticia\/wp-json\/wp\/v2\/tags?post=32979"}],"curies":[{"name":"wp","href":"https:\/\/api.w.org\/{rel}","templated":true}]}}