{"id":32972,"date":"2010-12-28T14:39:55","date_gmt":"2010-12-28T18:39:55","guid":{"rendered":"http:\/\/www.redenoticia.com.br\/noticia\/?p=32972"},"modified":"2010-12-28T14:39:55","modified_gmt":"2010-12-28T18:39:55","slug":"86%c2%aa-sao-silvestre-tem-atletas-de-todos-os-estados-brasileiros","status":"publish","type":"post","link":"https:\/\/www.redenoticia.com.br\/noticia\/2010\/86%c2%aa-sao-silvestre-tem-atletas-de-todos-os-estados-brasileiros\/32972","title":{"rendered":"86\u00aa S\u00e3o Silvestre tem atletas de todos os estados brasileiros"},"content":{"rendered":"<p>A 86\u00aa <strong><em>S\u00e3o Silvestre<\/em><\/strong> ter\u00e1 participantes dos 26 estados brasileiros e do Distrito Federal, a exemplo do que ocorreu na edi\u00e7\u00e3o passada. A principal corrida da Am\u00e9rica Latina ser\u00e1 realizada no pr\u00f3ximo dia 31, em S\u00e3o Paulo, e contar\u00e1 ainda com competidores de mais 8 pa\u00edses, entre 28 corredores de Elite convidados pela organiza\u00e7\u00e3o.<\/p>\n<p>O estado sede do evento ter\u00e1 15.920 participantes, totalizando 75,81% dos 21 mil inscritos. Minas Gerais assumiu a segunda posi\u00e7\u00e3o, com 905 corredores ( 4,31% do total), em rela\u00e7\u00e3o ao ano passado, ultrapassando o Rio de Janeiro, que aparece em terceiro com 888 atletas (4,23%), seguido do Paran\u00e1 com 540 (2,57%) e Distrito Federal com 416 (1,98%). A menor participa\u00e7\u00e3o \u00e9 do Acre, com 9 representantes.<\/p>\n<p>A Elite masculina e feminina da 86\u00aa S\u00e3o Silvestre ter\u00e1 142 atletas. Os 114 brasileiros foram indicados pelo ranking e \u00edndice t\u00e9cnico da Confedera\u00e7\u00e3o Brasileira de Atletismo, que tamb\u00e9m convidou 11 representantes da Am\u00e9rica do Sul &#8211; Col\u00f4mbia, Uruguai, Chile e Equador. Os 17 africanos do Qu\u00eania, Tanz\u00e2nia, Eti\u00f3pia e Marrocos, s\u00e3o os favoritos ao t\u00edtulo.<\/p>\n<p>&#8220;Estes dados s\u00e3o importantes para mensurarmos a import\u00e2ncia da prova. Teremos atletas de todas as partes do Brasil e de pa\u00edses com tradi\u00e7\u00e3o na corrida de rua prestigiando a S\u00e3o Silvestre&#8221;, comemorou Kassabian, diretor de opera\u00e7\u00f5es da prova.<\/p>\n<p>Lista de participantes por estados<br \/>\nSP &#8211; 15.920 &#8211; 75,81%<br \/>\nMG &#8211; 905 &#8211; 4,31%<br \/>\nRJ &#8211; 888 &#8211; 4,23%<br \/>\nPR &#8211; 540 &#8211; 2,57%<br \/>\nDF &#8211; 416 &#8211; 1,98%<br \/>\nSC &#8211; 361 &#8211; 1,72%<br \/>\nPE &#8211; 250 &#8211; 1,19%<br \/>\nBA &#8211; 216 &#8211; 1,03%<br \/>\nCE &#8211; 202 &#8211; 0,96%<br \/>\nRS &#8211; 193 &#8211; 0,92%<br \/>\nES &#8211; 148 &#8211; 0,70%<br \/>\nGO &#8211; 128 &#8211; 0,61%<br \/>\nTO &#8211; 107 &#8211; 0,51%<br \/>\nSE &#8211; 97 &#8211; 0,46%<br \/>\nMS &#8211; 88 &#8211; 0,42%<br \/>\nMA &#8211; 82 &#8211; 0,39%<br \/>\nPA &#8211; 76 &#8211; 0,36%<br \/>\nAM &#8211; 67 &#8211; 0,32%<br \/>\nRN &#8211; 61 &#8211; 0,29%<br \/>\nMT &#8211; 59 &#8211; 0,28%<br \/>\nAL &#8211; 55 &#8211; 0,26%<br \/>\nPB &#8211; 42 &#8211; 0,21%<br \/>\nRO &#8211; 34 &#8211; 0,17%<br \/>\nElite estrangeira &#8211; 28 &#8211; 0,13%<br \/>\nPI &#8211; 22 &#8211; 0,11%<br \/>\nAP &#8211; 21 &#8211; 0,10%<br \/>\nRR &#8211; 13 &#8211; 0,06%<br \/>\nAC &#8211; 9 &#8211; 0,04%<\/p>\n<p>Elite come\u00e7a a chegar a S\u00e3o Paulo &#8211; A maioria dos atletas de Elite desta edi\u00e7\u00e3o chegar\u00e1 a S\u00e3o Paulo na quarta-feira (29). Poucos corredores desembarcar\u00e3o na ter\u00e7a-feira, a partir do final da tarde. S\u00e3o os casos da melhor brasileira classificada no ano passado, Marily dos Santos, terceira colocada, das quenianas Eunice Kirwa, campe\u00e3 da Meia Maratona do Rio de 2010, e Alice Timbilili, campe\u00e3 de 2007, e da et\u00edope Zerf Worku Boku. O bicampe\u00e3o da prova, em 2008 e 2009, James Kwambai, do Qu\u00eania, desembarca na noite desta ter\u00e7a-feira.<\/p>\n<p>No dia 30, quinta-feira, est\u00e1 programada a coletiva oficial da 86\u00aa S\u00e3o Silvestre com a participa\u00e7\u00e3o dos principais favoritos. O encontro ser\u00e1 no Hilton Morumbi (av. Na\u00e7\u00f5es Unidas, 12901). O caf\u00e9 da manh\u00e3 come\u00e7a \u00e0s 9 horas e a coletiva \u00e0s 10 horas. Na oportunidade, os jornalistas que cobrir\u00e3o a prova receber\u00e3o suas credenciais.<\/p>\n<p>A competi\u00e7\u00e3o ter\u00e1 os seguintes hor\u00e1rios de largada: 14h45 &#8211; cadeirantes; 14h50 &#8211; outras categorias de atletas com defici\u00eancia; 16h30 &#8211; elite feminina; e 16h47 &#8211; elite masculina e demais categorias. O percurso \u00e9 o mesmo das \u00faltimas temporadas, com total de 15 quil\u00f4metros. A largada ser\u00e1 dada em frente ao Masp (Avenida Paulista, 1578) e a chegada ocorrer\u00e1 em frente ao pr\u00e9dio da Funda\u00e7\u00e3o C\u00e1sper L\u00edbero (Avenida Paulista, 900).<\/p>\n<p>Entrega de kits e chip descart\u00e1vel &#8211; Os kits de participa\u00e7\u00e3o, compostos de camiseta da competi\u00e7\u00e3o, do manual do atleta e do n\u00famero de peito, al\u00e9m do chip e medalha de participa\u00e7\u00e3o, ser\u00e3o entregues nesta ter\u00e7a e quarta-feiras (dias 28 e 29), das 9h as 19h, e na quinta-feira (30), das 9h as 17h, no Gin\u00e1sio Mauro Pinheiro, na rua Ab\u00edlio Soares, 1.300, no Ibirapuera. Como todos os anos, o material n\u00e3o ser\u00e1 entregue no dia da prova, nem ap\u00f3s a mesma.<\/p>\n<p>Uma das novidades desta edi\u00e7\u00e3o \u00e9 a ado\u00e7\u00e3o do chip descart\u00e1vel, entregue junto com a medalha de participa\u00e7\u00e3o no kit do atleta. O objetivo dos organizadores \u00e9 aumentar a rapidez na dispers\u00e3o dos corredores na chegada da prova, em fun\u00e7\u00e3o do grande fluxo de pessoas na avenida Paulista por conta da S\u00e3o Silvestre e Reveillon, oferecendo maior seguran\u00e7a e conforto a todos os participantes dentro do novo projeto de urbaniza\u00e7\u00e3o da regi\u00e3o.<\/p>\n<p>At\u00e9 o ano passado, os atletas ficavam numa fila, que passava por uma \u00e1rea de um estacionamento, para devolver o chip e pegar a medalha. Como a devolu\u00e7\u00e3o era obrigat\u00f3ria, pois o chip era emprestado, gerava dificuldades de dispers\u00e3o . A partir deste ano, o estacionamento tem um projeto de edifica\u00e7\u00e3o j\u00e1 anunciado e n\u00e3o existe outra \u00e1rea apropriada para este fim que possa garantir a circula\u00e7\u00e3o e seguran\u00e7a do publico. Al\u00e9m disso, no mesmo local estar\u00e3o circulando no hor\u00e1rio de transi\u00e7\u00e3o da S\u00e3o Silvestre para o Reveillon mais de 100 mil pessoas entre os participantes da S\u00e3o Silvestre e aqueles que chegam para o Reveillon na Paulista.<\/p>\n<p>Com a mudan\u00e7a, ao final da corrida, todos est\u00e3o liberados, facilitando a dispers\u00e3o e promovendo a seguran\u00e7a uma vez que os dois eventos ocupam a mesma regi\u00e3o. Quem quiser pode ir para casa ou procurar por sua escolha postos de \u00e1gua e lanche, distribu\u00eddos em pontos individuais e isolados, ou mesmo dirigir-se diretamente ao guarda-volumes para pegar seus pertences, quando utilizarem este apoio. Em fun\u00e7\u00e3o da necessidade de fluxo de pessoas e da promo\u00e7\u00e3o da seguran\u00e7a o guarda-volumes tamb\u00e9m mudou. Agora ser\u00e1 concentrado em 20 caminh\u00f5es Correio\/Sedex estacionados na rua S\u00e3o Carlos do Pinhal, a partir da alameda Campinas at\u00e9 pr\u00f3ximo da rua Augusta.<\/p>\n<p>&#8220;Todas essas mudan\u00e7as foram feitas para promover a seguran\u00e7a e o conforto do corredor e p\u00fablico espectador. O Comit\u00ea Organizador da S\u00e3o Silvestre e do Reveillon, em conjunto com o CET e Pol\u00edcia Militar, estudaram todas as alternativas de fluxo da regi\u00e3o com crit\u00e9rios baseados na seguran\u00e7a do p\u00fablico, circula\u00e7\u00e3o, suporte m\u00e9dico durante a prova, acesso do p\u00fablico ao Reveillon e todo o processo de transi\u00e7\u00e3o das pessoas da S\u00e3o Silvestre para o Reveillon. Tamb\u00e9m n\u00e3o poder\u00edamos usar todas as vias da regi\u00e3o para montar a infraestrutura p\u00f3s prova, pois sufocar\u00edamos o tr\u00e2nsito, prejudicando empresas e moradores&#8221;, resssaltou Kassabian, diretor de opera\u00e7\u00f5es da S\u00e3o Silvestre.<\/p>\n<p>Inova\u00e7\u00f5es tecnol\u00f3gicas &#8211; Al\u00e9m do chip descart\u00e1vel, outras inova\u00e7\u00f5es tecnol\u00f3gicas dar\u00e3o mais conforto ao corredor. Os atletas receber\u00e3o o n\u00famero de peito por e-mail, facilitando no momento de entrega dos kits. O site www.saosilvestre.com.br ter\u00e1 atra\u00e7\u00f5es como v\u00eddeos de 30 segundos, disponibilizado para download gratuito de todos os participantes que completarem a prova.<\/p>\n<p>Os interessados tamb\u00e9m poder\u00e3o comprar fotos que marcam a chegada de cada um. Al\u00e9m disso, todos que conclu\u00edrem a prova poder\u00e3o fazer download de um certificado digital, ap\u00f3s a publica\u00e7\u00e3o do resultado oficial. Quem estiver cadastrado no www.clubedoscorredores.com.br poder\u00e1 saber sua posi\u00e7\u00e3o geral da temporada, ap\u00f3s o t\u00e9rmino da corrida.<\/p>\n<p>Novo esquema de fechamento do tr\u00e2nsito &#8211; Para facilitar a log\u00edstica, ser\u00e3o promovidas algumas mudan\u00e7as no tr\u00e2nsito. At\u00e9 o ano passado, a interdi\u00e7\u00e3o de vias na regi\u00e3o come\u00e7ava \u00e0s 10 horas do dia 31. Em 2010, a Companhia de Engenharia de Tr\u00e1fego (CET) come\u00e7ar\u00e1 a intervir a partir da primeira hora do dia, para que, \u00e0s 14 horas, todo o percurso esteja bloqueado para ve\u00edculos.<\/p>\n<p>A partir de 1 hora do dia 31, ser\u00e3o interditadas a avenida Paulista (sentido Para\u00edso\/Consola\u00e7\u00e3o, no trecho ente as ruas Teixeira da Silva e Peixoto Gomide. A alameda Campinas ter\u00e1 o tr\u00e2nsito de ve\u00edculos impedido entre a avenida Paulista e a rua S\u00e3o Carlos do Pinhal.<\/p>\n<p>A partir das 10 horas, a Paulista ficar\u00e1 fechada na dire\u00e7\u00e3o Para\u00edso\/ Consola\u00e7\u00e3o entre as ruas Peixoto Gomide e Frei Caneca e, no sentido contr\u00e1rio, entre as ruas Padre Jo\u00e3o Manoel e a alameda Joaquim Eug\u00eanio de Lima. \u00c0s 13h30, ocorre a interdi\u00e7\u00e3o, em ambas as dire\u00e7\u00f5es, das ruas Padre Jo\u00e3o Manoel e rua da Consola\u00e7\u00e3o. Vale lembrar que, a partir dos hor\u00e1rios informados, a entrada de ve\u00edculos na avenida Paulista nos trechos citados estar\u00e1 proibida. Ser\u00e1 viabilizada apenas a sa\u00edda dos ve\u00edculos estacionados nos pr\u00e9dios localizados nessa via at\u00e9 o hor\u00e1rio m\u00e1ximo das 14h00.<\/p>\n<p>A S\u00e3o Silvestre \u00e9 uma realiza\u00e7\u00e3o da Funda\u00e7\u00e3o C\u00e1sper L\u00edbero e promo\u00e7\u00e3o da Gazeta Esportiva Net e Rede Globo. A prova tem patroc\u00ednio da Caixa e Oi com apoio de HCor, Montev\u00e9rgine, Gatorade e Caf\u00e9 3 Cora\u00e7\u00f5es, e apoio especial do Governo do Estado de S\u00e3o Paulo e da Prefeitura de S\u00e3o Paulo. A supervis\u00e3o \u00e9 da CBAt, FPA, IAAF e AIMS.<\/p>\n","protected":false},"excerpt":{"rendered":"<p>A 86\u00aa S\u00e3o Silvestre ter\u00e1 participantes dos 26 estados brasileiros e do Distrito Federal, a exemplo do que ocorreu na edi\u00e7\u00e3o passada. A principal corrida da Am\u00e9rica Latina ser\u00e1 realizada no pr\u00f3ximo dia 31, em S\u00e3o Paulo, e contar\u00e1 ainda com competidores de mais 8 pa\u00edses, entre 28 corredores de Elite convidados pela organiza\u00e7\u00e3o. O [&hellip;]<\/p>\n","protected":false},"author":3,"featured_media":0,"comment_status":"open","ping_status":"open","sticky":false,"template":"","format":"standard","meta":{"_genesis_hide_title":false,"_genesis_hide_breadcrumbs":false,"_genesis_hide_singular_image":false,"_genesis_hide_footer_widgets":false,"_genesis_custom_body_class":"","_genesis_custom_post_class":"","_genesis_layout":"","_jetpack_memberships_contains_paid_content":false,"footnotes":""},"categories":[22],"tags":[],"class_list":{"0":"post-32972","1":"post","2":"type-post","3":"status-publish","4":"format-standard","6":"category-brasil","7":"entry","8":"gs-1","9":"gs-odd","10":"gs-even","11":"gs-featured-content-entry"},"jetpack_featured_media_url":"","jetpack_sharing_enabled":true,"jetpack_likes_enabled":true,"_links":{"self":[{"href":"https:\/\/www.redenoticia.com.br\/noticia\/wp-json\/wp\/v2\/posts\/32972","targetHints":{"allow":["GET"]}}],"collection":[{"href":"https:\/\/www.redenoticia.com.br\/noticia\/wp-json\/wp\/v2\/posts"}],"about":[{"href":"https:\/\/www.redenoticia.com.br\/noticia\/wp-json\/wp\/v2\/types\/post"}],"author":[{"embeddable":true,"href":"https:\/\/www.redenoticia.com.br\/noticia\/wp-json\/wp\/v2\/users\/3"}],"replies":[{"embeddable":true,"href":"https:\/\/www.redenoticia.com.br\/noticia\/wp-json\/wp\/v2\/comments?post=32972"}],"version-history":[{"count":0,"href":"https:\/\/www.redenoticia.com.br\/noticia\/wp-json\/wp\/v2\/posts\/32972\/revisions"}],"wp:attachment":[{"href":"https:\/\/www.redenoticia.com.br\/noticia\/wp-json\/wp\/v2\/media?parent=32972"}],"wp:term":[{"taxonomy":"category","embeddable":true,"href":"https:\/\/www.redenoticia.com.br\/noticia\/wp-json\/wp\/v2\/categories?post=32972"},{"taxonomy":"post_tag","embeddable":true,"href":"https:\/\/www.redenoticia.com.br\/noticia\/wp-json\/wp\/v2\/tags?post=32972"}],"curies":[{"name":"wp","href":"https:\/\/api.w.org\/{rel}","templated":true}]}}