{"id":32970,"date":"2010-12-28T14:35:59","date_gmt":"2010-12-28T18:35:59","guid":{"rendered":"http:\/\/www.redenoticia.com.br\/noticia\/?p=32970"},"modified":"2010-12-28T14:35:59","modified_gmt":"2010-12-28T18:35:59","slug":"ja-chega-a-61-milhoes-o-numero-de-desembarques-nacionais","status":"publish","type":"post","link":"https:\/\/www.redenoticia.com.br\/noticia\/2010\/ja-chega-a-61-milhoes-o-numero-de-desembarques-nacionais\/32970","title":{"rendered":"J\u00e1 chega a 61 milh\u00f5es o n\u00famero de desembarques nacionais"},"content":{"rendered":"<p>N\u00famero de desembarques nacionais &#8211; os desembarques de passageiros de <strong><em>v\u00f4os dom\u00e9sticos<\/em><\/strong> de janeiro a novembro deste ano j\u00e1 superam os 56 milh\u00f5es registrados em 2009. O acumulado em 11 meses \u00e9 de 61,2 milh\u00f5es, representando mais um recorde na s\u00e9rie hist\u00f3rica, iniciada em 93.<\/p>\n<p>Em novembro, a Infraero registrou 5,8 milh\u00f5es de desembarques. Um crescimento de 13 % na compara\u00e7\u00e3o com o mesmo m\u00eas de 2009, quando a movimenta\u00e7\u00e3o dom\u00e9stica foi de 5,1 milh\u00f5es. \u201cPodemos terminar 2010 com mais de 66 milh\u00f5es de desembarques dom\u00e9sticos\u201d, estima o diretor de Estudos e Pesquisas do Minist\u00e9rio do Turismo, Jos\u00e9 Francisco Lopes.<\/p>\n<p>Internacionais \u2013 Os desembarques internacionais tamb\u00e9m apresentaram crescimento no acumulado de janeiro a novembro de 2010. A movimenta\u00e7\u00e3o chegou a 7,2 milh\u00f5es, superando em 21,3% os quase 6 milh\u00f5es registrados no mesmo per\u00edodo de 2009. Em novembro, foram 670 mil desembarques de voos internacionais, segundo a Infraero.<\/p>\n<p>Fonte &#8211; Sala de Imprensa Minist\u00e9rio do Turismo<\/p>\n<p>&#8211; 61 milh\u00f5es o n\u00famero de desembarques nacionais;<\/p>\n<p>&#8211; estimativa \u00e9 fechar o ano com aumento de 19% em rela\u00e7\u00e3o \u00e0 movimenta\u00e7\u00e3o  registrada em 2009.<\/p>\n","protected":false},"excerpt":{"rendered":"<p>N\u00famero de desembarques nacionais &#8211; os desembarques de passageiros de v\u00f4os dom\u00e9sticos de janeiro a novembro deste ano j\u00e1 superam os 56 milh\u00f5es registrados em 2009. O acumulado em 11 meses \u00e9 de 61,2 milh\u00f5es, representando mais um recorde na s\u00e9rie hist\u00f3rica, iniciada em 93. Em novembro, a Infraero registrou 5,8 milh\u00f5es de desembarques. Um [&hellip;]<\/p>\n","protected":false},"author":3,"featured_media":0,"comment_status":"open","ping_status":"open","sticky":false,"template":"","format":"standard","meta":{"_genesis_hide_title":false,"_genesis_hide_breadcrumbs":false,"_genesis_hide_singular_image":false,"_genesis_hide_footer_widgets":false,"_genesis_custom_body_class":"","_genesis_custom_post_class":"","_genesis_layout":"","_jetpack_memberships_contains_paid_content":false,"footnotes":""},"categories":[22],"tags":[],"class_list":{"0":"post-32970","1":"post","2":"type-post","3":"status-publish","4":"format-standard","6":"category-brasil","7":"entry","8":"gs-1","9":"gs-odd","10":"gs-even","11":"gs-featured-content-entry"},"jetpack_featured_media_url":"","jetpack_sharing_enabled":true,"jetpack_likes_enabled":true,"_links":{"self":[{"href":"https:\/\/www.redenoticia.com.br\/noticia\/wp-json\/wp\/v2\/posts\/32970","targetHints":{"allow":["GET"]}}],"collection":[{"href":"https:\/\/www.redenoticia.com.br\/noticia\/wp-json\/wp\/v2\/posts"}],"about":[{"href":"https:\/\/www.redenoticia.com.br\/noticia\/wp-json\/wp\/v2\/types\/post"}],"author":[{"embeddable":true,"href":"https:\/\/www.redenoticia.com.br\/noticia\/wp-json\/wp\/v2\/users\/3"}],"replies":[{"embeddable":true,"href":"https:\/\/www.redenoticia.com.br\/noticia\/wp-json\/wp\/v2\/comments?post=32970"}],"version-history":[{"count":0,"href":"https:\/\/www.redenoticia.com.br\/noticia\/wp-json\/wp\/v2\/posts\/32970\/revisions"}],"wp:attachment":[{"href":"https:\/\/www.redenoticia.com.br\/noticia\/wp-json\/wp\/v2\/media?parent=32970"}],"wp:term":[{"taxonomy":"category","embeddable":true,"href":"https:\/\/www.redenoticia.com.br\/noticia\/wp-json\/wp\/v2\/categories?post=32970"},{"taxonomy":"post_tag","embeddable":true,"href":"https:\/\/www.redenoticia.com.br\/noticia\/wp-json\/wp\/v2\/tags?post=32970"}],"curies":[{"name":"wp","href":"https:\/\/api.w.org\/{rel}","templated":true}]}}