{"id":32963,"date":"2010-12-28T14:19:32","date_gmt":"2010-12-28T18:19:32","guid":{"rendered":"http:\/\/www.redenoticia.com.br\/noticia\/?p=32963"},"modified":"2010-12-28T14:19:32","modified_gmt":"2010-12-28T18:19:32","slug":"parque-da-serra-do-mar-e-expandido","status":"publish","type":"post","link":"https:\/\/www.redenoticia.com.br\/noticia\/2010\/parque-da-serra-do-mar-e-expandido\/32963","title":{"rendered":"Parque da Serra do Mar \u00e9 expandido"},"content":{"rendered":"<div>\n<h3><span style=\"font-size: 13px;\"><span style=\"font-weight: normal;\">Ag\u00eancia FAPESP \u2013 A Secretaria de Estado do Meio Ambiente (SMA)  anunciou a assinatura pelo governador do Estado de S\u00e3o Paulo, Alberto Goldman,  de um decreto de expans\u00e3o da \u00e1rea do <\/span><em>Parque Estadual da Serra do Mar<\/em><span style=\"font-weight: normal;\"> (PESM) dos  atuais 315 mil para 332.290,20 hectares.<\/span><\/span><\/h3>\n<\/div>\n<div>\n<p>De acordo com a SMA, a medida \u00e9 de grande relev\u00e2ncia, pois os biomas da Mata  Atl\u00e2ntica e da Serra do Mar s\u00e3o considerados patrim\u00f4nios nacionais e  estaduais.<\/p>\n<p>A medida levou em considera\u00e7\u00e3o estudos da Procuradoria do Patrim\u00f4nio  Imobili\u00e1rio e da Funda\u00e7\u00e3o Instituto de Terras do Estado de S\u00e3o Paulo \u201cJos\u00e9 Gomes  da Silva\u201d. Juntos, os dois \u00f3rg\u00e3os identificaram no entorno do Parque muitas  \u00e1reas p\u00fablicas, devolutas ou remanescentes de a\u00e7\u00f5es judiciais, de extremo valor  ambiental, j\u00e1 incorporadas ou em processo de incorpora\u00e7\u00e3o pela Fazenda do Estado  de S\u00e3o Paulo.<\/p>\n<p>Na pr\u00e1tica, o decreto ser\u00e1 cumprido em duas etapas. Na primeira, no ato da  publica\u00e7\u00e3o, aumentar\u00e1 a \u00e1rea em 5.027,20 hectares, com terras que j\u00e1 pertencem  ao patrim\u00f4nio estadual. Os demais 12.263 hectares ser\u00e3o acrescentados \u00e0 \u00e1rea do  PESM conforme forem incorporadas pela Fazenda. Todas as \u00e1reas s\u00e3o p\u00fablicas.<\/p>\n<p>O decreto afeta \u00e1reas em 13 cidades: Cunha, Ubatuba, S\u00e3o Luiz do Paraitinga,  Natividade da Serra, Paraibuna, S\u00e3o Sebasti\u00e3o, Miracatu, Pedro de Toledo,  Sales\u00f3polis, Biritiba-Mirim, Bertioga, S\u00e3o Bernardo do Campo e S\u00e3o Paulo.<\/p>\n<p>\u201cAl\u00e9m da preserva\u00e7\u00e3o da Mata Atl\u00e2ntica, estamos aproximando o PESM dos  reservat\u00f3rios de \u00e1gua da capital. Com o novo contorno, o PESM se aproxima de um  dos lados da represa Billings\u201d, disse Pedro Ubiratan Escorel de Azevedo,  secret\u00e1rio do Meio Ambiente do Estado de S\u00e3o Paulo.<\/p>\n<p>Mais informa\u00e7\u00f5es: <a href=\"http:\/\/www.ambiente.sp.gov.br\/verNoticia.php?id=1072\" target=\"_blank\">www.ambiente.sp.gov.br\/verNoticia.php?id=1072<\/a><\/p>\n<\/div>\n","protected":false},"excerpt":{"rendered":"<p>Ag\u00eancia FAPESP \u2013 A Secretaria de Estado do Meio Ambiente (SMA) anunciou a assinatura pelo governador do Estado de S\u00e3o Paulo, Alberto Goldman, de um decreto de expans\u00e3o da \u00e1rea do Parque Estadual da Serra do Mar (PESM) dos atuais 315 mil para 332.290,20 hectares. De acordo com a SMA, a medida \u00e9 de grande [&hellip;]<\/p>\n","protected":false},"author":3,"featured_media":0,"comment_status":"open","ping_status":"open","sticky":false,"template":"","format":"standard","meta":{"_genesis_hide_title":false,"_genesis_hide_breadcrumbs":false,"_genesis_hide_singular_image":false,"_genesis_hide_footer_widgets":false,"_genesis_custom_body_class":"","_genesis_custom_post_class":"","_genesis_layout":"","_jetpack_memberships_contains_paid_content":false,"footnotes":""},"categories":[22],"tags":[],"class_list":{"0":"post-32963","1":"post","2":"type-post","3":"status-publish","4":"format-standard","6":"category-brasil","7":"entry","8":"gs-1","9":"gs-odd","10":"gs-even","11":"gs-featured-content-entry"},"jetpack_featured_media_url":"","jetpack_sharing_enabled":true,"jetpack_likes_enabled":true,"_links":{"self":[{"href":"https:\/\/www.redenoticia.com.br\/noticia\/wp-json\/wp\/v2\/posts\/32963","targetHints":{"allow":["GET"]}}],"collection":[{"href":"https:\/\/www.redenoticia.com.br\/noticia\/wp-json\/wp\/v2\/posts"}],"about":[{"href":"https:\/\/www.redenoticia.com.br\/noticia\/wp-json\/wp\/v2\/types\/post"}],"author":[{"embeddable":true,"href":"https:\/\/www.redenoticia.com.br\/noticia\/wp-json\/wp\/v2\/users\/3"}],"replies":[{"embeddable":true,"href":"https:\/\/www.redenoticia.com.br\/noticia\/wp-json\/wp\/v2\/comments?post=32963"}],"version-history":[{"count":0,"href":"https:\/\/www.redenoticia.com.br\/noticia\/wp-json\/wp\/v2\/posts\/32963\/revisions"}],"wp:attachment":[{"href":"https:\/\/www.redenoticia.com.br\/noticia\/wp-json\/wp\/v2\/media?parent=32963"}],"wp:term":[{"taxonomy":"category","embeddable":true,"href":"https:\/\/www.redenoticia.com.br\/noticia\/wp-json\/wp\/v2\/categories?post=32963"},{"taxonomy":"post_tag","embeddable":true,"href":"https:\/\/www.redenoticia.com.br\/noticia\/wp-json\/wp\/v2\/tags?post=32963"}],"curies":[{"name":"wp","href":"https:\/\/api.w.org\/{rel}","templated":true}]}}