{"id":32961,"date":"2010-12-27T20:06:59","date_gmt":"2010-12-28T00:06:59","guid":{"rendered":"http:\/\/www.redenoticia.com.br\/noticia\/?p=32961"},"modified":"2010-12-28T15:19:32","modified_gmt":"2010-12-28T19:19:32","slug":"meteorologia-%e2%80%93-previsao-do-tempo-para-esta-terca-feira-2812","status":"publish","type":"post","link":"https:\/\/www.redenoticia.com.br\/noticia\/2010\/meteorologia-%e2%80%93-previsao-do-tempo-para-esta-terca-feira-2812\/32961","title":{"rendered":"Meteorologia \u2013 previs\u00e3o do tempo para esta ter\u00e7a-feira 28\/12"},"content":{"rendered":"<p><img loading=\"lazy\" decoding=\"async\" class=\"alignleft size-full wp-image-28409\" title=\"previsao do tempo e temperatura\" src=\"https:\/\/www.redenoticia.com.br\/noticia\/imagens\/previsao-do-tempo-e-temperatura.jpg\" alt=\"\" width=\"300\" height=\"193\" srcset=\"https:\/\/www.redenoticia.com.br\/noticia\/imagens\/previsao-do-tempo-e-temperatura.jpg 300w, https:\/\/www.redenoticia.com.br\/noticia\/imagens\/previsao-do-tempo-e-temperatura-250x160.jpg 250w, https:\/\/www.redenoticia.com.br\/noticia\/imagens\/previsao-do-tempo-e-temperatura-150x96.jpg 150w\" sizes=\"auto, (max-width: 300px) 100vw, 300px\" \/>Previs\u00e3o do tempo\u00a0\u2013 a\u00a0<strong><em>meteorologia<\/em><\/strong> divulgou a <strong><em>previs\u00e3o do tempo<\/em><\/strong> e\u00a0<strong><em>temperatura<\/em><\/strong> para esta ter\u00e7a-feira (28\/12) e informa que uma Zona de Converg\u00eancia de Umidade deixar\u00e1 o dia com muitas nuvens e pancadas de chuva na faixa que estende-se entre o Sudeste e o sul da regi\u00e3o amaz\u00f4nica, podendo haver acumulados significativos principalmente entre o RJ, ES, MG e GO. Segundo a previs\u00e3o do tempo o dia ser\u00e1 ensolarado sobre grande parte da Regi\u00e3o Nordeste, com exce\u00e7\u00e3o no oeste e sudoeste da BA e no sul do PI e do MA, onde poder\u00e1 ocorrer pancadas de chuva isolada. Dados da previs\u00e3o do tempo indicam que o sol aparecer\u00e1 entre poucas nuvens tamb\u00e9m no Sul do Brasil, mas a tarde pancadas de chuva ocorrer\u00e3o no oeste do PR. A previs\u00e3o do tempo destaca que as temperaturas estar\u00e3o elevadas na maioria das regi\u00f5es.<\/p>\n<p>Vale do Para\u00edba \u2013 previs\u00e3o do tempo nesta ter\u00e7a-feira (28\/12) haver\u00e1 muitas nuvens, com uma chuva de forma fraca e isolada em grande parte da regi\u00e3o. Apenas no Litoral Norte o dia ser\u00e1 com chuvas intermitentes. As temperaturas estar\u00e3o est\u00e1veis.<\/p>\n<p>Regi\u00e3o Centro-Oeste \u2013 previs\u00e3o do tempo em\u00a028\/12\/2010:\u00a0No sudoeste do MT, centro-sul de GO e no DF: nublado com pancadas de chuva. Nas demais \u00e1reas da Regi\u00e3o: sol com varia\u00e7\u00e3o de nuvens e pancadas de chuva isoladas. Temperaturas est\u00e1veis. Temperatura m\u00e1xima: 34C no sul do MS. Temperatura m\u00ednima: 19C no DF.<\/p>\n<p>Regi\u00e3o Nordeste \u2013 previs\u00e3o do tempo em\u00a028\/12\/2010:\u00a0No norte do MA: sol com varia\u00e7\u00e3o de nuvens e pancadas de chuva a tarde. No sul do MA, sudoeste do PI, oeste e sul da BA: sol com varia\u00e7\u00e3o d nuvens e d pancadas de chuva isoladas. Nas demais \u00e1reas: sol entre poucas nuvens. Temperaturas elevadas. Temperatura m\u00e1xima: 37C no norte do MA. Temperatura m\u00ednima: 18C no interior da BA.<\/p>\n<p>Regi\u00e3o Norte \u2013 previs\u00e3o do tempo em\u00a028\/12\/2010:\u00a0NO norte do PA e no AP: nublado com pancadas de chuva. Nas demais \u00e1reas da Regi\u00e3o: sol com varia\u00e7\u00e3o de nuvens e pancadas de chuva. Temperaturas est\u00e1veis. Temperatura m\u00e1xima: 37C no nordeste do PA. Temperatura m\u00ednima: 18C no noroeste de RR.<\/p>\n<p>Regi\u00e3o Sudeste \u2013 previs\u00e3o do tempo em\u00a028\/12\/2010:\u00a0No sul de SP: sol entre varia\u00e7\u00e3o de nuvens. No leste de MG, norte do RJ e sul do ES: muitas nuvens com chuva a qualquer hora do dia. No norte de MG: sol com varia\u00e7\u00e3o de nuvens e pancadas de chuva. No sudeste de SP: dia nublado com possibilidade de chuva. No Vale do Para\u00edba e sul do RJ: muitas nuvens com chuvas isoladas. No norte do SP: sol entre nuvens e pancada de chuva. Nas demais \u00e1reas da Regi\u00e3o: sol com varia\u00e7\u00e3o de nuvens e pancadas de chuva isoladas. Temperaturas est\u00e1veis. Temperatura m\u00e1xima: 33C no oeste de SP. Temperatura m\u00ednima: 16C no Sul de MG.<\/p>\n<p>Regi\u00e3o Sul \u2013 previs\u00e3o do tempo em\u00a028\/12\/2010:\u00a0No oeste do RS: predom\u00ednio de sol. No centro-oeste do PR e extremo oeste de SC: pancadas de chuva a tarde. No extremo nordeste do PR: sol com varia\u00e7\u00e3o de nuvens. Nas demais \u00e1reas da Regi\u00e3o: sol entre poucas nuvens. Temperatura m\u00e1xima: 34C no oeste do RS. Temperatura m\u00ednima: 6C na serra.<\/p>\n<p>Previs\u00e3o do tempo e temperatura CPTEC<\/p>\n","protected":false},"excerpt":{"rendered":"<p>Previs\u00e3o do tempo\u00a0\u2013 a\u00a0meteorologia divulgou a previs\u00e3o do tempo e\u00a0temperatura para esta ter\u00e7a-feira (28\/12) e informa que uma Zona de Converg\u00eancia de Umidade deixar\u00e1 o dia com muitas nuvens e pancadas de chuva na faixa que estende-se entre o Sudeste e o sul da regi\u00e3o amaz\u00f4nica, podendo haver acumulados significativos principalmente entre o RJ, ES, [&hellip;]<\/p>\n","protected":false},"author":3,"featured_media":28409,"comment_status":"open","ping_status":"open","sticky":false,"template":"","format":"standard","meta":{"_genesis_hide_title":false,"_genesis_hide_breadcrumbs":false,"_genesis_hide_singular_image":false,"_genesis_hide_footer_widgets":false,"_genesis_custom_body_class":"","_genesis_custom_post_class":"","_genesis_layout":"","_jetpack_memberships_contains_paid_content":false,"footnotes":""},"categories":[22],"tags":[],"class_list":{"0":"post-32961","1":"post","2":"type-post","3":"status-publish","4":"format-standard","5":"has-post-thumbnail","7":"category-brasil","8":"entry","9":"gs-1","10":"gs-odd","11":"gs-even","12":"gs-featured-content-entry"},"jetpack_featured_media_url":"https:\/\/www.redenoticia.com.br\/noticia\/imagens\/previsao-do-tempo-e-temperatura.jpg","jetpack_sharing_enabled":true,"jetpack_likes_enabled":true,"_links":{"self":[{"href":"https:\/\/www.redenoticia.com.br\/noticia\/wp-json\/wp\/v2\/posts\/32961","targetHints":{"allow":["GET"]}}],"collection":[{"href":"https:\/\/www.redenoticia.com.br\/noticia\/wp-json\/wp\/v2\/posts"}],"about":[{"href":"https:\/\/www.redenoticia.com.br\/noticia\/wp-json\/wp\/v2\/types\/post"}],"author":[{"embeddable":true,"href":"https:\/\/www.redenoticia.com.br\/noticia\/wp-json\/wp\/v2\/users\/3"}],"replies":[{"embeddable":true,"href":"https:\/\/www.redenoticia.com.br\/noticia\/wp-json\/wp\/v2\/comments?post=32961"}],"version-history":[{"count":0,"href":"https:\/\/www.redenoticia.com.br\/noticia\/wp-json\/wp\/v2\/posts\/32961\/revisions"}],"wp:featuredmedia":[{"embeddable":true,"href":"https:\/\/www.redenoticia.com.br\/noticia\/wp-json\/wp\/v2\/media\/28409"}],"wp:attachment":[{"href":"https:\/\/www.redenoticia.com.br\/noticia\/wp-json\/wp\/v2\/media?parent=32961"}],"wp:term":[{"taxonomy":"category","embeddable":true,"href":"https:\/\/www.redenoticia.com.br\/noticia\/wp-json\/wp\/v2\/categories?post=32961"},{"taxonomy":"post_tag","embeddable":true,"href":"https:\/\/www.redenoticia.com.br\/noticia\/wp-json\/wp\/v2\/tags?post=32961"}],"curies":[{"name":"wp","href":"https:\/\/api.w.org\/{rel}","templated":true}]}}