{"id":32957,"date":"2010-12-27T11:58:18","date_gmt":"2010-12-27T15:58:18","guid":{"rendered":"http:\/\/www.redenoticia.com.br\/noticia\/?p=32957"},"modified":"2010-12-27T11:58:18","modified_gmt":"2010-12-27T15:58:18","slug":"inscricoes-programa-computador-do-professor-ate-3101","status":"publish","type":"post","link":"https:\/\/www.redenoticia.com.br\/noticia\/2010\/inscricoes-programa-computador-do-professor-ate-3101\/32957","title":{"rendered":"Inscri\u00e7\u00f5es Programa Computador do Professor at\u00e9 31\/01"},"content":{"rendered":"<h2><span style=\"font-weight: normal; font-size: 13px;\">As inscri\u00e7\u00f5es para o <\/span><span style=\"font-size: 13px;\"><em>Programa Computador do  Professor<\/em><\/span><span style=\"font-weight: normal; font-size: 13px;\"> foram prorrogadas at\u00e9 o dia 31 de janeiro. Resultado da parceria entre  as secretarias da Educa\u00e7\u00e3o SP, Fazenda e Desenvolvimento, o programa oferece  financiamento sem juros para aquisi\u00e7\u00e3o de notebooks por professores e servidores  da Educa\u00e7\u00e3o e do Centro Paula Souza. Para aderir, os servidores devem acessar o  site <a href=\"http:\/\/www.educacao.sp.gov.br\/\" target=\"_blank\">www.educacao.sp.gov.br<\/a> e  manifestar o interesse na compra.<\/span><\/h2>\n<p>Na primeira etapa, em 2009, 43.706  servidores efetuaram a compra do equipamento. Na segunda etapa, 233 mil  servidores ter\u00e3o acesso ao benef\u00edcio, sendo 220 mil da Educa\u00e7\u00e3o (professores,  equipe de apoio escolar e funcion\u00e1rios da Secretaria) e 13 mil do Centro Paula  Souza (funcion\u00e1rios e docentes). S\u00f3 poder\u00e3o participar da segunda etapa aqueles  que n\u00e3o aderiram ao programa na etapa anterior.<\/p>\n<p>A novidade da segunda  etapa \u00e9 a variedade de modelos. S\u00e3o dezenove op\u00e7\u00f5es, de sete fornecedores  diferentes (Positivo, Intelbras, HP, Dell, Lenovo, Semp Toshiba e Itautec), com  tr\u00eas tipos de configura\u00e7\u00f5es (b\u00e1sica, intermedi\u00e1ria e superior) e pre\u00e7os que  variam de R$ 1.299,00 a R$ 2.601,50. O pagamento poder\u00e1 ser feito em at\u00e9 24  meses, com financiamento do Banco do Brasil, sendo os juros e o IOF (Imposto  sobre Opera\u00e7\u00f5es Financeiras) subsidiados pela Secretaria de Educa\u00e7\u00e3o e pelo  Centro Paula Souza. As parcelas ser\u00e3o executadas mensalmente por meio de  desconto no holerite (a partir do m\u00eas seguinte \u00e0 ades\u00e3o ao financiamento) e o  computador ser\u00e1 entregue pelo fabricante no endere\u00e7o de escolha do  servidor.<\/p>\n<p>Da Secretaria da Educa\u00e7\u00e3o<\/p>\n","protected":false},"excerpt":{"rendered":"<p>As inscri\u00e7\u00f5es para o Programa Computador do Professor foram prorrogadas at\u00e9 o dia 31 de janeiro. Resultado da parceria entre as secretarias da Educa\u00e7\u00e3o SP, Fazenda e Desenvolvimento, o programa oferece financiamento sem juros para aquisi\u00e7\u00e3o de notebooks por professores e servidores da Educa\u00e7\u00e3o e do Centro Paula Souza. Para aderir, os servidores devem acessar [&hellip;]<\/p>\n","protected":false},"author":3,"featured_media":0,"comment_status":"open","ping_status":"open","sticky":false,"template":"","format":"standard","meta":{"_genesis_hide_title":false,"_genesis_hide_breadcrumbs":false,"_genesis_hide_singular_image":false,"_genesis_hide_footer_widgets":false,"_genesis_custom_body_class":"","_genesis_custom_post_class":"","_genesis_layout":"","_jetpack_memberships_contains_paid_content":false,"footnotes":""},"categories":[22],"tags":[],"class_list":{"0":"post-32957","1":"post","2":"type-post","3":"status-publish","4":"format-standard","6":"category-brasil","7":"entry","8":"gs-1","9":"gs-odd","10":"gs-even","11":"gs-featured-content-entry"},"jetpack_featured_media_url":"","jetpack_sharing_enabled":true,"jetpack_likes_enabled":true,"_links":{"self":[{"href":"https:\/\/www.redenoticia.com.br\/noticia\/wp-json\/wp\/v2\/posts\/32957","targetHints":{"allow":["GET"]}}],"collection":[{"href":"https:\/\/www.redenoticia.com.br\/noticia\/wp-json\/wp\/v2\/posts"}],"about":[{"href":"https:\/\/www.redenoticia.com.br\/noticia\/wp-json\/wp\/v2\/types\/post"}],"author":[{"embeddable":true,"href":"https:\/\/www.redenoticia.com.br\/noticia\/wp-json\/wp\/v2\/users\/3"}],"replies":[{"embeddable":true,"href":"https:\/\/www.redenoticia.com.br\/noticia\/wp-json\/wp\/v2\/comments?post=32957"}],"version-history":[{"count":0,"href":"https:\/\/www.redenoticia.com.br\/noticia\/wp-json\/wp\/v2\/posts\/32957\/revisions"}],"wp:attachment":[{"href":"https:\/\/www.redenoticia.com.br\/noticia\/wp-json\/wp\/v2\/media?parent=32957"}],"wp:term":[{"taxonomy":"category","embeddable":true,"href":"https:\/\/www.redenoticia.com.br\/noticia\/wp-json\/wp\/v2\/categories?post=32957"},{"taxonomy":"post_tag","embeddable":true,"href":"https:\/\/www.redenoticia.com.br\/noticia\/wp-json\/wp\/v2\/tags?post=32957"}],"curies":[{"name":"wp","href":"https:\/\/api.w.org\/{rel}","templated":true}]}}