{"id":32956,"date":"2010-12-27T11:54:57","date_gmt":"2010-12-27T15:54:57","guid":{"rendered":"http:\/\/www.redenoticia.com.br\/noticia\/?p=32956"},"modified":"2010-12-27T11:54:57","modified_gmt":"2010-12-27T15:54:57","slug":"confira-a-programacao-de-janeiro-da-biblioteca-de-sao-paulo","status":"publish","type":"post","link":"https:\/\/www.redenoticia.com.br\/noticia\/2010\/confira-a-programacao-de-janeiro-da-biblioteca-de-sao-paulo\/32956","title":{"rendered":"Confira a programa\u00e7\u00e3o de janeiro da Biblioteca de S\u00e3o Paulo"},"content":{"rendered":"<p><strong><em>Programa\u00e7\u00e3o da Biblioteca de S\u00e3o Paulo<\/em><\/strong> &#8211; em janeiro, o principal evento da Biblioteca de S\u00e3o Paulo, espa\u00e7o cultural do Governo, administrado em parceria com a Poiesis &#8211; Organiza\u00e7\u00e3o Social de Cultura, \u00e9 a homenagem para o anivers\u00e1rio de S\u00e3o Paulo.<\/p>\n<p>Confira a programa\u00e7\u00e3o completa do m\u00eas:<\/p>\n<p>Especial 25 de janeiro<\/p>\n<p>Sampa-tupi<br \/>\nHist\u00f3ria desvenda, de forma l\u00fadica, um olhar ind\u00edgena sobre a cidade de S\u00e3o Paulo, quando ainda era repleta de matas e habitada por ancestrais. Com L\u00edgia Borges.<br \/>\nTer\u00e7a-feira, 25, \u00e0s 11h.<\/p>\n<p>A saga do menino paulistinha<br \/>\nNico narra as aventuras que viveu em diversos bairros de S\u00e3o Paulo: os amigos que deixou, as cantigas, as brincadeiras e lendas que aprendeu, percebendo que todo lugar tem sua magia e hist\u00f3ria. Com Tr\u00edade Teatral.<br \/>\nTer\u00e7a-feira, 25, \u00e0s 13h.<\/p>\n<p>Palha\u00e7o Pinduca<br \/>\nEspet\u00e1culo de clown com muita criatividade e humor.<br \/>\nCom Marcelo Selingardi.<br \/>\nTer\u00e7a-feira, 25, \u00e0s 15h.<\/p>\n<p>S\u00e3o Paulo: um ch\u00e3o de estrelas<br \/>\nTrupe musical e divertida conta como S\u00e3o Paulo transformou-se em uma metr\u00f3pole, atrav\u00e9s de personalidades que fizeram hist\u00f3ria na cidade. Com Tr\u00edade Teatral.<br \/>\nTer\u00e7a-feira, 25, \u00e0s 17h.<\/p>\n<p>Bate-papo<br \/>\nCom Hamilton Faria. O poeta e soci\u00f3logo curitibano reside em S\u00e3o Paulo h\u00e1 28 anos e participa ativamente da pol\u00edtica cultural na cidade. Escreveu cinco livros de poesia (Diavir\u00e1, 1977; Esta\u00e7\u00f5es, 1983; Cidades do ser, 1988; Enc\u00e2ntaros, 1995; S\u00fabitos encantos para S\u00e3o Pedra e Espanto, 2000) e participou de 12 antologias no Brasil e no exterior.<br \/>\nTer\u00e7a-feira, 25, \u00e0s 17h30.<\/p>\n<p>Festival de Mulheres MC&#8217;s<br \/>\nEvento que visa estimular e fortalecer a produ\u00e7\u00e3o feminina no rap, por meio de uma premia\u00e7\u00e3o e duas men\u00e7\u00f5es honrosas para grupos femininos ou mistos, desde que a mulher seja protagonista nos vocais, e as letras abordem as rela\u00e7\u00f5es raciais e de g\u00eanero.<br \/>\nTer\u00e7a-feira, 25, das 14h \u00e0s 18h.<\/p>\n<p>Infantil<\/p>\n<p>Jo\u00e3o Boboca ou Jo\u00e3o Sabido?<br \/>\nCaipira chamado Jo\u00e3o n\u00e3o pode comprar nem vender nada, mas trocar, sim. Nesse troca-troca, ningu\u00e9m sabe se Jo\u00e3o \u00e9 boboca ou sabido. De Rosane Pamplona e Ionit Zilberman. Com Tr\u00edade Teatral.<br \/>\nS\u00e1bado, 8, \u00e0s 16h.<\/p>\n<p>Kiriku<br \/>\nNa \u00c1frica Ocidental, nasce um menino min\u00fasculo, cujo tamanho n\u00e3o alcan\u00e7a nem o joelho de um adulto, que tem um destino: enfrentar a poderosa e malvada feiticeira Karab\u00e1. Hist\u00f3ria inspirada em conto popular africano. Com Cia. C\u00ednica.<br \/>\nS\u00e1bados, 8 e 29 de janeiro, \u00e0s 17h30.<\/p>\n<p>Contos e aventuras<br \/>\nApresenta\u00e7\u00e3o das hist\u00f3rias &#8220;Festa no c\u00e9u&#8221; e &#8220;Clara e o pote de leite&#8221;. Com Mar\u00edlia Moreira.<br \/>\nDomingo, 9, \u00e0s 16h.<\/p>\n<p>Capacetinho vermelho<br \/>\nCapacetinho Vermelho decide fazer uma visita para sua av\u00f3, que mora na Lua. Uma vers\u00e3o diferente de &#8220;Chapeuzinho Vermelho&#8221;, de autoria de Fl\u00e1vio de Souza. Com Pierre Cortes.<br \/>\nTer\u00e7a-feira, 11, \u00e0s 11h.<\/p>\n<p>A \u00e1rvore generosa<br \/>\nAmizade entre um menino e uma \u00e1rvore que envelhecem juntos, superando o tempo e os obst\u00e1culos. De Fernando Sabino. Com Tr\u00edade Teatral.<br \/>\nQuinta-feira, 13, \u00e0s 16h.<\/p>\n<p>F\u00e9rias na casa da vov\u00f3<br \/>\nMenino passa f\u00e9rias na fazenda da av\u00f3 e encontra o Saci-Perer\u00ea. Com Rodrigo Lib\u00e2nio.<br \/>\nS\u00e1bado, 15, \u00e0s 16h.<\/p>\n<p>O burro que espirrava dinheiro<br \/>\nUm homem tem tr\u00eas filhos que decidem viajar pelo mundo. Cada um deles ganha um presente m\u00e1gico, mas os dois primeiros s\u00e3o enganados pelo dono de uma hospedaria. O terceiro decide ent\u00e3o resgatar os presentes que foram roubados. Com Pierre Cortes.<br \/>\nDomingo, 16, \u00e0s 16h.<\/p>\n<p>Murucututu, a coruja gigante da noite<br \/>\nMenina que vive com a av\u00f3 faz uso da hist\u00f3ria da Murucututu para assust\u00e1-la cada vez que comete um erro. Uma mudan\u00e7a acontece em sua vida quando a verdadeira coruja a leva para um voo de aventuras e descobertas. Com L\u00edgia Borges.<br \/>\nTer\u00e7a-feira, 18, \u00e0s 16h.<\/p>\n<p>Dona Coelha n\u00e3o pode ter filhinhos<br \/>\nUma coelha n\u00e3o pode ter filhos e, por isso, n\u00e3o faz ovos de P\u00e1scoa. At\u00e9 descobrir que pode ter filhinhos de cora\u00e7\u00e3o. Com Rodrigo Lib\u00e2nio.<br \/>\nQuinta-feira, 20, \u00e0s 16h.<\/p>\n<p>A Bela e o Lagarto<br \/>\nContos Ilustrados com a presen\u00e7a do desenhista Guy Olsson<br \/>\nUm homem com tr\u00eas belas filhas encontra um lagarto que pede a m\u00e3o de uma delas em casamento. Uma hist\u00f3ria de Ernani Ss\u00f3. Com Pierre Cortes.<br \/>\nS\u00e1bado, 22, \u00e0s 16h.<\/p>\n<p>O livro das palavras<br \/>\nPara provar que \u00e9 o livro mais importante de todos, um dicion\u00e1rio vai conhecer o mundo. Em suas andan\u00e7as, depara-se com pessoas e lugares bastante diferentes. De Ricardo Azevedo. Com Tr\u00edade Teatral.<br \/>\nDomingo, 23, \u00e0s 16h.<\/p>\n<p>Alice no Pa\u00eds das Vitaminas<br \/>\nMenina que s\u00f3 come salgadinho, refrigerante, chiclete e chocolate chega em casa depois da escola, dorme no sof\u00e1 e sonha que cai na gaveta de frutas e verduras da geladeira. Come\u00e7a ent\u00e3o uma aventura em um lugar todo colorido. Com Rodrigo Lib\u00e2nio.<br \/>\nS\u00e1bado, 29, \u00e0s 16h.<\/p>\n<p>M\u00fasica na Biblioteca<br \/>\nA Biblioteca de S\u00e3o Paulo oferece um show para voc\u00ea encerrar muito bem o seu dia.<\/p>\n<p>Rodrigo Lemos<br \/>\nUm dos vencedores do X Pr\u00eamio BDMG Instrumental, o m\u00fasico \u00e9 tamb\u00e9m professor de viol\u00e3o e viola caipira. Totalmente autodidata, come\u00e7ou a tocar aos 10 anos de idade.<br \/>\nDomingo, 30, \u00e0s 16h.<\/p>\n<p>Oficinas<\/p>\n<p>R\u00e1dio Oficina Liter\u00e1ria<br \/>\nProjeto de m\u00eddias e literatura que prop\u00f5e a cria\u00e7\u00e3o de esquetes e\/ou programas de &#8220;web-r\u00e1dio&#8221;. Com Vanessa Ferreira (TV Cultura).<br \/>\nTer\u00e7as-feiras, 11 e 18; quintas-feiras, 13, 20 e 27; quarta-feira, 26, das 15h \u00e0s 17h.<\/p>\n<p>Colagem<br \/>\nA atividade procura aliar arte e conscientiza\u00e7\u00e3o ambiental e estimula a criatividade dos participantes por meio da t\u00e9cnica da colagem. Para crian\u00e7as de todas as idades. Com Silvio Alvarez.<br \/>\nQuartas-feiras, 12, 19 e 26, das 11h \u00e0s 13h.<br \/>\nQuintas-feiras, 13, 20 e 27, das 11h \u00e0s 13h.<\/p>\n<p>Ioi\u00f4<br \/>\nCrian\u00e7as e adultos aprendem manobras radicais com especialistas. Com Anselmo e Anik.<br \/>\nS\u00e1bados, 8, 15, 22, 29, das 11h \u00e0s 13h.<br \/>\nN\u00e3o \u00e9 necess\u00e1rio inscrever-se.<\/p>\n<p>Teatro<\/p>\n<p>De verdade<br \/>\nAdapta\u00e7\u00e3o de Jo\u00e3o Paulo Lorenzon do romance do escritor h\u00fangaro Sandor Marai. Retrata um homem maduro, solit\u00e1rio, que n\u00e3o teve coragem de se entregar a duas mulheres.<br \/>\nCom Jo\u00e3o Paulo Lorenzon.<br \/>\nS\u00e1bados, 15 e 28, \u00e0s 18h.<\/p>\n<p>Palha\u00e7o Pinduca<br \/>\nEspet\u00e1culo de clown com muita criatividade e humor.<br \/>\nCom Marcelo Selingardi.<br \/>\nQuinta-feira, 27, \u00e0s 16h.<br \/>\nDomingo, 30, \u00e0s 16h.<\/p>\n<p>S\u00e1bados da Mem\u00f3ria<br \/>\nTodos os s\u00e1bados, \u00e0s 14h, um artista de renome das artes gr\u00e1ficas brasileiras \u00e9 homenageado na Biblioteca de S\u00e3o Paulo. Curadoria: Gualberto Costa e Daniela Baptista.<br \/>\nHomenageados do m\u00eas:<br \/>\n15 &#8211; Fausto<br \/>\n22 &#8211; S\u00e9rgio Morettini<br \/>\n29 &#8211; Batist\u00e3o<\/p>\n<p>Sarau<\/p>\n<p>Chama Po\u00e9tica Especial &#8211; S\u00e3o Paulo 457 anos<br \/>\nM\u00fasica e poesia celebram o anivers\u00e1rio de S\u00e3o Paulo num encontro irresist\u00edvel. Dire\u00e7\u00e3o de Fernanda Almeida Prado.<br \/>\nDomingo, 23, \u00e0s 17h.<\/p>\n<p>Interven\u00e7\u00e3o Educativa<\/p>\n<p>Cantos da leitura<br \/>\nVisitantes ser\u00e3o estimulados a realizar interpreta\u00e7\u00f5es de leitura por meio da m\u00fasica.<br \/>\nCom Abdael Silva, Carlos Braga, Guilherme Rocha, Patr\u00edcia Romiti e Paulo Alan.<br \/>\nQuartas-feiras, 5, 12, 19 e 26, \u00e0s 14h30.<br \/>\nSextas-feiras, 7, 14, 21 e 28, \u00e0s 14h30.<\/p>\n<p>Ler, Fazer, Acontecer<\/p>\n<p>Sarau: &#8220;M\u00fasica \u00e9 leitura&#8221;<br \/>\nO p\u00fablico poder\u00e1 realizar performances diversas  utilizando a arte como instrumento de leitura criativa. Com Patr\u00edcia Romiti.<br \/>\nDomingo, 30, \u00e0s 15h.<\/p>\n<p>Servi\u00e7o<br \/>\nBiblioteca de S\u00e3o Paulo Parque da Juventude<br \/>\nAv. Cruzeiro do Sul, 2630 &#8211; Santana &#8211; S\u00e3o Paulo (SP)<br \/>\nTelefone: (11) 2089-0800<\/p>\n","protected":false},"excerpt":{"rendered":"<p>Programa\u00e7\u00e3o da Biblioteca de S\u00e3o Paulo &#8211; em janeiro, o principal evento da Biblioteca de S\u00e3o Paulo, espa\u00e7o cultural do Governo, administrado em parceria com a Poiesis &#8211; Organiza\u00e7\u00e3o Social de Cultura, \u00e9 a homenagem para o anivers\u00e1rio de S\u00e3o Paulo. Confira a programa\u00e7\u00e3o completa do m\u00eas: Especial 25 de janeiro Sampa-tupi Hist\u00f3ria desvenda, de [&hellip;]<\/p>\n","protected":false},"author":3,"featured_media":0,"comment_status":"open","ping_status":"open","sticky":false,"template":"","format":"standard","meta":{"_genesis_hide_title":false,"_genesis_hide_breadcrumbs":false,"_genesis_hide_singular_image":false,"_genesis_hide_footer_widgets":false,"_genesis_custom_body_class":"","_genesis_custom_post_class":"","_genesis_layout":"","_jetpack_memberships_contains_paid_content":false,"footnotes":""},"categories":[22],"tags":[],"class_list":{"0":"post-32956","1":"post","2":"type-post","3":"status-publish","4":"format-standard","6":"category-brasil","7":"entry","8":"gs-1","9":"gs-odd","10":"gs-even","11":"gs-featured-content-entry"},"jetpack_featured_media_url":"","jetpack_sharing_enabled":true,"jetpack_likes_enabled":true,"_links":{"self":[{"href":"https:\/\/www.redenoticia.com.br\/noticia\/wp-json\/wp\/v2\/posts\/32956","targetHints":{"allow":["GET"]}}],"collection":[{"href":"https:\/\/www.redenoticia.com.br\/noticia\/wp-json\/wp\/v2\/posts"}],"about":[{"href":"https:\/\/www.redenoticia.com.br\/noticia\/wp-json\/wp\/v2\/types\/post"}],"author":[{"embeddable":true,"href":"https:\/\/www.redenoticia.com.br\/noticia\/wp-json\/wp\/v2\/users\/3"}],"replies":[{"embeddable":true,"href":"https:\/\/www.redenoticia.com.br\/noticia\/wp-json\/wp\/v2\/comments?post=32956"}],"version-history":[{"count":0,"href":"https:\/\/www.redenoticia.com.br\/noticia\/wp-json\/wp\/v2\/posts\/32956\/revisions"}],"wp:attachment":[{"href":"https:\/\/www.redenoticia.com.br\/noticia\/wp-json\/wp\/v2\/media?parent=32956"}],"wp:term":[{"taxonomy":"category","embeddable":true,"href":"https:\/\/www.redenoticia.com.br\/noticia\/wp-json\/wp\/v2\/categories?post=32956"},{"taxonomy":"post_tag","embeddable":true,"href":"https:\/\/www.redenoticia.com.br\/noticia\/wp-json\/wp\/v2\/tags?post=32956"}],"curies":[{"name":"wp","href":"https:\/\/api.w.org\/{rel}","templated":true}]}}