{"id":32955,"date":"2010-12-27T11:52:39","date_gmt":"2010-12-27T15:52:39","guid":{"rendered":"http:\/\/www.redenoticia.com.br\/noticia\/?p=32955"},"modified":"2010-12-27T11:52:39","modified_gmt":"2010-12-27T15:52:39","slug":"planta-amazonica-podera-se-tornar-medicamento","status":"publish","type":"post","link":"https:\/\/www.redenoticia.com.br\/noticia\/2010\/planta-amazonica-podera-se-tornar-medicamento\/32955","title":{"rendered":"Planta amaz\u00f4nica poder\u00e1 se tornar medicamento"},"content":{"rendered":"<h2><span style=\"font-weight: normal; font-size: 13px;\">Est\u00e1 em desenvolvimento na Faculdade de Ci\u00eancias  Farmac\u00eauticas de Ribeir\u00e3o Preto (FCFRP) da Universidade de S\u00e3o Paulo (USP) um  anti-inflamat\u00f3rio proveniente do <\/span><span style=\"font-size: 13px;\"><em>\u00f3leo da copa\u00edba<\/em><\/span><span style=\"font-weight: normal; font-size: 13px;\">, \u00e1rvore encontrada em todo o  Brasil, mas com maior concentra\u00e7\u00e3o na Amaz\u00f4nia.<\/span><\/h2>\n<p>Os \u00edndios brasileiros j\u00e1  utilizavam o \u00f3leo como rem\u00e9dio antes da chegada dos portugueses e, ainda hoje, \u00e9  muito f\u00e1cil encontr\u00e1-lo em feiras ou lojas de produtos naturais ou  fitoter\u00e1picos. Popularmente, atribui-se ao \u00f3leo as propriedades  anti-inflamat\u00f3ria, antimicrobiana e cicatrizante. Por enquanto, ao menos a  primeira foi comprovada h\u00e1 alguns anos pelo estudo da FCFRP, coordenado pelo  professor Osvaldo de Freitas. Atualmente, o professor pesquisa a formula\u00e7\u00e3o de  um medicamento \u00e0 base da planta.<\/p>\n<p>Freitas explica que mesmo ap\u00f3s  comprovada a capacidade anti-inflamat\u00f3ria, h\u00e1 muitos passos antes de produzir  algo que possa ser comercializado. &#8220;Medicamento \u00e9 diferente de rem\u00e9dio. Como  rem\u00e9dio, o \u00f3leo de copa\u00edba j\u00e1 \u00e9 usado, mas medicamento precisa passar por v\u00e1rios  testes cient\u00edficos, ser registrado pela Anvisa&#8221;, diz.<\/p>\n<p>A formula\u00e7\u00e3o do  medicamento, desenvolvida em parceria com a Universidade Federal do Rio de  Janeiro (UFRJ), a Funda\u00e7\u00e3o Oswaldo Cruz (Fiocruz) e com a Health, empresa  farmac\u00eautica privada da cidade de Indaiatuba, j\u00e1 foi aprovada para uso em  animais e deve come\u00e7ar a ser testada em seres humanos (testes cl\u00ednicos) em  breve, assim que houver  financiamento.<\/p>\n<p>Fiscaliza\u00e7\u00f5es<\/p>\n<p>Freitas acredita que  dentro de quatro ou cinco anos o produto poder\u00e1 ser comercializado &#8211; fatores  como financiamento para os estudos e a autoriza\u00e7\u00e3o dos \u00f3rg\u00e3os competentes  influenciar\u00e3o no processo. Isso porque a fabrica\u00e7\u00e3o em escala comercial de um  medicamento dependeria da atividade extrativista. Por\u00e9m, como a extra\u00e7\u00e3o do \u00f3leo  pode ser feita sem derrubar as \u00e1rvores, o professor garante que n\u00e3o causaria  nenhum dano. &#8220;O impacto ambiental \u00e9 positivo porque \u00e9 um incentivo para que a  florestas fiquem de p\u00e9 e continuem fornecendo a mat\u00e9ria prima&#8221;,  destaca.<\/p>\n<p>Cabe ao Ibama, al\u00e9m de avaliar o impacto ambiental, decidir se o  medicamento estaria na categoria de Patrim\u00f4nio Gen\u00e9tico e de Conhecimento  Tradicional Associado, mecanismo criado para evitar a biopirataria. Se for  julgado assim, parte do lucro obtido com a poss\u00edvel futura venda do produto iria  para a comunidade de produtores do \u00f3leo da regi\u00e3o amaz\u00f4nica.<\/p>\n<p>Depois que o  desenvolvimento do anti-inflamat\u00f3rio for conclu\u00eddo, o grupo de pesquisa  continuar\u00e1 estudando o \u00f3leo de copa\u00edba, mas para tentar comprovar outra  caracter\u00edstica que lhe \u00e9 atribu\u00edda, a antimicrobiana.<\/p>\n<p>Da  USP<\/p>\n","protected":false},"excerpt":{"rendered":"<p>Est\u00e1 em desenvolvimento na Faculdade de Ci\u00eancias Farmac\u00eauticas de Ribeir\u00e3o Preto (FCFRP) da Universidade de S\u00e3o Paulo (USP) um anti-inflamat\u00f3rio proveniente do \u00f3leo da copa\u00edba, \u00e1rvore encontrada em todo o Brasil, mas com maior concentra\u00e7\u00e3o na Amaz\u00f4nia. Os \u00edndios brasileiros j\u00e1 utilizavam o \u00f3leo como rem\u00e9dio antes da chegada dos portugueses e, ainda hoje, \u00e9 [&hellip;]<\/p>\n","protected":false},"author":3,"featured_media":0,"comment_status":"open","ping_status":"open","sticky":false,"template":"","format":"standard","meta":{"_genesis_hide_title":false,"_genesis_hide_breadcrumbs":false,"_genesis_hide_singular_image":false,"_genesis_hide_footer_widgets":false,"_genesis_custom_body_class":"","_genesis_custom_post_class":"","_genesis_layout":"","_jetpack_memberships_contains_paid_content":false,"footnotes":""},"categories":[22],"tags":[],"class_list":{"0":"post-32955","1":"post","2":"type-post","3":"status-publish","4":"format-standard","6":"category-brasil","7":"entry","8":"gs-1","9":"gs-odd","10":"gs-even","11":"gs-featured-content-entry"},"jetpack_featured_media_url":"","jetpack_sharing_enabled":true,"jetpack_likes_enabled":true,"_links":{"self":[{"href":"https:\/\/www.redenoticia.com.br\/noticia\/wp-json\/wp\/v2\/posts\/32955","targetHints":{"allow":["GET"]}}],"collection":[{"href":"https:\/\/www.redenoticia.com.br\/noticia\/wp-json\/wp\/v2\/posts"}],"about":[{"href":"https:\/\/www.redenoticia.com.br\/noticia\/wp-json\/wp\/v2\/types\/post"}],"author":[{"embeddable":true,"href":"https:\/\/www.redenoticia.com.br\/noticia\/wp-json\/wp\/v2\/users\/3"}],"replies":[{"embeddable":true,"href":"https:\/\/www.redenoticia.com.br\/noticia\/wp-json\/wp\/v2\/comments?post=32955"}],"version-history":[{"count":0,"href":"https:\/\/www.redenoticia.com.br\/noticia\/wp-json\/wp\/v2\/posts\/32955\/revisions"}],"wp:attachment":[{"href":"https:\/\/www.redenoticia.com.br\/noticia\/wp-json\/wp\/v2\/media?parent=32955"}],"wp:term":[{"taxonomy":"category","embeddable":true,"href":"https:\/\/www.redenoticia.com.br\/noticia\/wp-json\/wp\/v2\/categories?post=32955"},{"taxonomy":"post_tag","embeddable":true,"href":"https:\/\/www.redenoticia.com.br\/noticia\/wp-json\/wp\/v2\/tags?post=32955"}],"curies":[{"name":"wp","href":"https:\/\/api.w.org\/{rel}","templated":true}]}}