{"id":32953,"date":"2010-12-27T11:48:32","date_gmt":"2010-12-27T15:48:32","guid":{"rendered":"http:\/\/www.redenoticia.com.br\/noticia\/?p=32953"},"modified":"2010-12-27T11:48:32","modified_gmt":"2010-12-27T15:48:32","slug":"novas-areas-de-conservacao","status":"publish","type":"post","link":"https:\/\/www.redenoticia.com.br\/noticia\/2010\/novas-areas-de-conservacao\/32953","title":{"rendered":"Novas \u00e1reas de conserva\u00e7\u00e3o"},"content":{"rendered":"<div>\n<h3><span style=\"font-size: 13px; font-weight: normal;\">Ag\u00eancia FAPESP <\/span><span style=\"font-weight: normal; font-size: 13px;\">\u2013 O Estado de S\u00e3o Paulo ter\u00e1 mais <\/span><span style=\"font-size: 13px;\"><em>\u00e1reas de <\/em><\/span><span style=\"font-size: 13px;\"><em>preserva\u00e7\u00e3o  ambiental<\/em><\/span><span style=\"font-weight: normal; font-size: 13px;\">. O Conselho Estadual do Meio Ambiente (Consema) aprovou por  unanimidade, no dia 21, a cria\u00e7\u00e3o de duas novas Unidades de Conserva\u00e7\u00e3o (UCs),  em Mar\u00edlia e Avar\u00e9, e de uma Floresta Estadual, em Campinas.<\/span><\/h3>\n<\/div>\n<div>\n<p>As novas unidades est\u00e3o localizadas onde antes havia esta\u00e7\u00f5es experimentais  ligadas ao Instituto Florestal. A Esta\u00e7\u00e3o Ecol\u00f3gica de Mar\u00edlia permitir\u00e1  aumentar a prote\u00e7\u00e3o ambiental na regi\u00e3o. O n\u00edvel de preserva\u00e7\u00e3o atual do  territ\u00f3rio \u00e9 de cerca de 6,5%, \u00edndice inferior \u00e0 m\u00e9dia do estado (17,5%).<\/p>\n<p>O local fica ao norte do munic\u00edpio e det\u00e9m animais e plantas amea\u00e7ados de  extin\u00e7\u00e3o. De acordo com a Secretaria do Meio Ambiente, a medida tamb\u00e9m pode  estimular a pesquisa ambiental em Mar\u00edlia j\u00e1 que h\u00e1 forte presen\u00e7a de  universidades na regi\u00e3o.<\/p>\n<p>A outra unidade de conserva\u00e7\u00e3o \u00e9 a Esta\u00e7\u00e3o Ecol\u00f3gica de Avar\u00e9, em que h\u00e1  predomin\u00e2ncia do Cerrado paulista. Hoje, o bioma det\u00e9m apenas 0,83% de sua  vegeta\u00e7\u00e3o original, o que evidencia a import\u00e2ncia da preserva\u00e7\u00e3o. Foram  encontradas 113 esp\u00e9cies de aves, sendo tr\u00eas amea\u00e7adas de extin\u00e7\u00e3o, e dez  mam\u00edferos, dois em risco.<\/p>\n<p>A nova Floresta Estadual de Campinas est\u00e1 na regi\u00e3o do Parque Jambeiro,  considerado a \u00fanica \u00e1rea verde expressiva do bairro localizado na regi\u00e3o sul do  munic\u00edpio. Segundo a Secretaria do Meio Ambiente, Campinas det\u00e9m apenas 2,6% de  preserva\u00e7\u00e3o nativa e a cria\u00e7\u00e3o da Floresta permitir\u00e1 tamb\u00e9m conter o avan\u00e7o  imobili\u00e1rio.<\/p>\n<p>Mais informa\u00e7\u00f5es: <a href=\"http:\/\/www.ambiente.sp.gov.br\/\" target=\"_blank\">www.ambiente.sp.gov.br<\/a><\/p>\n<\/div>\n","protected":false},"excerpt":{"rendered":"<p>Ag\u00eancia FAPESP \u2013 O Estado de S\u00e3o Paulo ter\u00e1 mais \u00e1reas de preserva\u00e7\u00e3o ambiental. O Conselho Estadual do Meio Ambiente (Consema) aprovou por unanimidade, no dia 21, a cria\u00e7\u00e3o de duas novas Unidades de Conserva\u00e7\u00e3o (UCs), em Mar\u00edlia e Avar\u00e9, e de uma Floresta Estadual, em Campinas. As novas unidades est\u00e3o localizadas onde antes havia [&hellip;]<\/p>\n","protected":false},"author":3,"featured_media":0,"comment_status":"open","ping_status":"open","sticky":false,"template":"","format":"standard","meta":{"_genesis_hide_title":false,"_genesis_hide_breadcrumbs":false,"_genesis_hide_singular_image":false,"_genesis_hide_footer_widgets":false,"_genesis_custom_body_class":"","_genesis_custom_post_class":"","_genesis_layout":"","_jetpack_memberships_contains_paid_content":false,"footnotes":""},"categories":[22],"tags":[],"class_list":{"0":"post-32953","1":"post","2":"type-post","3":"status-publish","4":"format-standard","6":"category-brasil","7":"entry","8":"gs-1","9":"gs-odd","10":"gs-even","11":"gs-featured-content-entry"},"jetpack_featured_media_url":"","jetpack_sharing_enabled":true,"jetpack_likes_enabled":true,"_links":{"self":[{"href":"https:\/\/www.redenoticia.com.br\/noticia\/wp-json\/wp\/v2\/posts\/32953","targetHints":{"allow":["GET"]}}],"collection":[{"href":"https:\/\/www.redenoticia.com.br\/noticia\/wp-json\/wp\/v2\/posts"}],"about":[{"href":"https:\/\/www.redenoticia.com.br\/noticia\/wp-json\/wp\/v2\/types\/post"}],"author":[{"embeddable":true,"href":"https:\/\/www.redenoticia.com.br\/noticia\/wp-json\/wp\/v2\/users\/3"}],"replies":[{"embeddable":true,"href":"https:\/\/www.redenoticia.com.br\/noticia\/wp-json\/wp\/v2\/comments?post=32953"}],"version-history":[{"count":0,"href":"https:\/\/www.redenoticia.com.br\/noticia\/wp-json\/wp\/v2\/posts\/32953\/revisions"}],"wp:attachment":[{"href":"https:\/\/www.redenoticia.com.br\/noticia\/wp-json\/wp\/v2\/media?parent=32953"}],"wp:term":[{"taxonomy":"category","embeddable":true,"href":"https:\/\/www.redenoticia.com.br\/noticia\/wp-json\/wp\/v2\/categories?post=32953"},{"taxonomy":"post_tag","embeddable":true,"href":"https:\/\/www.redenoticia.com.br\/noticia\/wp-json\/wp\/v2\/tags?post=32953"}],"curies":[{"name":"wp","href":"https:\/\/api.w.org\/{rel}","templated":true}]}}