{"id":32936,"date":"2010-12-24T15:26:24","date_gmt":"2010-12-24T19:26:24","guid":{"rendered":"http:\/\/www.redenoticia.com.br\/noticia\/?p=32936"},"modified":"2010-12-25T14:19:34","modified_gmt":"2010-12-25T18:19:34","slug":"meteorologia-%e2%80%93-previsao-do-tempo-para-este-sabado-2512","status":"publish","type":"post","link":"https:\/\/www.redenoticia.com.br\/noticia\/2010\/meteorologia-%e2%80%93-previsao-do-tempo-para-este-sabado-2512\/32936","title":{"rendered":"Meteorologia \u2013 previs\u00e3o do tempo para este s\u00e1bado 25\/12"},"content":{"rendered":"<p><img loading=\"lazy\" decoding=\"async\" class=\"alignleft size-full wp-image-28409\" title=\"previsao do tempo e temperatura\" src=\"https:\/\/www.redenoticia.com.br\/noticia\/imagens\/previsao-do-tempo-e-temperatura.jpg\" alt=\"\" width=\"300\" height=\"193\" srcset=\"https:\/\/www.redenoticia.com.br\/noticia\/imagens\/previsao-do-tempo-e-temperatura.jpg 300w, https:\/\/www.redenoticia.com.br\/noticia\/imagens\/previsao-do-tempo-e-temperatura-250x160.jpg 250w, https:\/\/www.redenoticia.com.br\/noticia\/imagens\/previsao-do-tempo-e-temperatura-150x96.jpg 150w\" sizes=\"auto, (max-width: 300px) 100vw, 300px\" \/><\/p>\n<p>Previs\u00e3o do tempo \u2013 a <strong><em>meteorologia<\/em><\/strong> divulgou a <strong><em>previs\u00e3o do tempo<\/em><\/strong> e temperatura para este s\u00e1bado (<strong><em>25\/12<\/em><\/strong>) e informa que \u00e1reas de instabilidade deixar\u00e3o o c\u00e9u nublado com pancadas de chuva em grande parte das Regi\u00f5es Norte, Centro-Oeste, Sul e Sudeste. Segundo a previs\u00e3o do tempo em algumas localidades dessas \u00e1reas poder\u00e1 chover forte com raios e rajadas de vento, chuva que poder\u00e1 causar transtornos e preju\u00edzos \u00e0 popula\u00e7\u00e3o. Dados da previs\u00e3o do tempo indicam que na faixa leste do PR e de SP o dia ter\u00e1 varia\u00e7\u00e3o de nebulosidade e pancadas de chuva \u00e0 tarde. O dia ser\u00e1 de sol e poucas nuvens no nordeste da BA, em SE, AL e no leste de PE e da PB. No sul do RS o sol predominar\u00e1. A previs\u00e3o do tempo destaca que nas demais \u00e1reas do pa\u00eds haver\u00e1 varia\u00e7\u00e3o de nebulosidade e pancadas de chuva. As temperaturas estar\u00e3o est\u00e1veis.<\/p>\n<p>Vale do Para\u00edba \u2013 previs\u00e3o do tempo no s\u00e1bado (25\/12) haver\u00e1 varia\u00e7\u00e3o de nebulosidade e as temperaturas estar\u00e3o em eleva\u00e7\u00e3o. Haver\u00e1 uma pequena chance de pancada de chuva localizada nas \u00e1reas da Serra da Mantiqueira e do Vale. As temperaturas m\u00e1ximas estar\u00e3o em eleva\u00e7\u00e3o.<\/p>\n<p>Regi\u00e3o Centro-Oeste \u2013 previs\u00e3o do tempo em 25\/12\/2010: Em todas as \u00e1reas da Regi\u00e3o: sol com varia\u00e7\u00e3o de nuvens e pancadas de chuva isoladas. Temperaturas est\u00e1veis. Temperatura m\u00e1xima: 35C no noroeste do MT. Temperatura m\u00ednima: 17C no DF.<\/p>\n<p>Regi\u00e3o Nordeste \u2013 previs\u00e3o do tempo em 25\/12\/2010: No leste do nordeste: sol entre poucas nuvens. Nas demais \u00e1reas: sol entre nuvens e pancadas de chuva. Temperaturas elevadas. Temperatura m\u00e1xima: 34C no norte do PI. Temperatura m\u00ednima: 16C no interior da BA.<\/p>\n<p>Regi\u00e3o Norte \u2013 previs\u00e3o do tempo em 25\/12\/2010: Em todas as \u00e1reas da Regi\u00e3o: sol com varia\u00e7\u00e3o de nuvens e pancadas de chuva. Temperaturas est\u00e1veis. Temperatura m\u00e1xima: 34C no norte do PA. Temperatura m\u00ednima: 16C no noroeste de RR.<\/p>\n<p>Regi\u00e3o Sudeste \u2013 previs\u00e3o do tempo em 25\/12\/2010: No litoral de SP: sol com varia\u00e7\u00e3o de nebulosidade. Nas demais \u00e1reas: muitas nuvens e pancadas de chuva. Temperaturas est\u00e1veis. Temperatura m\u00e1xima: 33C no norte de MG. Temperatura m\u00ednima: 12C na serra da Mantiqueira.<\/p>\n<p>Regi\u00e3o Sul \u2013 previs\u00e3o do tempo em 25\/12\/2010: No sul do RS: predom\u00ednio de sol. Nas demais \u00e1reas da Regi\u00e3o: sol entre nuvens e pancadas de chuva. Temperaturas est\u00e1veis. Temperatura m\u00e1xima: 34C no oeste do RS. Temperatura m\u00ednima: 15C na serra.<\/p>\n<p>Previs\u00e3o do tempo e temperatura CPTEC<\/p>\n","protected":false},"excerpt":{"rendered":"<p>Previs\u00e3o do tempo \u2013 a meteorologia divulgou a previs\u00e3o do tempo e temperatura para este s\u00e1bado (25\/12) e informa que \u00e1reas de instabilidade deixar\u00e3o o c\u00e9u nublado com pancadas de chuva em grande parte das Regi\u00f5es Norte, Centro-Oeste, Sul e Sudeste. Segundo a previs\u00e3o do tempo em algumas localidades dessas \u00e1reas poder\u00e1 chover forte com [&hellip;]<\/p>\n","protected":false},"author":3,"featured_media":28409,"comment_status":"open","ping_status":"open","sticky":false,"template":"","format":"standard","meta":{"_genesis_hide_title":false,"_genesis_hide_breadcrumbs":false,"_genesis_hide_singular_image":false,"_genesis_hide_footer_widgets":false,"_genesis_custom_body_class":"","_genesis_custom_post_class":"","_genesis_layout":"","_jetpack_memberships_contains_paid_content":false,"footnotes":""},"categories":[22],"tags":[],"class_list":{"0":"post-32936","1":"post","2":"type-post","3":"status-publish","4":"format-standard","5":"has-post-thumbnail","7":"category-brasil","8":"entry","9":"gs-1","10":"gs-odd","11":"gs-even","12":"gs-featured-content-entry"},"jetpack_featured_media_url":"https:\/\/www.redenoticia.com.br\/noticia\/imagens\/previsao-do-tempo-e-temperatura.jpg","jetpack_sharing_enabled":true,"jetpack_likes_enabled":true,"_links":{"self":[{"href":"https:\/\/www.redenoticia.com.br\/noticia\/wp-json\/wp\/v2\/posts\/32936","targetHints":{"allow":["GET"]}}],"collection":[{"href":"https:\/\/www.redenoticia.com.br\/noticia\/wp-json\/wp\/v2\/posts"}],"about":[{"href":"https:\/\/www.redenoticia.com.br\/noticia\/wp-json\/wp\/v2\/types\/post"}],"author":[{"embeddable":true,"href":"https:\/\/www.redenoticia.com.br\/noticia\/wp-json\/wp\/v2\/users\/3"}],"replies":[{"embeddable":true,"href":"https:\/\/www.redenoticia.com.br\/noticia\/wp-json\/wp\/v2\/comments?post=32936"}],"version-history":[{"count":0,"href":"https:\/\/www.redenoticia.com.br\/noticia\/wp-json\/wp\/v2\/posts\/32936\/revisions"}],"wp:featuredmedia":[{"embeddable":true,"href":"https:\/\/www.redenoticia.com.br\/noticia\/wp-json\/wp\/v2\/media\/28409"}],"wp:attachment":[{"href":"https:\/\/www.redenoticia.com.br\/noticia\/wp-json\/wp\/v2\/media?parent=32936"}],"wp:term":[{"taxonomy":"category","embeddable":true,"href":"https:\/\/www.redenoticia.com.br\/noticia\/wp-json\/wp\/v2\/categories?post=32936"},{"taxonomy":"post_tag","embeddable":true,"href":"https:\/\/www.redenoticia.com.br\/noticia\/wp-json\/wp\/v2\/tags?post=32936"}],"curies":[{"name":"wp","href":"https:\/\/api.w.org\/{rel}","templated":true}]}}