{"id":32930,"date":"2010-12-23T14:21:39","date_gmt":"2010-12-23T18:21:39","guid":{"rendered":"http:\/\/www.redenoticia.com.br\/noticia\/?p=32930"},"modified":"2010-12-23T14:21:39","modified_gmt":"2010-12-23T18:21:39","slug":"novo-calendario-de-vacinacao-pelo-sus-para-2011","status":"publish","type":"post","link":"https:\/\/www.redenoticia.com.br\/noticia\/2010\/novo-calendario-de-vacinacao-pelo-sus-para-2011\/32930","title":{"rendered":"Novo calend\u00e1rio de vacina\u00e7\u00e3o pelo SUS para 2011"},"content":{"rendered":"<p>A Secretaria da Sa\u00fade definiu um novo <strong><em>calend\u00e1rio oficial de vacina\u00e7\u00e3o<\/em><\/strong><em><\/em> pelo Sistema \u00danico de Sa\u00fade (SUS) para o ano de 2011. H\u00e1 tr\u00eas novidades em rela\u00e7\u00e3o ao calend\u00e1rio atual. Haver\u00e1 inclus\u00e3o, na rotina, da vacina pneumoc\u00f3cia 10-valente, que protege crian\u00e7as contra uma bact\u00e9ria causadora de infec\u00e7\u00f5es respirat\u00f3rias, e da meningoc\u00f3cica, que imuniza contra a meningite C.<\/p>\n<p>Outra mudan\u00e7a \u00e9 a amplia\u00e7\u00e3o da idade para imuniza\u00e7\u00e3o contra a hepatite B, agora dispon\u00edveis para os paulistas de 1 a 24 anos. Antes, apenas pessoas at\u00e9 19 anos de idade tinham direito a esta vacina. As altera\u00e7\u00f5es seguem diretrizes preconizadas pelo Minist\u00e9rio da Sa\u00fade.<\/p>\n<p>As vacinas do calend\u00e1rio da rede p\u00fablica contemplam todas as faixas et\u00e1rias e \u00e9 importante que toda a popula\u00e7\u00e3o paulista esteja atenta aos refor\u00e7os necess\u00e1rios durante toda a vida. Todas as vacinas s\u00e3o oferecidas gratuitamente.<\/p>\n<p>A vacina dupla adulta, contra difteria e t\u00e9tano, por exemplo, deve ser tomada a cada 10 anos. Do total de casos de t\u00e9tano acidental registrado no estado de S\u00e3o Paulo nos \u00faltimos cinco anos praticamente todos os casos foram em adultos maiores de 30 anos (99,9%). A  vacina contra a febre amarela tamb\u00e9m tem validade de uma d\u00e9cada, para as pessoas que v\u00e3o viajar ou residem em \u00e1reas consideradas de risco.<\/p>\n<p>&#8220;Os jovens e adultos precisam se conscientizar de que vacina\u00e7\u00e3o n\u00e3o \u00e9 apenas para crian\u00e7as. \u00c9 um \u00f3timo meio de preven\u00e7\u00e3o de doen\u00e7as, dispon\u00edvel gratuitamente para todos&#8221;, explica Helena Sato, diretora de Imuniza\u00e7\u00e3o da Secretaria.<\/p>\n<p>As vacinas est\u00e3o dispon\u00edveis nos postos de sa\u00fade, que abrem rotineiramente de segunda a sexta-feira, das 8 \u00e0s 17 horas.<\/p>\n<p>Calend\u00e1rio de vacina\u00e7\u00e3o para crian\u00e7as at\u00e9 seis anos de idade &#8211; 2011<\/p>\n<p>Ao nascer &#8211; BCG + HEPATITE B<br \/>\n2 meses &#8211; POLIOMIELITE (ORAL) + HEPATITE B + DTP-Hib + ROTAV\u00cdRUS<br \/>\n3 meses &#8211; PNEUMOC\u00d3CICA 10 valente + MENINGOC\u00d3CICA C<br \/>\n4 meses &#8211; POLIOMIELITE (ORAL) + DTP-Hib + ROTAVIRUS<br \/>\n5 meses &#8211; PNEUMOC\u00d3CICA 10 valente + MENINGOC\u00d3CICA C<br \/>\n6 meses &#8211; POLIOMIELITE (ORAL) + DTP-Hib + HEPATITE B<br \/>\n7 meses &#8211; PNEUMOC\u00d3CICA 10 valente<br \/>\n9 meses &#8211; FEBRE AMARELA1<br \/>\n12 meses &#8211; SARAMPO-CAXUMBA-RUB\u00c9OLA + MENINGOC\u00d3CICA C<br \/>\n15 meses &#8211; POLIOMIELITE (ORAL) + DTP + PNEUMOC\u00d3CICA 10 valente<br \/>\n4 a 6 anos &#8211; POLIOMIELITE (ORAL) + DTP + SARAMPO-CAXUMBA-RUB\u00c9OLA<\/p>\n<p>1. Para pessoas que residem ou viajam para regi\u00f5es onde houver indica\u00e7\u00e3o, de acordo com a situa\u00e7\u00e3o epidemiol\u00f3gica. Refor\u00e7o a cada dez anos.<\/p>\n<p>BCG: vacina contra a tuberculose<br \/>\nPOLIOMIELITE: vacina poliomielite 1, 2 e 3 (atenuada)<br \/>\nHEPATITE B: vacina hepatite B (recombinante)<br \/>\nDTP- Hib: vacina adsorvida difteria, t\u00e9tano, pertussis, e Haemophilus influenzae b (conjugada)<br \/>\nROTAVIRUS: vacina rotavirus humano G1P1[8] (atenuada)<br \/>\nPNEUMOC\u00d3CICA 10-valente: vacina pneumoc\u00f3cica 10-valente (conjugada)<br \/>\nMENINGOC\u00d3CICA C: vacina meningoc\u00f3cica C (conjugada)<br \/>\nFEBRE AMARELA: vacina febre amarela (atenuada)<br \/>\nSARAMPO-CAXUMBA-RUB\u00c9OLA: vacina sarampo, caxumba, rub\u00e9ola<br \/>\nDTP: vacina adsorvida difteria, t\u00e9tano e pertussis<br \/>\ndT: vacina adsorvida difteria e t\u00e9tano adulto<\/p>\n<p>Calend\u00e1rio de vacina\u00e7\u00e3o para crian\u00e7as (maiores de sete anos) e adolescentes &#8211; 2011<\/p>\n<p>PRIMEIRA VISITA &#8211; BCG2 DOSE \u00daNICA, HEPATITE B (PRIMEIRA DOSE), dT (PRIMEIRA DOSE), POLIOMIELITE ORAL (PRIMEIRA DOSE), SARAMPO-CAXUMBA-RUB\u00c9OLA (PRIMEIRA DOSE)<br \/>\nDOIS MESES AP\u00d3S A PRIMEIRA VISITA &#8211; HEPATITE B (SEGUNDA DOSE), dT (SEGUNDA DOSE), POLIOMIELITE ORAL (SEGUNDA DOSE), SARAMPO-CAXUMBA-RUB\u00c9OLA (SEGUNDA DOSE), FEBRE AMARELA\u00b9 (DOSE INICIAL)<br \/>\nQUATRO MESES AP\u00d3S A PRIMEIRA VISITA &#8211; HEPATITE B (TERCEIRA DOSE), Dt (TERCEIRA DOSE), POLIOMIELITE ORAL (TERCEIRA DOSE)<br \/>\nA CADA DEZ ANOS &#8211; dT (REFOR\u00c7O), FEBRE AMARELA\u00b9 (REFOR\u00c7O)<\/p>\n<p>* AMARELA\u00b9- Para pessoas que residem ou viajam para regi\u00f5es onde houver indica\u00e7\u00e3o, de acordo com a situa\u00e7\u00e3o epidemiol\u00f3gica.<\/p>\n<p>Calend\u00e1rio de Vacina\u00e7\u00e3o para Adultos entre 20 e 59 anos &#8211; 2011<\/p>\n<p>PRIMEIRA VISITA &#8211; dT (PRIMEIRA DOSE), SARAMPO -CAXUMBA-RUB\u00c9OLA (DOSE \u00daNICA), FEBRE AMARELA\u00b9 (DOSE INICIAL), HEPATITE B\u00b2 (PRIMEIRA DOSE)<br \/>\nDOIS MESES AP\u00d3S A PRIMEIRA VISITA &#8211; Dt (SEGUNDA DOSE), HEPATITE B\u00b2 (SEGUNDA DOSE)<br \/>\nSEIS MESES AP\u00d3S A PRIMEIRA VISITA &#8211; Dt (TERCEIRA DOSE), HEPATITE B\u00b2 (TERCEIRA DOSE)<br \/>\nA CADA DEZ ANOS &#8211; dT (REFOR\u00c7O), FEBRE AMARELA\u00b9 (REFOR\u00c7O)<\/p>\n<p>1 &#8211; Para pessoas que residem ou viajam para regi\u00f5es onde houver indica\u00e7\u00e3o, de acordo com a situa\u00e7\u00e3o epidemiol\u00f3gica.<br \/>\n2 &#8211; Dispon\u00edvel na rede p\u00fablica para pessoas at\u00e9 24 anos de idade a partir de 2011.<\/p>\n<p>Calend\u00e1rio de Vacina\u00e7\u00e3o para Adultos com 60 anos ou mais de idade &#8211; 2011<\/p>\n<p>PRIMEIRA VISITA &#8211; dT (PRIMEIRA DOSE), FEBRE AMARELA\u00b9 (DOSE INICIAL)<br \/>\nDOIS MESES AP\u00d3S A PRIMEIRA VISITA &#8211; Dt (SEGUNDA DOSE)<br \/>\nQUATRO MESES AP\u00d3S A PRIMEIRA VISITA &#8211; Dt (TERCEIRA DOSE)<br \/>\nANUALMENTE &#8211; INFLUENZA\u00b2<br \/>\nA CADA DEZ ANOS &#8211; dT (REFOR\u00c7O), FEBRE AMARELA\u00b9 (REFOR\u00c7O)<\/p>\n<p>1 &#8211; Para pessoas que residem ou viajam para regi\u00f5es onde houver indica\u00e7\u00e3o, de acordo com a situa\u00e7\u00e3o epidemiol\u00f3gica e avalia\u00e7\u00e3o do benef\u00edcio da vacina.<br \/>\n2 &#8211; Dispon\u00edvel na rede p\u00fablica durante per\u00edodos de campanha.<\/p>\n<p>Da Secretaria da Sa\u00fade SP<\/p>\n","protected":false},"excerpt":{"rendered":"<p>A Secretaria da Sa\u00fade definiu um novo calend\u00e1rio oficial de vacina\u00e7\u00e3o pelo Sistema \u00danico de Sa\u00fade (SUS) para o ano de 2011. H\u00e1 tr\u00eas novidades em rela\u00e7\u00e3o ao calend\u00e1rio atual. Haver\u00e1 inclus\u00e3o, na rotina, da vacina pneumoc\u00f3cia 10-valente, que protege crian\u00e7as contra uma bact\u00e9ria causadora de infec\u00e7\u00f5es respirat\u00f3rias, e da meningoc\u00f3cica, que imuniza contra a [&hellip;]<\/p>\n","protected":false},"author":3,"featured_media":0,"comment_status":"open","ping_status":"open","sticky":false,"template":"","format":"standard","meta":{"_genesis_hide_title":false,"_genesis_hide_breadcrumbs":false,"_genesis_hide_singular_image":false,"_genesis_hide_footer_widgets":false,"_genesis_custom_body_class":"","_genesis_custom_post_class":"","_genesis_layout":"","_jetpack_memberships_contains_paid_content":false,"footnotes":""},"categories":[22],"tags":[],"class_list":{"0":"post-32930","1":"post","2":"type-post","3":"status-publish","4":"format-standard","6":"category-brasil","7":"entry","8":"gs-1","9":"gs-odd","10":"gs-even","11":"gs-featured-content-entry"},"jetpack_featured_media_url":"","jetpack_sharing_enabled":true,"jetpack_likes_enabled":true,"_links":{"self":[{"href":"https:\/\/www.redenoticia.com.br\/noticia\/wp-json\/wp\/v2\/posts\/32930","targetHints":{"allow":["GET"]}}],"collection":[{"href":"https:\/\/www.redenoticia.com.br\/noticia\/wp-json\/wp\/v2\/posts"}],"about":[{"href":"https:\/\/www.redenoticia.com.br\/noticia\/wp-json\/wp\/v2\/types\/post"}],"author":[{"embeddable":true,"href":"https:\/\/www.redenoticia.com.br\/noticia\/wp-json\/wp\/v2\/users\/3"}],"replies":[{"embeddable":true,"href":"https:\/\/www.redenoticia.com.br\/noticia\/wp-json\/wp\/v2\/comments?post=32930"}],"version-history":[{"count":0,"href":"https:\/\/www.redenoticia.com.br\/noticia\/wp-json\/wp\/v2\/posts\/32930\/revisions"}],"wp:attachment":[{"href":"https:\/\/www.redenoticia.com.br\/noticia\/wp-json\/wp\/v2\/media?parent=32930"}],"wp:term":[{"taxonomy":"category","embeddable":true,"href":"https:\/\/www.redenoticia.com.br\/noticia\/wp-json\/wp\/v2\/categories?post=32930"},{"taxonomy":"post_tag","embeddable":true,"href":"https:\/\/www.redenoticia.com.br\/noticia\/wp-json\/wp\/v2\/tags?post=32930"}],"curies":[{"name":"wp","href":"https:\/\/api.w.org\/{rel}","templated":true}]}}