{"id":32929,"date":"2010-12-23T14:13:29","date_gmt":"2010-12-23T18:13:29","guid":{"rendered":"http:\/\/www.redenoticia.com.br\/noticia\/?p=32929"},"modified":"2010-12-23T14:13:29","modified_gmt":"2010-12-23T18:13:29","slug":"esquema-especial-em-rodovias-durante-a-operacao-verao","status":"publish","type":"post","link":"https:\/\/www.redenoticia.com.br\/noticia\/2010\/esquema-especial-em-rodovias-durante-a-operacao-verao\/32929","title":{"rendered":"Esquema especial em rodovias durante a Opera\u00e7\u00e3o Ver\u00e3o"},"content":{"rendered":"<p>Durante a Opera\u00e7\u00e3o Ver\u00e3o 2010-2011, as <em><strong>rodovias<\/strong> <\/em>que levam ao <strong><em>litoral paulista<\/em><\/strong> ter\u00e3o um esquema especial de <strong><em>funcionamento<\/em><\/strong> para garantir aos usu\u00e1rios condi\u00e7\u00f5es de conforto, fluidez e seguran\u00e7a durante a viagem. Confira as mudan\u00e7as:<\/p>\n<p>Sistema Ayrton Senna \/ Carvalho Pinto<\/p>\n<p>A concession\u00e1ria Ecopistas estima que o tr\u00e1fego durante a Opera\u00e7\u00e3o Ver\u00e3o seja de mais de 8,5 milh\u00f5es de ve\u00edculos nos dois sentidos das rodovias. Nos per\u00edodos de grande demanda, al\u00e9m da abertura de todas as cabines das pra\u00e7as de ped\u00e1gio, ser\u00e3o implantadas Opera\u00e7\u00f5es Papa-fila. Al\u00e9m disso, ser\u00e3o mantidos 65 papa-filas em todos os fins de semanas normais e prolongados distribu\u00eddos nas pra\u00e7as.<\/p>\n<p>Durante a Opera\u00e7\u00e3o, al\u00e9m das fiscaliza\u00e7\u00f5es de rotina, ainda ser\u00e3o executadas nas pra\u00e7as de ped\u00e1gio, durante os finais de semana, a &#8220;Opera\u00e7\u00e3o Cavalo de A\u00e7o&#8221;, que vistoria todas as motocicletas que trafegam no sistema de forma a contribuir com a redu\u00e7\u00e3o de acidentes nesse segmento de transporte.<\/p>\n<p>As opera\u00e7\u00f5es de cargas superdimensionadas no Sistema Ayrton Senna\/Carvalho Pinto, est\u00e3o suspensas do dia 17 de dezembro de 2010 at\u00e9 o dia 9 de janeiro de 2011.<\/p>\n<p>Sistema Anchieta \/ Imigrantes<\/p>\n<p>A previs\u00e3o da concession\u00e1ria Ecovias \u00e9 que mais de 3,3 milh\u00f5es de ve\u00edculos passem pelo sistema durante a Opera\u00e7\u00e3o Ver\u00e3o. At\u00e9 o fim da Opera\u00e7\u00e3o, a Rodovia Padre Manoel da N\u00f3brega ter\u00e1 uma terceira faixa operacional para descida com 21,6 km de extens\u00e3o &#8211; do km 270 (Cubat\u00e3o) ao km 292 (Praia Grande). Tamb\u00e9m ser\u00e3o implantadas opera\u00e7\u00f5es descida e subida nas Rodovias Anchieta e Imigrantes de acordo com a exig\u00eancia do per\u00edodo para melhorar a fluidez do tr\u00e1fego.<\/p>\n<p>Entre os dias 17 de dezembro de 2010 e 10 de janeiro de 2011, est\u00e3o suspensas as opera\u00e7\u00f5es de cargas superdimensionadas.<\/p>\n<p>Estradas operadas pelo DER<\/p>\n<p>Nas rodovias em dire\u00e7\u00e3o ao litoral administradas pelo DER (Padre Manoel da N\u00f3brega &#8211; SP 055, Manoel Hyppolito Rego &#8211; SP 055, Mogi-Bertioga SP 098, Tamois &#8211; SP 099, Oswaldo Cruz &#8211; SP 125 e Floriano Rodrigues Pinheiro &#8211; SP 123), devem circular quase um milh\u00e3o de ve\u00edculos apenas entre Natal e Ano Novo.<\/p>\n<p>Rodovia dos Tamoios (SP 099)<br \/>\nNo trecho de serra com in\u00edcio no km 68, ser\u00e1 implantada, se necess\u00e1ria, uma faixa suplementar para a descida. Os usu\u00e1rios ser\u00e3o informados quanto \u00e0s condi\u00e7\u00f5es, alternativas de tr\u00e1fego e tempo de viagem, atrav\u00e9s de pain\u00e9is de mensagens no km 21 (sentido litoral) e km 82, sentido S\u00e3o Jos\u00e9 dos Campos. A opera\u00e7\u00e3o &#8220;Pare e Siga&#8221; poder\u00e1 ser implantada nos pontos de estreitamento das pontes (Jambeiro e Paraibuna). O usu\u00e1rio poder\u00e1 recorrer a um posto de informa\u00e7\u00f5es do km 34 (Paraibuna), que tamb\u00e9m distribuir\u00e1 material educativo da campanha.<\/p>\n<p>Rio-Santos (SP 055)<br \/>\nDurante a opera\u00e7\u00e3o descida ser\u00e1 executado, sempre que necess\u00e1rio, um desvio na altura do km 215, para desafogar o fluxo dos ve\u00edculos que acessam a rodovia chegando pela SP 098 (Mogi-Bertioga), com destino ao litoral norte ou Riviera de S\u00e3o Louren\u00e7o. Na opera\u00e7\u00e3o retorno, tamb\u00e9m haver\u00e1 libera\u00e7\u00e3o do acostamento do km 211 ao km 214, sempre que necess\u00e1rio. Os usu\u00e1rios ser\u00e3o informados sobre as condi\u00e7\u00f5es alternativas de tr\u00e1fego atrav\u00e9s de pain\u00e9is de mensagens, localizados no km 193 (sentido S\u00e3o Sebasti\u00e3o-Bertioga) e km 319 (sentido Itanha\u00e9m-Praia Grande).<\/p>\n<p>Dom Paulo Rolim Loureiro (SP 098)<br \/>\nA opera\u00e7\u00e3o &#8220;Pare e Siga&#8221; ser\u00e1 implantada do km 80 ao 77,5 na pista sentido norte, se houver lentid\u00e3o na aproxima\u00e7\u00e3o. Os usu\u00e1rios ser\u00e3o informados quanto \u00e0s condi\u00e7\u00f5es e alternativas de tr\u00e1fego por um painel de mensagens, localizado no Km 59,8 (sentido Litoral).<\/p>\n<p>Rodovia Oswaldo Cruz (SP 125)<br \/>\nForam implantadas melhorias no pavimento e revitaliza\u00e7\u00e3o da sinaliza\u00e7\u00e3o ao longo da rodovia. Ser\u00e3o disponibilizados dois ve\u00edculos de inspe\u00e7\u00e3o\/opera\u00e7\u00e3o e recursos humanos, principalmente no trecho inicial de subida da serra.<\/p>\n<p>Rodovia Floriano Rodrigues Pinheiro (SP 123)<br \/>\nForam implantadas melhorias no pavimento e revitaliza\u00e7\u00e3o da sinaliza\u00e7\u00e3o ao longo da rodovia. Os usu\u00e1rios ser\u00e3o informados sobre o tempo de viagem e as condi\u00e7\u00f5es e alternativas de tr\u00e1fego atrav\u00e9s de um painel de mensagens, localizado no km 8,5, sentido Campos do Jord\u00e3o.<\/p>\n<p>Mais informa\u00e7\u00f5es<\/p>\n<p>ECOPISTAS<br \/>\n0800 777 0070<br \/>\nwww.twitter.com\/ecopistas<br \/>\n<a href=\"http:\/\/www.ecopistas.com.br\" target=\"_blank\"> www.ecopistas.com.br<\/a><\/p>\n<p>ECOVIAS<br \/>\nwww.ecovias.com.br<br \/>\nwww.twiter\/_Ecovias<br \/>\nInforma\u00e7\u00e3o Tempo de Viagem pelo Celular: <a href=\"http:\/\/www.tempodeviagem.ecovias.com.br\" target=\"_blank\">www.tempodeviagem.ecovias.com.br<\/a><\/p>\n<p>Secretaria dos Transportes<br \/>\n<a href=\"http:\/\/www.transportes.sp.gov.br\" target=\"_blank\"> www.transportes.sp.gov.br<\/a><br \/>\n0800 15 0105<\/p>\n<p>DER<br \/>\nwww.der.sp.gov.br<br \/>\n0800 055 5510<\/p>\n<p>Pol\u00edcia Militar Rodovi\u00e1ria<br \/>\n11- 3327 2727<\/p>\n","protected":false},"excerpt":{"rendered":"<p>Durante a Opera\u00e7\u00e3o Ver\u00e3o 2010-2011, as rodovias que levam ao litoral paulista ter\u00e3o um esquema especial de funcionamento para garantir aos usu\u00e1rios condi\u00e7\u00f5es de conforto, fluidez e seguran\u00e7a durante a viagem. Confira as mudan\u00e7as: Sistema Ayrton Senna \/ Carvalho Pinto A concession\u00e1ria Ecopistas estima que o tr\u00e1fego durante a Opera\u00e7\u00e3o Ver\u00e3o seja de mais de [&hellip;]<\/p>\n","protected":false},"author":3,"featured_media":0,"comment_status":"open","ping_status":"open","sticky":false,"template":"","format":"standard","meta":{"_genesis_hide_title":false,"_genesis_hide_breadcrumbs":false,"_genesis_hide_singular_image":false,"_genesis_hide_footer_widgets":false,"_genesis_custom_body_class":"","_genesis_custom_post_class":"","_genesis_layout":"","_jetpack_memberships_contains_paid_content":false,"footnotes":""},"categories":[22],"tags":[],"class_list":{"0":"post-32929","1":"post","2":"type-post","3":"status-publish","4":"format-standard","6":"category-brasil","7":"entry","8":"gs-1","9":"gs-odd","10":"gs-even","11":"gs-featured-content-entry"},"jetpack_featured_media_url":"","jetpack_sharing_enabled":true,"jetpack_likes_enabled":true,"_links":{"self":[{"href":"https:\/\/www.redenoticia.com.br\/noticia\/wp-json\/wp\/v2\/posts\/32929","targetHints":{"allow":["GET"]}}],"collection":[{"href":"https:\/\/www.redenoticia.com.br\/noticia\/wp-json\/wp\/v2\/posts"}],"about":[{"href":"https:\/\/www.redenoticia.com.br\/noticia\/wp-json\/wp\/v2\/types\/post"}],"author":[{"embeddable":true,"href":"https:\/\/www.redenoticia.com.br\/noticia\/wp-json\/wp\/v2\/users\/3"}],"replies":[{"embeddable":true,"href":"https:\/\/www.redenoticia.com.br\/noticia\/wp-json\/wp\/v2\/comments?post=32929"}],"version-history":[{"count":0,"href":"https:\/\/www.redenoticia.com.br\/noticia\/wp-json\/wp\/v2\/posts\/32929\/revisions"}],"wp:attachment":[{"href":"https:\/\/www.redenoticia.com.br\/noticia\/wp-json\/wp\/v2\/media?parent=32929"}],"wp:term":[{"taxonomy":"category","embeddable":true,"href":"https:\/\/www.redenoticia.com.br\/noticia\/wp-json\/wp\/v2\/categories?post=32929"},{"taxonomy":"post_tag","embeddable":true,"href":"https:\/\/www.redenoticia.com.br\/noticia\/wp-json\/wp\/v2\/tags?post=32929"}],"curies":[{"name":"wp","href":"https:\/\/api.w.org\/{rel}","templated":true}]}}