{"id":32927,"date":"2010-12-23T14:07:44","date_gmt":"2010-12-23T18:07:44","guid":{"rendered":"http:\/\/www.redenoticia.com.br\/noticia\/?p=32927"},"modified":"2010-12-23T14:14:52","modified_gmt":"2010-12-23T18:14:52","slug":"seguranca-e-reforcada-no-litoral-durante-a-operacao-verao","status":"publish","type":"post","link":"https:\/\/www.redenoticia.com.br\/noticia\/2010\/seguranca-e-reforcada-no-litoral-durante-a-operacao-verao\/32927","title":{"rendered":"Seguran\u00e7a refor\u00e7ada no litoral"},"content":{"rendered":"<p>Entre o final de dezembro e o in\u00edcio de fevereiro, o <strong><em>litoral paulista <\/em><\/strong>chega a contar com 9,7 milh\u00f5es de pessoas &#8211; entre moradores e turistas. Por isso, al\u00e9m de aumentar o policiamento preventivo e ostensivo, a <strong><em>Opera\u00e7\u00e3o Ver\u00e3o<\/em><\/strong> 2010-2011 visa melhorar o atendimento ao cidad\u00e3o, seja evitando filas e demora nas delegacias ou no envio de viaturas aos locais de crime, propiciando uma resposta r\u00e1pida e eficiente \u00e0 popula\u00e7\u00e3o em toda a regi\u00e3o litor\u00e2nea.<\/p>\n<p>Quase 5.200 policiais civis e militares, al\u00e9m de dezenas de viaturas, entre elas sete helic\u00f3pteros \u00c1guia, v\u00e3o refor\u00e7ar a seguran\u00e7a durante a Opera\u00e7\u00e3o Ver\u00e3o 2010-2011. No total, 10.888 policiais, por meio de uma a\u00e7\u00e3o integrada, v\u00e3o prevenir e combater a criminalidade nos 15 munic\u00edpios que comp\u00f5em o litoral norte e sul.<\/p>\n<p>A\u00e7\u00f5es espec\u00edficas no litoral sul<\/p>\n<p>Nos munic\u00edpios de Santos, Iguape, Ilha Comprida, Canan\u00e9ia, Guaruj\u00e1, Bertioga, Mongagu\u00e1, Itanha\u00e9m, Peru\u00edbe, S\u00e3o Vicente e Praia Grande, o Comando de Policiamento do Interior 6 (CPI-6) coordenar\u00e1 cinco a\u00e7\u00f5es espec\u00edficas dentro da Opera\u00e7\u00e3o Ver\u00e3o; s\u00e3o elas: &#8216;Opera\u00e7\u00e3o Dire\u00e7\u00e3o Segura&#8217; (combate ao alcoolismo no tr\u00e2nsito); &#8216;Opera\u00e7\u00e3o Domin\u00f3&#8217; (vistoria de irregularidades de tr\u00e2nsito e il\u00edcitos penais em motos e seus condutores e passageiros); &#8216;Opera\u00e7\u00e3o Pontual&#8217; (satura\u00e7\u00e3o com policiamento ostensivo em determinada regi\u00e3o, normalmente centros comerciais); &#8216;Opera\u00e7\u00e3o Visibilidade&#8217; (a\u00e7\u00e3o realizada no feriado de Ano Novo, no qual viaturas ficam estacionadas em pontos estrat\u00e9gicos nas rodovias e acessos \u00e0s cidades, para combater a criminalidade); &#8216;Opera\u00e7\u00e3o Praia Segura&#8217; (desenvolvida pelo Corpo de Bombeiros, nas praias do litoral sul).<\/p>\n<p>A\u00e7\u00f5es espec\u00edficas no litoral norte<\/p>\n<p>Nos munic\u00edpios de Caraguatatuba, Ubatuba, S\u00e3o Sebasti\u00e3o e Ilhabela, o Comando de Policiamento do Interior 1 (CPI-1) coordenar\u00e1 cinco a\u00e7\u00f5es espec\u00edficas dentro da Opera\u00e7\u00e3o Ver\u00e3o; s\u00e3o elas: &#8216;Opera\u00e7\u00e3o Visibilidade&#8217; (realizada em toda a malha vi\u00e1ria do litoral norte pelo Comando de Policiamento Rodovi\u00e1rio\/CPRv e Organiza\u00e7\u00f5es da Pol\u00edcia Militar\/OPMs territoriais); &#8216;Opera\u00e7\u00e3o Bloqueio&#8217; (na malha vi\u00e1ria e \u00e1reas urbanas); &#8216;Opera\u00e7\u00e3o Dire\u00e7\u00e3o Segura&#8217; (malha vi\u00e1ria e \u00e1reas urbanas, principalmente nas proximidades de locais de eventos); &#8216;Opera\u00e7\u00e3o Satura\u00e7\u00e3o&#8217; (em \u00e1reas estrat\u00e9gicas, desenvolvida pelo Comando de Policiamento de Choque (CPChq) e efetivo de \u00e1rea); &#8216;Opera\u00e7\u00e3o Praia Segura&#8217; (desenvolvida pelo Corpo de Bombeiros, nas praias do litoral norte).<\/p>\n<p>Opera\u00e7\u00e3o Praia Segura<\/p>\n<p>A Opera\u00e7\u00e3o Praia Segura, coordenada pelo Corpo de Bombeiros, tamb\u00e9m integra a Opera\u00e7\u00e3o Ver\u00e3o, embora j\u00e1 tenha sido iniciada no \u00faltimo dia 09 de dezembro, com t\u00e9rmino previsto para 13 de mar\u00e7o, no litoral norte e sul de S\u00e3o Paulo. A a\u00e7\u00e3o visa prevenir e combater ocorr\u00eancias t\u00edpicas de ver\u00e3o como crian\u00e7as perdidas, afogamentos, acidentes com embarca\u00e7\u00f5es, acidentes de tr\u00e2nsito com v\u00edtimas, queda de barreiras, deslizamentos, enchentes e danos ao meio ambiente, entre outros.<\/p>\n<p>Nesta opera\u00e7\u00e3o s\u00e3o empregados 686 guarda-vidas efetivos, 367 guarda-vidas municipais, contratados pelas prefeituras das 15 cidades alvo da Opera\u00e7\u00e3o Ver\u00e3o; 150 guarda-vidas tempor\u00e1rios contratados por meio de conv\u00eanio com a Petrobras e Mantecorp &#8211; respons\u00e1vel pela aquisi\u00e7\u00e3o dos equipamentos para os guarda-vidas, e mais 73 guarda-vidas de refor\u00e7o do Corpo de Bombeiros.<br \/>\nNa a\u00e7\u00e3o ser\u00e3o empregados um navio, oito lanchas, 30 botes com motor de popa, 16 jet skis, e 18 quadriciclos. Cada cidade tamb\u00e9m contar\u00e1 com pelo menos uma viatura da Unidade de Resgate e Salvamento Aqu\u00e1tico (Ursa), totalizando o emprego de 24 viaturas deste tipo.<\/p>\n<p>Seguran\u00e7a nas estradas<\/p>\n<p>O 1\u00ba Batalh\u00e3o de Pol\u00edcia Rodovi\u00e1ria (1\u00ba BPRv) trabalhar\u00e1 em conjunto com 19 concession\u00e1rias nas rodovias paulistas, visando a fiscaliza\u00e7\u00e3o no tr\u00e2nsito e autua\u00e7\u00e3o de motoristas e ve\u00edculos que n\u00e3o estejam em condi\u00e7\u00f5es de viajar. As concession\u00e1rias ser\u00e3o as respons\u00e1veis pela manuten\u00e7\u00e3o das estradas, atendimento mec\u00e2nico e m\u00e9dico.<\/p>\n<p>Durante a Opera\u00e7\u00e3o Ver\u00e3o, o 1\u00ba BPRv executar\u00e1 opera\u00e7\u00f5es espec\u00edficas, com o apoio da Pol\u00edcia Ambiental e do Policiamento de Choque, al\u00e9m do Grupamento A\u00e9reo. Entre as a\u00e7\u00f5es previstas, est\u00e3o as opera\u00e7\u00f5es \u2018Dire\u00e7\u00e3o Segura&#8217;; \u2018Cavalo de A\u00e7o&#8217; (fiscaliza\u00e7\u00e3o de motos, seus condutores e garupas); \u2018Saneamento&#8217; (retirada de ve\u00edculos quebrados e sem condi\u00e7\u00f5es de trafegar nas rodovias); \u2018Visibilidade&#8217;; \u2018\u00d4nibus e Caminh\u00e3o&#8217; (fiscaliza\u00e7\u00e3o de documentos e de ve\u00edculos em m\u00e1 conserva\u00e7\u00e3o); \u2018Opera\u00e7\u00e3o Descida e Subida&#8217; (nas rodovias Anchieta\/SP-150; dos Imigrantes\/ SP-160; e Estrada dos Tamoios\/SP-99).<\/p>\n<p>Policiamento de Choque e Grupamento A\u00e9reo<\/p>\n<p>O Comando de Policiamento de Choque (CPChq) empregar\u00e1 140 homens em v\u00e1rias opera\u00e7\u00f5es, entre elas a \u2018Opera\u00e7\u00e3o Patrulhamento Inteligente&#8217; (preven\u00e7\u00e3o e repress\u00e3o ao tr\u00e1fico de drogas e armas, a entrada e evas\u00e3o de ve\u00edculos furtados ou roubados, e ao sequestro); \u2018Opera\u00e7\u00e3o Bloqueio de \u00c1rea&#8217; com patrulhamento das Rondas Ostensivas com Apoio de Motocicletas (Rocam), \u2018COE e RPMont&#8217; (patrulhamento na \u00e1rea dos morros, inclusive com emprego de embarca\u00e7\u00e3o na regi\u00e3o de mangues).<\/p>\n<p>Durante a Opera\u00e7\u00e3o Ver\u00e3o a Pol\u00edcia Militar disponibilizar\u00e1 nove helic\u00f3pteros \u00c1guia para apoio nas \u00e1reas do litoral norte e sul. Cinco helic\u00f3pteros &#8211; entre eles um do CPI-1 e outro do CPI-6) &#8211; permanecer\u00e3o na regi\u00e3o. Outras quatro aeronaves ficar\u00e3o de sobreaviso, e se deslocar\u00e3o para o litoral, se houver necessidade. O efetivo do Grupamento para cada aeronave \u00e9 de cinco policiais (piloto, co-piloto, tripulantes e mec\u00e2nico).<\/p>\n","protected":false},"excerpt":{"rendered":"<p>Entre o final de dezembro e o in\u00edcio de fevereiro, o litoral paulista chega a contar com 9,7 milh\u00f5es de pessoas &#8211; entre moradores e turistas. Por isso, al\u00e9m de aumentar o policiamento preventivo e ostensivo, a Opera\u00e7\u00e3o Ver\u00e3o 2010-2011 visa melhorar o atendimento ao cidad\u00e3o, seja evitando filas e demora nas delegacias ou no [&hellip;]<\/p>\n","protected":false},"author":3,"featured_media":0,"comment_status":"open","ping_status":"open","sticky":false,"template":"","format":"standard","meta":{"_genesis_hide_title":false,"_genesis_hide_breadcrumbs":false,"_genesis_hide_singular_image":false,"_genesis_hide_footer_widgets":false,"_genesis_custom_body_class":"","_genesis_custom_post_class":"","_genesis_layout":"","_jetpack_memberships_contains_paid_content":false,"footnotes":""},"categories":[22],"tags":[],"class_list":{"0":"post-32927","1":"post","2":"type-post","3":"status-publish","4":"format-standard","6":"category-brasil","7":"entry","8":"gs-1","9":"gs-odd","10":"gs-even","11":"gs-featured-content-entry"},"jetpack_featured_media_url":"","jetpack_sharing_enabled":true,"jetpack_likes_enabled":true,"_links":{"self":[{"href":"https:\/\/www.redenoticia.com.br\/noticia\/wp-json\/wp\/v2\/posts\/32927","targetHints":{"allow":["GET"]}}],"collection":[{"href":"https:\/\/www.redenoticia.com.br\/noticia\/wp-json\/wp\/v2\/posts"}],"about":[{"href":"https:\/\/www.redenoticia.com.br\/noticia\/wp-json\/wp\/v2\/types\/post"}],"author":[{"embeddable":true,"href":"https:\/\/www.redenoticia.com.br\/noticia\/wp-json\/wp\/v2\/users\/3"}],"replies":[{"embeddable":true,"href":"https:\/\/www.redenoticia.com.br\/noticia\/wp-json\/wp\/v2\/comments?post=32927"}],"version-history":[{"count":0,"href":"https:\/\/www.redenoticia.com.br\/noticia\/wp-json\/wp\/v2\/posts\/32927\/revisions"}],"wp:attachment":[{"href":"https:\/\/www.redenoticia.com.br\/noticia\/wp-json\/wp\/v2\/media?parent=32927"}],"wp:term":[{"taxonomy":"category","embeddable":true,"href":"https:\/\/www.redenoticia.com.br\/noticia\/wp-json\/wp\/v2\/categories?post=32927"},{"taxonomy":"post_tag","embeddable":true,"href":"https:\/\/www.redenoticia.com.br\/noticia\/wp-json\/wp\/v2\/tags?post=32927"}],"curies":[{"name":"wp","href":"https:\/\/api.w.org\/{rel}","templated":true}]}}