{"id":32926,"date":"2010-12-23T14:06:04","date_gmt":"2010-12-23T18:06:04","guid":{"rendered":"http:\/\/www.redenoticia.com.br\/noticia\/?p=32926"},"modified":"2010-12-23T14:06:04","modified_gmt":"2010-12-23T18:06:04","slug":"parque-villa-lobos-ganha-novos-servicos","status":"publish","type":"post","link":"https:\/\/www.redenoticia.com.br\/noticia\/2010\/parque-villa-lobos-ganha-novos-servicos\/32926","title":{"rendered":"Parque Villa-Lobos ganha novos servi\u00e7os"},"content":{"rendered":"<p><strong><em>Parque Villa-Lobos<\/em><\/strong> &#8211; a entrada principal do Parque Villa-Lobos em SP passou  por reformas para transformar as antigas barracas de alimenta\u00e7\u00e3o e aluguel de  bicicletas e patins em novas instala\u00e7\u00f5es de a\u00e7o, com melhor infraestrutura, como  liga\u00e7\u00e3o de \u00e1gua e esgoto e lixeiras para coleta seletiva, al\u00e9m de seguir as  normas do Inmetro para melhoria de efici\u00eancia energ\u00e9tica. O objetivo \u00e9 melhorar  as condi\u00e7\u00f5es de fornecimento desses servi\u00e7os aos frequentadores do  parque.<\/p>\n<p>As novas instala\u00e7\u00f5es foram entregues ao p\u00fablico no dia 18 de  dezembro e j\u00e1 est\u00e3o em opera\u00e7\u00e3o. Ao todo s\u00e3o nove barracas de alvenaria, sendo  seis de alimenta\u00e7\u00e3o, duas para aluguel de bicicletas e uma para aluguel de  patins. Na frente das barracas de a\u00e7o existe um pergolado de madeira, que  proporcionar\u00e1 uma leve sombra na \u00e1rea.<\/p>\n<p>Antes da licita\u00e7\u00e3o, a presta\u00e7\u00e3o  desses servi\u00e7os n\u00e3o trazia nenhum retorno financeiro para o Parque. Com as novas  empresas, parte dos recursos da venda de alimentos e da loca\u00e7\u00e3o de bicicletas e  patins ser\u00e1 revertida para melhorias no pr\u00f3prio Parque.<\/p>\n<p>Da  Secretaria do Meio Ambiente<\/p>\n","protected":false},"excerpt":{"rendered":"<p>Parque Villa-Lobos &#8211; a entrada principal do Parque Villa-Lobos em SP passou por reformas para transformar as antigas barracas de alimenta\u00e7\u00e3o e aluguel de bicicletas e patins em novas instala\u00e7\u00f5es de a\u00e7o, com melhor infraestrutura, como liga\u00e7\u00e3o de \u00e1gua e esgoto e lixeiras para coleta seletiva, al\u00e9m de seguir as normas do Inmetro para melhoria [&hellip;]<\/p>\n","protected":false},"author":3,"featured_media":0,"comment_status":"open","ping_status":"open","sticky":false,"template":"","format":"standard","meta":{"_genesis_hide_title":false,"_genesis_hide_breadcrumbs":false,"_genesis_hide_singular_image":false,"_genesis_hide_footer_widgets":false,"_genesis_custom_body_class":"","_genesis_custom_post_class":"","_genesis_layout":"","_jetpack_memberships_contains_paid_content":false,"footnotes":""},"categories":[22],"tags":[],"class_list":{"0":"post-32926","1":"post","2":"type-post","3":"status-publish","4":"format-standard","6":"category-brasil","7":"entry","8":"gs-1","9":"gs-odd","10":"gs-even","11":"gs-featured-content-entry"},"jetpack_featured_media_url":"","jetpack_sharing_enabled":true,"jetpack_likes_enabled":true,"_links":{"self":[{"href":"https:\/\/www.redenoticia.com.br\/noticia\/wp-json\/wp\/v2\/posts\/32926","targetHints":{"allow":["GET"]}}],"collection":[{"href":"https:\/\/www.redenoticia.com.br\/noticia\/wp-json\/wp\/v2\/posts"}],"about":[{"href":"https:\/\/www.redenoticia.com.br\/noticia\/wp-json\/wp\/v2\/types\/post"}],"author":[{"embeddable":true,"href":"https:\/\/www.redenoticia.com.br\/noticia\/wp-json\/wp\/v2\/users\/3"}],"replies":[{"embeddable":true,"href":"https:\/\/www.redenoticia.com.br\/noticia\/wp-json\/wp\/v2\/comments?post=32926"}],"version-history":[{"count":0,"href":"https:\/\/www.redenoticia.com.br\/noticia\/wp-json\/wp\/v2\/posts\/32926\/revisions"}],"wp:attachment":[{"href":"https:\/\/www.redenoticia.com.br\/noticia\/wp-json\/wp\/v2\/media?parent=32926"}],"wp:term":[{"taxonomy":"category","embeddable":true,"href":"https:\/\/www.redenoticia.com.br\/noticia\/wp-json\/wp\/v2\/categories?post=32926"},{"taxonomy":"post_tag","embeddable":true,"href":"https:\/\/www.redenoticia.com.br\/noticia\/wp-json\/wp\/v2\/tags?post=32926"}],"curies":[{"name":"wp","href":"https:\/\/api.w.org\/{rel}","templated":true}]}}