{"id":32924,"date":"2010-12-23T14:01:57","date_gmt":"2010-12-23T18:01:57","guid":{"rendered":"http:\/\/www.redenoticia.com.br\/noticia\/?p=32924"},"modified":"2010-12-23T14:01:57","modified_gmt":"2010-12-23T18:01:57","slug":"funcionamento-pro-sangue-sp-neste-fim-de-ano","status":"publish","type":"post","link":"https:\/\/www.redenoticia.com.br\/noticia\/2010\/funcionamento-pro-sangue-sp-neste-fim-de-ano\/32924","title":{"rendered":"Funcionamento Pr\u00f3-Sangue (SP) neste fim de ano"},"content":{"rendered":"<p><strong><em>Doa\u00e7\u00e3o de Sangue<\/em><\/strong> &#8211; nos dias 25 de dezembro e 1\u00ba de janeiro, os postos de coleta da Funda\u00e7\u00e3o <strong><em>Pr\u00f3-Sangue<\/em><\/strong> em SP estar\u00e3o fechados, sendo que nos demais dias atender\u00e3o com hor\u00e1rio diferenciado. Atente para a grade de atendimento no per\u00edodo do Natal e do Ano Novo.<\/p>\n<p>24 de dezembro, sexta-feira<br \/>\nPosto Cl\u00ednicas: das 7 \u00e0s 15 horas<br \/>\nPosto Barueri: fechado<br \/>\nPosto Dante Pazzanese: das 8 \u00e0s 13 horas<br \/>\nPosto Mandaqui: das 8 \u00e0s 13 horas<br \/>\nPosto Osasco: das 8 \u00e0s 13 horas<\/p>\n<p>25 de dezembro, s\u00e1bado<br \/>\nPosto Cl\u00ednicas: fechado<br \/>\nPosto Barueri: fechado<br \/>\nPosto Dante Pazzanese: fechado<br \/>\nPosto Mandaqui: fechado<br \/>\nPosto Osasco: fechado<\/p>\n<p>26 de dezembro, domingo<br \/>\nPosto Cl\u00ednicas: das 8 \u00e0s 13 horas<br \/>\nPosto Barueri: fechado<br \/>\nPosto Dante Pazzanese: fechado<br \/>\nPosto Mandaqui: fechado<br \/>\nPosto Osasco: fechado<\/p>\n<p>31 de dezembro, sexta-feira<br \/>\nPosto Cl\u00ednicas: das 7 \u00e0s 15 horas<br \/>\nPosto Barueri: fechado<br \/>\nPosto Dante Pazzanese: das 8 \u00e0s 13 horas<br \/>\nPosto Mandaqui: das 8 \u00e0s 13 horas<br \/>\nPosto Osasco: das 8 \u00e0s 13 horas<\/p>\n<p>01 de janeiro, s\u00e1bado<br \/>\nPosto Cl\u00ednicas: fechado<br \/>\nPosto Barueri: fechado<br \/>\nPosto Dante Pazzanese: fechado<br \/>\nPosto Mandaqui: fechado<br \/>\nPosto Osasco: fechado<\/p>\n<p>02 de janeiro, domingo<br \/>\nPosto Cl\u00ednicas: das 8 \u00e0s 13 horas<br \/>\nPosto Barueri: fechado<br \/>\nPosto Dante Pazzanese: fechado<br \/>\nPosto Mandaqui: fechado<br \/>\nPosto Osasco: fechado<\/p>\n","protected":false},"excerpt":{"rendered":"<p>Doa\u00e7\u00e3o de Sangue &#8211; nos dias 25 de dezembro e 1\u00ba de janeiro, os postos de coleta da Funda\u00e7\u00e3o Pr\u00f3-Sangue em SP estar\u00e3o fechados, sendo que nos demais dias atender\u00e3o com hor\u00e1rio diferenciado. Atente para a grade de atendimento no per\u00edodo do Natal e do Ano Novo. 24 de dezembro, sexta-feira Posto Cl\u00ednicas: das 7 [&hellip;]<\/p>\n","protected":false},"author":3,"featured_media":0,"comment_status":"open","ping_status":"open","sticky":false,"template":"","format":"standard","meta":{"_genesis_hide_title":false,"_genesis_hide_breadcrumbs":false,"_genesis_hide_singular_image":false,"_genesis_hide_footer_widgets":false,"_genesis_custom_body_class":"","_genesis_custom_post_class":"","_genesis_layout":"","_jetpack_memberships_contains_paid_content":false,"footnotes":""},"categories":[22],"tags":[],"class_list":{"0":"post-32924","1":"post","2":"type-post","3":"status-publish","4":"format-standard","6":"category-brasil","7":"entry","8":"gs-1","9":"gs-odd","10":"gs-even","11":"gs-featured-content-entry"},"jetpack_featured_media_url":"","jetpack_sharing_enabled":true,"jetpack_likes_enabled":true,"_links":{"self":[{"href":"https:\/\/www.redenoticia.com.br\/noticia\/wp-json\/wp\/v2\/posts\/32924","targetHints":{"allow":["GET"]}}],"collection":[{"href":"https:\/\/www.redenoticia.com.br\/noticia\/wp-json\/wp\/v2\/posts"}],"about":[{"href":"https:\/\/www.redenoticia.com.br\/noticia\/wp-json\/wp\/v2\/types\/post"}],"author":[{"embeddable":true,"href":"https:\/\/www.redenoticia.com.br\/noticia\/wp-json\/wp\/v2\/users\/3"}],"replies":[{"embeddable":true,"href":"https:\/\/www.redenoticia.com.br\/noticia\/wp-json\/wp\/v2\/comments?post=32924"}],"version-history":[{"count":0,"href":"https:\/\/www.redenoticia.com.br\/noticia\/wp-json\/wp\/v2\/posts\/32924\/revisions"}],"wp:attachment":[{"href":"https:\/\/www.redenoticia.com.br\/noticia\/wp-json\/wp\/v2\/media?parent=32924"}],"wp:term":[{"taxonomy":"category","embeddable":true,"href":"https:\/\/www.redenoticia.com.br\/noticia\/wp-json\/wp\/v2\/categories?post=32924"},{"taxonomy":"post_tag","embeddable":true,"href":"https:\/\/www.redenoticia.com.br\/noticia\/wp-json\/wp\/v2\/tags?post=32924"}],"curies":[{"name":"wp","href":"https:\/\/api.w.org\/{rel}","templated":true}]}}