{"id":32923,"date":"2010-12-23T13:58:41","date_gmt":"2010-12-23T17:58:41","guid":{"rendered":"http:\/\/www.redenoticia.com.br\/noticia\/?p=32923"},"modified":"2010-12-23T13:58:41","modified_gmt":"2010-12-23T17:58:41","slug":"condicoes-de-trafego-e-operacao-especial-na-via-dutra","status":"publish","type":"post","link":"https:\/\/www.redenoticia.com.br\/noticia\/2010\/condicoes-de-trafego-e-operacao-especial-na-via-dutra\/32923","title":{"rendered":"Condi\u00e7\u00f5es de tr\u00e1fego e opera\u00e7\u00e3o especial na Via Dutra"},"content":{"rendered":"<p><strong><em>Condi\u00e7\u00f5es de tr\u00e1fego Via Dutra <\/em><\/strong>&#8211; a\u00a0CCR NovaDutra inicia na tarde de quinta-feira (23\/12), a opera\u00e7\u00e3o especial  de atendimento aos usu\u00e1rios da Via Dutra durante o Feriado de Natal. No trecho  paulista da rodovia, o tr\u00e1fego dever\u00e1 ficar intenso entre 16h00 e 20h00 da  quinta-feira (23) e entre 09h00 e 14h00 da sexta-feira (24). No trecho  fluminense, o tr\u00e1fego dever\u00e1 ficar intenso entre 14h00 e 20h00 da quinta-feira  (23) e entre 09h00 e 14h00 da sexta-feira (24). Informa\u00e7\u00f5es sobre condi\u00e7\u00f5es de tr\u00e1fego na rodovia:\u00a0<a href=\"http:\/\/www.grupoccr.com.br\/novadutra\" target=\"_blank\">www.grupoccr.com.br\/novadutra<\/a>.<\/p>\n<p>Sa\u00edda de S\u00e3o Paulo:<\/p>\n<p>Devem deixar S\u00e3o Paulo pela Dutra cerca de 250 mil ve\u00edculos, entre a zero  hora de quinta-feira (23) e a meia-noite de sexta-feira (24).<\/p>\n<p>Hor\u00e1rios de pico:<br \/>\nQuinta-feira (23\/12) &#8211; 16h00 \u00e0s 20h00 &#8211; previs\u00e3o de  6.500 ve\u00edculos por hora.<br \/>\nSexta-feira (24\/12) &#8211; 09h00 \u00e0s 14h00 &#8211; previs\u00e3o de  7.000 ve\u00edculos por hora.<\/p>\n<p>Retorno: Domingo (26\/12) \u2013 das 16h00 \u00e0s 20h00 \u2013 previs\u00e3o de 7.000 ve\u00edculos  por hora.<\/p>\n<p>Sa\u00edda do Rio de Janeiro:<\/p>\n<p>Devem deixar Rio de Janeiro pela Dutra cerca de 177 mil ve\u00edculos, entre a  zero hora de quinta-feira (23) e a meia-noite de sexta-feira (24<\/p>\n<p>Hor\u00e1rios de pico:<br \/>\nQuinta-feira (23\/12) &#8211; 14h00 \u00e0s 20h00 &#8211; previs\u00e3o de  6.000 ve\u00edculos por hora.<br \/>\nSexta-feira (24\/12) &#8211; 09h00 \u00e0s 14h00 &#8211; previs\u00e3o de  5.700 ve\u00edculos por hora.<\/p>\n<p>Retorno: Domingo (26\/12) \u2013 das 16h00 \u00e0s 20h00 \u2013 previs\u00e3o de 4.500 ve\u00edculos  por hora.<\/p>\n<p>Melhor hor\u00e1rio de viagem no retorno do Feriado:<\/p>\n<p>A CCR NovaDutra ir\u00e1 afixar faixas ao longo da rodovia informando o hor\u00e1rio de  maior volume de ve\u00edculos no retorno do Feriado (domingo \u2013 26\/12 \u2013 entre 16h e  20h), para que os motoristas possam planejar a viagem de volta com maior  tranquilidade.<\/p>\n<p>Atendimento ao Usu\u00e1rio:<\/p>\n<p>A Via Dutra ser\u00e1 monitorada por mais de 100 viaturas e 500 profissionais,  entre agentes de atendimento, m\u00e9dicos e enfermeiros e equipes de emerg\u00eancia,  distribu\u00eddos em 11 Bases Operacionais ao longo da via Dutra, que estar\u00e3o 24  horas por dia \u00e0 disposi\u00e7\u00e3o dos usu\u00e1rios, em regime de revezamento. No feriado de  Natal, toda a frota de atendimento mec\u00e2nico do SOS Usu\u00e1rio da CCR NovaDutra  estar\u00e1 operando, com 11 guinchos pesados e 25 guinchos leves, al\u00e9m do refor\u00e7o de  05 guinchos extras.<\/p>\n<p>Equipes de emerg\u00eancia estar\u00e3o de plant\u00e3o na rodovia para a limpeza e  libera\u00e7\u00e3o das pistas em caso de interdi\u00e7\u00e3o de faixas de rolamento ou  acidentes.<\/p>\n<p>Os usu\u00e1rios da via Dutra contam com o Disque CCR NovaDutra, telefone que  atende gratuitamente pelo n\u00famero 0800-0173536, que oferece informa\u00e7\u00f5es sobre as  condi\u00e7\u00f5es da estrada, 24 horas por dia e tamb\u00e9m podem solicitar socorro m\u00e9dico  ou mec\u00e2nico, al\u00e9m dos telefones de emerg\u00eancia, dispostos ao longo de toda a  rodovia, a cada quil\u00f4metro, nos dois sentidos.<\/p>\n<p>Obras 24 horas<\/p>\n<p>Para garantir a fluidez do tr\u00e1fego durante o feriado de Natal, a CCR  NovaDutra vai paralisar as obras com interdi\u00e7\u00e3o de faixas da rodovia.<\/p>\n<p>Somente haver\u00e1 obras em andamento no km 38 da rodovia em Cachoeira Paulista  onde acontece a constru\u00e7\u00e3o de novo trevo de acesso ao munic\u00edpio. No local o  tr\u00e1fego est\u00e1 fluindo por duas faixas de rolamento na pista Rio-SP e uma faixa  pela pista SP-Rio.<\/p>\n<p>No trecho fluminense da via Dutra, n\u00e3o haver\u00e1 pontos com interdi\u00e7\u00f5es de  faixas no trecho fluminense da Via Dutra.<\/p>\n<p>Controle de velocidade:<\/p>\n<p>Visando complementar a fiscaliza\u00e7\u00e3o de velocidade realizada pela Pol\u00edcia  Rodovi\u00e1ria Federal com radares m\u00f3veis, est\u00e3o em opera\u00e7\u00e3o na rodovia 28 pontos de  controle com radares fixos (veja rela\u00e7\u00e3o dos locais no site:  www.grupoccr.com.br\/novadutra).<\/p>\n<p>Sobre a CCR NovaDutra: A CCR NovaDutra \u00e9 respons\u00e1vel pela administra\u00e7\u00e3o da  Rodovia Presidente Dutra, via com 402 quil\u00f4metros de extens\u00e3o e que liga as duas  regi\u00f5es metropolitanas mais importantes do Pa\u00eds: Rio de Janeiro e S\u00e3o Paulo. A  rodovia abrange uma regi\u00e3o altamente desenvolvida, que responde por cerca de 50%  do PIB brasileiro. A concession\u00e1ria tem 14 anos de exist\u00eancia e foi a segunda a  integrar o Grupo CCR.<\/p>\n<p>Sobre o Grupo CCR: O Grupo CCR \u00e9 um dos maiores grupos de concess\u00e3o de  infraestrutura da Am\u00e9rica Latina, empregando atualmente cerca de 8 mil  colaboradores.. \u00c9 respons\u00e1vel por 2.437 quil\u00f4metros de rodovias administrados  por suas concession\u00e1rias nos Estados de S\u00e3o Paulo, Rio de Janeiro e Paran\u00e1. O  Grupo CCR tamb\u00e9m atua em neg\u00f3cios correlatos, tendo participa\u00e7\u00e3o de 38,25% na  STP e de 45% no capital social da Controlar. Al\u00e9m disso, est\u00e1 presente no  segmento de transporte de passageiros com a Linha 4-Amarela do metr\u00f4 de S\u00e3o  Paulo, por meio da Concession\u00e1ria ViaQuatro, com participa\u00e7\u00e3o de 58% no capital  social da empresa.<\/p>\n","protected":false},"excerpt":{"rendered":"<p>Condi\u00e7\u00f5es de tr\u00e1fego Via Dutra &#8211; a\u00a0CCR NovaDutra inicia na tarde de quinta-feira (23\/12), a opera\u00e7\u00e3o especial de atendimento aos usu\u00e1rios da Via Dutra durante o Feriado de Natal. No trecho paulista da rodovia, o tr\u00e1fego dever\u00e1 ficar intenso entre 16h00 e 20h00 da quinta-feira (23) e entre 09h00 e 14h00 da sexta-feira (24). No [&hellip;]<\/p>\n","protected":false},"author":3,"featured_media":0,"comment_status":"open","ping_status":"open","sticky":false,"template":"","format":"standard","meta":{"_genesis_hide_title":false,"_genesis_hide_breadcrumbs":false,"_genesis_hide_singular_image":false,"_genesis_hide_footer_widgets":false,"_genesis_custom_body_class":"","_genesis_custom_post_class":"","_genesis_layout":"","_jetpack_memberships_contains_paid_content":false,"footnotes":""},"categories":[22],"tags":[],"class_list":{"0":"post-32923","1":"post","2":"type-post","3":"status-publish","4":"format-standard","6":"category-brasil","7":"entry","8":"gs-1","9":"gs-odd","10":"gs-even","11":"gs-featured-content-entry"},"jetpack_featured_media_url":"","jetpack_sharing_enabled":true,"jetpack_likes_enabled":true,"_links":{"self":[{"href":"https:\/\/www.redenoticia.com.br\/noticia\/wp-json\/wp\/v2\/posts\/32923","targetHints":{"allow":["GET"]}}],"collection":[{"href":"https:\/\/www.redenoticia.com.br\/noticia\/wp-json\/wp\/v2\/posts"}],"about":[{"href":"https:\/\/www.redenoticia.com.br\/noticia\/wp-json\/wp\/v2\/types\/post"}],"author":[{"embeddable":true,"href":"https:\/\/www.redenoticia.com.br\/noticia\/wp-json\/wp\/v2\/users\/3"}],"replies":[{"embeddable":true,"href":"https:\/\/www.redenoticia.com.br\/noticia\/wp-json\/wp\/v2\/comments?post=32923"}],"version-history":[{"count":0,"href":"https:\/\/www.redenoticia.com.br\/noticia\/wp-json\/wp\/v2\/posts\/32923\/revisions"}],"wp:attachment":[{"href":"https:\/\/www.redenoticia.com.br\/noticia\/wp-json\/wp\/v2\/media?parent=32923"}],"wp:term":[{"taxonomy":"category","embeddable":true,"href":"https:\/\/www.redenoticia.com.br\/noticia\/wp-json\/wp\/v2\/categories?post=32923"},{"taxonomy":"post_tag","embeddable":true,"href":"https:\/\/www.redenoticia.com.br\/noticia\/wp-json\/wp\/v2\/tags?post=32923"}],"curies":[{"name":"wp","href":"https:\/\/api.w.org\/{rel}","templated":true}]}}