{"id":32921,"date":"2010-12-23T13:47:01","date_gmt":"2010-12-23T17:47:01","guid":{"rendered":"http:\/\/www.redenoticia.com.br\/noticia\/?p=32921"},"modified":"2010-12-23T13:47:01","modified_gmt":"2010-12-23T17:47:01","slug":"salao-internacional-de-veiculos-antigos-em-sao-paulo","status":"publish","type":"post","link":"https:\/\/www.redenoticia.com.br\/noticia\/2010\/salao-internacional-de-veiculos-antigos-em-sao-paulo\/32921","title":{"rendered":"Sal\u00e3o Internacional de Ve\u00edculos antigos em S\u00e3o paulo"},"content":{"rendered":"<p><strong><em>Sal\u00e3o Internacional de Ve\u00edculos Antigos<\/em><\/strong> &#8211; a\u00a0Reed Exhibitions Alcantara Machado e o Autom\u00f3vel Clube do Brasil,  organizadores do evento, reuniram ontem em S\u00e3o Paulo, no Bar Brahma, tradicional  ponto tur\u00edstico paulistano \u2013 localizado na esquina da Av. Ipiranga com a Av. S\u00e3o  Jo\u00e3o -, apaixonados colecionadores de ve\u00edculos antigos para apresentar, em  primeira m\u00e3o, o SAL\u00c3O INTERNACIONAL DE VE\u00cdCULOS ANTIGOS (SIVA), que ser\u00e1  realizado de 24 a 27 de novembro de 2011, no Pavilh\u00e3o de Exposi\u00e7\u00f5es do Anhembi.  Tem\u00e1tico, o evento ser\u00e1 apresentado em um ambiente adequado \u00e0 grandes exposi\u00e7\u00f5es  e que atende os anseios e desejos do p\u00fablico do antigomobilismo.<\/p>\n<p>\u201cO Sal\u00e3o  Internacional de Ve\u00edculos Antigos ser\u00e1 realizado dentro de uma perspectiva  positiva. Iremos utilizar nosso expertise na realiza\u00e7\u00e3o de grandes eventos do  setor automotivo, como por exemplo o Sal\u00e3o do Autom\u00f3vel, Sal\u00e3o Duas Rodas,  Fenatran e Automec, para abrilhantar ainda mais esta paix\u00e3o que \u00e9 o  antigomobilismo. Al\u00e9m disso, pretendemos increment\u00e1-lo com o glamour e as id\u00e9ias  de eventos semelhantes ao redor do mundo, afirmou Juan Pablo de Vera, Presidente  da Reed Exhibitions Alcantara Machado.<\/p>\n<p>Nesta primeira edi\u00e7\u00e3o, o SAL\u00c3O  INTERNACIONAL DE VE\u00cdCULOS ANTIGOS ter\u00e1 os seguintes setores: Exposi\u00e7\u00e3o de  Carros, Motocicletas, Barcos e Avi\u00f5es Antigos, Revenda de acess\u00f3rios, Carros  Conceitos e Vintage, Desfile de Carros Antigos, Leil\u00e3o, Premia\u00e7\u00e3o de Carros  Antigos, entre outras atra\u00e7\u00f5es. Com cerca de 400 ve\u00edculos em exposi\u00e7\u00e3o, a  expectativa \u00e9 que o evento atraia mais de 10.000 visitantes, de toda a Am\u00e9rica  Latina. Este evento conta com o apoio da S\u00e3o Paulo Turismo (SP TURIS) e da  Prefeitura Municipal de S\u00e3o Paulo, e foi criado para resgatar e perpetuar a  cultura do Antigomobilismo.<\/p>\n<p>O tema escolhido para esta edi\u00e7\u00e3o foi \u201cA  evolu\u00e7\u00e3o do Autom\u00f3vel\u201d, que tem como objetivo mostrar o desenvolvimento deste  importante invento, das carruagens aos modernos carros do s\u00e9culo 20, at\u00e9 os dias  atuais. \u201cPara n\u00f3s do Autom\u00f3vel Clube do Brasil \u00e9 um orgulho e um marco a  realiza\u00e7\u00e3o deste evento em parceria com a Reed Exhibitions Alcantara Machado. A  partir de agora a cidade de S\u00e3o Paulo ter\u00e1 em seu calend\u00e1rio oficial um evento  com a categoria e o profissionalismo que os amantes e apaixonados por este setor  e a cidade merecem&#8221;, comentou Ariel Gusm\u00e3o da Silva, presidente do Autom\u00f3vel  Clube do Brasil.<\/p>\n<p>O evento reunir\u00e1 os maiores colecionadores de  autom\u00f3veis e motos cl\u00e1ssicas antigas, que trar\u00e3o para exposi\u00e7\u00e3o verdadeiras  preciosidades. Al\u00e9m disso, ser\u00e1 palco de um verdadeiro resgate hist\u00f3rico, com a  presen\u00e7a de modelos com figurinos de \u00e9poca, m\u00fasica dos anos dourados e a  encena\u00e7\u00e3o das mudan\u00e7as de comportamentos e h\u00e1bitos que guiar\u00e3o a evolu\u00e7\u00e3o dos  ve\u00edculos. Os visitantes poder\u00e3o prestigiar tamb\u00e9m um passeio dos carros antigos  pela cidade, concurso liter\u00e1rio, entrega de pr\u00eamios, homenagem a grandes marcas  e a comemora\u00e7\u00e3o dos 50 anos do seriado &#8220;O Vigilante  Rodovi\u00e1rio&#8221;.<\/p>\n<p><strong>Setores da feira<br \/>\n<\/strong>&#8211; Exposi\u00e7\u00e3o de Carros,  Motocicletas, Barcos e Avi\u00f5es Antigos;<br \/>\n&#8211; Revenda de acess\u00f3rios;<br \/>\n&#8211; Carros  conceitos e vintage;<br \/>\n&#8211; Desfile de carros antigos;<br \/>\n&#8211; Leil\u00e3o e premia\u00e7\u00e3o de  carros antigos;<\/p>\n<p><strong>Mais informa\u00e7\u00f5es:<br \/>\n<\/strong>SAL\u00c3O  INTERNACIONAL DE VE\u00cdCULOS ANTIGOS<br \/>\nData: 24 a 27 de Novembro de  2011<br \/>\nLocal: Pavilh\u00e3o de Exposi\u00e7\u00f5es do Anhembi &#8211; Av. Olavo Fontoura, 1.209 &#8211;  Santana &#8211; S\u00e3o Paulo \u2013 SP<\/p>\n","protected":false},"excerpt":{"rendered":"<p>Sal\u00e3o Internacional de Ve\u00edculos Antigos &#8211; a\u00a0Reed Exhibitions Alcantara Machado e o Autom\u00f3vel Clube do Brasil, organizadores do evento, reuniram ontem em S\u00e3o Paulo, no Bar Brahma, tradicional ponto tur\u00edstico paulistano \u2013 localizado na esquina da Av. Ipiranga com a Av. S\u00e3o Jo\u00e3o -, apaixonados colecionadores de ve\u00edculos antigos para apresentar, em primeira m\u00e3o, o [&hellip;]<\/p>\n","protected":false},"author":3,"featured_media":0,"comment_status":"open","ping_status":"open","sticky":false,"template":"","format":"standard","meta":{"_genesis_hide_title":false,"_genesis_hide_breadcrumbs":false,"_genesis_hide_singular_image":false,"_genesis_hide_footer_widgets":false,"_genesis_custom_body_class":"","_genesis_custom_post_class":"","_genesis_layout":"","_jetpack_memberships_contains_paid_content":false,"footnotes":""},"categories":[22],"tags":[],"class_list":{"0":"post-32921","1":"post","2":"type-post","3":"status-publish","4":"format-standard","6":"category-brasil","7":"entry","8":"gs-1","9":"gs-odd","10":"gs-even","11":"gs-featured-content-entry"},"jetpack_featured_media_url":"","jetpack_sharing_enabled":true,"jetpack_likes_enabled":true,"_links":{"self":[{"href":"https:\/\/www.redenoticia.com.br\/noticia\/wp-json\/wp\/v2\/posts\/32921","targetHints":{"allow":["GET"]}}],"collection":[{"href":"https:\/\/www.redenoticia.com.br\/noticia\/wp-json\/wp\/v2\/posts"}],"about":[{"href":"https:\/\/www.redenoticia.com.br\/noticia\/wp-json\/wp\/v2\/types\/post"}],"author":[{"embeddable":true,"href":"https:\/\/www.redenoticia.com.br\/noticia\/wp-json\/wp\/v2\/users\/3"}],"replies":[{"embeddable":true,"href":"https:\/\/www.redenoticia.com.br\/noticia\/wp-json\/wp\/v2\/comments?post=32921"}],"version-history":[{"count":0,"href":"https:\/\/www.redenoticia.com.br\/noticia\/wp-json\/wp\/v2\/posts\/32921\/revisions"}],"wp:attachment":[{"href":"https:\/\/www.redenoticia.com.br\/noticia\/wp-json\/wp\/v2\/media?parent=32921"}],"wp:term":[{"taxonomy":"category","embeddable":true,"href":"https:\/\/www.redenoticia.com.br\/noticia\/wp-json\/wp\/v2\/categories?post=32921"},{"taxonomy":"post_tag","embeddable":true,"href":"https:\/\/www.redenoticia.com.br\/noticia\/wp-json\/wp\/v2\/tags?post=32921"}],"curies":[{"name":"wp","href":"https:\/\/api.w.org\/{rel}","templated":true}]}}