{"id":32915,"date":"2010-12-22T14:04:03","date_gmt":"2010-12-22T18:04:03","guid":{"rendered":"http:\/\/www.redenoticia.com.br\/noticia\/?p=32915"},"modified":"2010-12-22T14:04:03","modified_gmt":"2010-12-22T18:04:03","slug":"nota-da-tam-sobre-atraso-de-voo-em-diversos-aeroportos","status":"publish","type":"post","link":"https:\/\/www.redenoticia.com.br\/noticia\/2010\/nota-da-tam-sobre-atraso-de-voo-em-diversos-aeroportos\/32915","title":{"rendered":"Nota da TAM sobre atraso de voo em diversos aeroportos"},"content":{"rendered":"<p>A <strong><em>TAM<\/em><\/strong> Linhas A\u00e9reas informa que, em decorr\u00eancia de problemas meteorol\u00f3gicos  em Manaus, o aeroporto da cidade teve seus sistemas de aproxima\u00e7\u00e3o por  instrumentos e de balizamento prejudicados, e, desde a tarde de segunda-feira  (20 de dezembro) at\u00e9 a noite de ter\u00e7a (21 de dezembro), suas opera\u00e7\u00f5es foram  severamente afetadas. As condi\u00e7\u00f5es adversas em Manaus prejudicaram a programa\u00e7\u00e3o  de <strong><em>voos<\/em><\/strong> da TAM, que sofre os reflexos, com <strong><em>atrasos em diversos aeroportos<\/em><\/strong> do  Pa\u00eds ainda nesta quarta-feira (22).<\/p>\n<p>A companhia reitera que os atrasos e cancelamentos registrados at\u00e9 o momento  se devem principalmente aos problemas do hub de Manaus \u2013 que \u00e9 um grande centro  de conex\u00f5es para a TAM, \u00fanica companhia brasileira que opera voos internacionais  para os Estados Unidos a partir daquela cidade \u2013 e a problemas meteorol\u00f3gicos  pontuais ocorridos em outras regi\u00f5es do Brasil. As manifesta\u00e7\u00f5es dos sindicatos  das categorias dos aerovi\u00e1rios e aeronautas em alguns aeroportos brasileiros  nesta manh\u00e3 n\u00e3o prejudicaram as opera\u00e7\u00f5es da TAM.<\/p>\n<p>Os passageiros que n\u00e3o puderam voar de e para Manaus, ou perderam suas  conex\u00f5es, est\u00e3o sendo reacomodados nos voos mais pr\u00f3ximos operados pela pr\u00f3pria  companhia, que tamb\u00e9m oferece a assist\u00eancia necess\u00e1ria aos clientes, incluindo  alimenta\u00e7\u00e3o e, se necess\u00e1rio, hospedagem. De acordo com o plano de conting\u00eancia  da TAM para o final do ano, ao longo do dia de hoje, aeronaves de maior porte  (wide-bodies) estar\u00e3o sendo utilizadas para reacomodar os passageiros  afetados.<\/p>\n","protected":false},"excerpt":{"rendered":"<p>A TAM Linhas A\u00e9reas informa que, em decorr\u00eancia de problemas meteorol\u00f3gicos em Manaus, o aeroporto da cidade teve seus sistemas de aproxima\u00e7\u00e3o por instrumentos e de balizamento prejudicados, e, desde a tarde de segunda-feira (20 de dezembro) at\u00e9 a noite de ter\u00e7a (21 de dezembro), suas opera\u00e7\u00f5es foram severamente afetadas. As condi\u00e7\u00f5es adversas em Manaus [&hellip;]<\/p>\n","protected":false},"author":3,"featured_media":0,"comment_status":"open","ping_status":"open","sticky":false,"template":"","format":"standard","meta":{"_genesis_hide_title":false,"_genesis_hide_breadcrumbs":false,"_genesis_hide_singular_image":false,"_genesis_hide_footer_widgets":false,"_genesis_custom_body_class":"","_genesis_custom_post_class":"","_genesis_layout":"","_jetpack_memberships_contains_paid_content":false,"footnotes":""},"categories":[22],"tags":[],"class_list":{"0":"post-32915","1":"post","2":"type-post","3":"status-publish","4":"format-standard","6":"category-brasil","7":"entry","8":"gs-1","9":"gs-odd","10":"gs-even","11":"gs-featured-content-entry"},"jetpack_featured_media_url":"","jetpack_sharing_enabled":true,"jetpack_likes_enabled":true,"_links":{"self":[{"href":"https:\/\/www.redenoticia.com.br\/noticia\/wp-json\/wp\/v2\/posts\/32915","targetHints":{"allow":["GET"]}}],"collection":[{"href":"https:\/\/www.redenoticia.com.br\/noticia\/wp-json\/wp\/v2\/posts"}],"about":[{"href":"https:\/\/www.redenoticia.com.br\/noticia\/wp-json\/wp\/v2\/types\/post"}],"author":[{"embeddable":true,"href":"https:\/\/www.redenoticia.com.br\/noticia\/wp-json\/wp\/v2\/users\/3"}],"replies":[{"embeddable":true,"href":"https:\/\/www.redenoticia.com.br\/noticia\/wp-json\/wp\/v2\/comments?post=32915"}],"version-history":[{"count":0,"href":"https:\/\/www.redenoticia.com.br\/noticia\/wp-json\/wp\/v2\/posts\/32915\/revisions"}],"wp:attachment":[{"href":"https:\/\/www.redenoticia.com.br\/noticia\/wp-json\/wp\/v2\/media?parent=32915"}],"wp:term":[{"taxonomy":"category","embeddable":true,"href":"https:\/\/www.redenoticia.com.br\/noticia\/wp-json\/wp\/v2\/categories?post=32915"},{"taxonomy":"post_tag","embeddable":true,"href":"https:\/\/www.redenoticia.com.br\/noticia\/wp-json\/wp\/v2\/tags?post=32915"}],"curies":[{"name":"wp","href":"https:\/\/api.w.org\/{rel}","templated":true}]}}