{"id":32914,"date":"2010-12-22T16:45:38","date_gmt":"2010-12-22T20:45:38","guid":{"rendered":"http:\/\/www.redenoticia.com.br\/noticia\/?p=32914"},"modified":"2010-12-23T14:17:12","modified_gmt":"2010-12-23T18:17:12","slug":"meteorologia-%e2%80%93-previsao-do-tempo-para-esta-quinta-feira-2312","status":"publish","type":"post","link":"https:\/\/www.redenoticia.com.br\/noticia\/2010\/meteorologia-%e2%80%93-previsao-do-tempo-para-esta-quinta-feira-2312\/32914","title":{"rendered":"Meteorologia \u2013 previs\u00e3o do tempo para esta quinta-feira 23\/12"},"content":{"rendered":"<p><img loading=\"lazy\" decoding=\"async\" class=\"alignleft size-full wp-image-28410\" title=\"previsao do tempo temperatura\" src=\"https:\/\/www.redenoticia.com.br\/noticia\/imagens\/previsao-do-tempo-temperatura.jpg\" alt=\"\" width=\"300\" height=\"193\" srcset=\"https:\/\/www.redenoticia.com.br\/noticia\/imagens\/previsao-do-tempo-temperatura.jpg 300w, https:\/\/www.redenoticia.com.br\/noticia\/imagens\/previsao-do-tempo-temperatura-250x160.jpg 250w, https:\/\/www.redenoticia.com.br\/noticia\/imagens\/previsao-do-tempo-temperatura-150x96.jpg 150w\" sizes=\"auto, (max-width: 300px) 100vw, 300px\" \/><\/p>\n<p>Previs\u00e3o do tempo \u2013 a <em><strong>meteorologia<\/strong><\/em> divulgou a <em><strong>previs\u00e3o do tempo<\/strong><\/em> e <em><strong>temperatura<\/strong><\/em> para esta quinta-feira (23\/12) e informa que \u00e1reas de instabilidade deixar\u00e3o o c\u00e9u nublado com pancadas de chuva no AC, RO, em MS, no PR, em grande parte do AM, de MT, de SP, do RJ e no sul de MG. Em algumas localidades dessas \u00e1reas poder\u00e1 chover forte. Segundo a previs\u00e3o do tempo nas demais \u00e1reas da Regi\u00e3o Norte, Centro-Oeste e Sudeste haver\u00e1 varia\u00e7\u00e3o de nebulosidade e pancadas de chuva. Dados da previs\u00e3o do tempo indicam que o dia ser\u00e1 de sol e poucas nuvens no RS, sul de SC, em SE, AL e no interior da BA. A previs\u00e3o do tempo destaca que nas demais \u00e1reas do pa\u00eds haver\u00e1 pancadas de chuva, principalmente no per\u00edodo da tarde. As temperaturas ter\u00e3o pequeno decl\u00ednio no leste do Sudeste.<\/p>\n<p>Vale do Para\u00edba \u2013 previs\u00e3o do tempo na quinta-feira (23\/12), o dia ser\u00e1 nublado com chuva no decorrer do dia na regi\u00e3o. Haver\u00e1 chance de chuva forte generalizada sobre grande parte de nossa regi\u00e3o. As temperaturas estar\u00e3o em decl\u00ednio por causa da chuva.<\/p>\n<p>Regi\u00e3o Centro-Oeste \u2013 previs\u00e3o do tempo em 23\/12\/2010: Em todas as \u00e1reas da Regi\u00e3o: sol com varia\u00e7\u00e3o de nuvens e pancadas de chuva isoladas. Temperatura m\u00e1xima: 35C no noroeste do MT. Temperatura m\u00ednima: 17C no DF.<\/p>\n<p>Regi\u00e3o Nordeste \u2013 previs\u00e3o do tempo em 23\/12\/2010: No centro-leste da BA: sol entre poucas nuvens. Nas demais \u00e1reas: sol entre nuvens e pancadas de chuva. Temperaturas elevadas. Temperatura m\u00e1xima: 34C no norte do PI. Temperatura m\u00ednima: 16C no interior da BA.<\/p>\n<p>Regi\u00e3o Norte \u2013 previs\u00e3o do tempo em 23\/12\/2010: Em todas as \u00e1reas da Regi\u00e3o: sol com varia\u00e7\u00e3o de nuvens e pancadas de chuva. Temperaturas est\u00e1veis. Temperatura m\u00e1xima: 34C no norte do PA. Temperatura m\u00ednima: 16C no noroeste de RR.<\/p>\n<p>Regi\u00e3o Sudeste \u2013 previs\u00e3o do tempo em 23\/12\/2010: No nordeste de MG: sol entre poucas nuvens. No norte de MG: nebulosidade vari\u00e1vel e possibilidade de pancadas de chuva. Nas demais \u00e1reas: muitas nuvens e pancadas de chuva. Temperaturas est\u00e1veis.<\/p>\n<p>Regi\u00e3o Sul \u2013 previs\u00e3o do tempo em 23\/12\/2010: No sudeste de SC e centro-leste do RS: sol entre poucas nuvens. Nas demais \u00e1reas sol entre nuvens e pancadas de chuva. Temperaturas est\u00e1veis. Temperatura m\u00e1xima: 34C no oeste do RS. Temperatura m\u00ednima: 15C na serra.<\/p>\n<p>Previs\u00e3o do tempo e temperatura CPTEC<\/p>\n","protected":false},"excerpt":{"rendered":"<p>Previs\u00e3o do tempo \u2013 a meteorologia divulgou a previs\u00e3o do tempo e temperatura para esta quinta-feira (23\/12) e informa que \u00e1reas de instabilidade deixar\u00e3o o c\u00e9u nublado com pancadas de chuva no AC, RO, em MS, no PR, em grande parte do AM, de MT, de SP, do RJ e no sul de MG. Em [&hellip;]<\/p>\n","protected":false},"author":3,"featured_media":28410,"comment_status":"open","ping_status":"open","sticky":false,"template":"","format":"standard","meta":{"_genesis_hide_title":false,"_genesis_hide_breadcrumbs":false,"_genesis_hide_singular_image":false,"_genesis_hide_footer_widgets":false,"_genesis_custom_body_class":"","_genesis_custom_post_class":"","_genesis_layout":"","_jetpack_memberships_contains_paid_content":false,"footnotes":""},"categories":[22],"tags":[],"class_list":{"0":"post-32914","1":"post","2":"type-post","3":"status-publish","4":"format-standard","5":"has-post-thumbnail","7":"category-brasil","8":"entry","9":"gs-1","10":"gs-odd","11":"gs-even","12":"gs-featured-content-entry"},"jetpack_featured_media_url":"https:\/\/www.redenoticia.com.br\/noticia\/imagens\/previsao-do-tempo-temperatura.jpg","jetpack_sharing_enabled":true,"jetpack_likes_enabled":true,"_links":{"self":[{"href":"https:\/\/www.redenoticia.com.br\/noticia\/wp-json\/wp\/v2\/posts\/32914","targetHints":{"allow":["GET"]}}],"collection":[{"href":"https:\/\/www.redenoticia.com.br\/noticia\/wp-json\/wp\/v2\/posts"}],"about":[{"href":"https:\/\/www.redenoticia.com.br\/noticia\/wp-json\/wp\/v2\/types\/post"}],"author":[{"embeddable":true,"href":"https:\/\/www.redenoticia.com.br\/noticia\/wp-json\/wp\/v2\/users\/3"}],"replies":[{"embeddable":true,"href":"https:\/\/www.redenoticia.com.br\/noticia\/wp-json\/wp\/v2\/comments?post=32914"}],"version-history":[{"count":0,"href":"https:\/\/www.redenoticia.com.br\/noticia\/wp-json\/wp\/v2\/posts\/32914\/revisions"}],"wp:featuredmedia":[{"embeddable":true,"href":"https:\/\/www.redenoticia.com.br\/noticia\/wp-json\/wp\/v2\/media\/28410"}],"wp:attachment":[{"href":"https:\/\/www.redenoticia.com.br\/noticia\/wp-json\/wp\/v2\/media?parent=32914"}],"wp:term":[{"taxonomy":"category","embeddable":true,"href":"https:\/\/www.redenoticia.com.br\/noticia\/wp-json\/wp\/v2\/categories?post=32914"},{"taxonomy":"post_tag","embeddable":true,"href":"https:\/\/www.redenoticia.com.br\/noticia\/wp-json\/wp\/v2\/tags?post=32914"}],"curies":[{"name":"wp","href":"https:\/\/api.w.org\/{rel}","templated":true}]}}