{"id":32912,"date":"2010-12-22T13:57:32","date_gmt":"2010-12-22T17:57:32","guid":{"rendered":"http:\/\/www.redenoticia.com.br\/noticia\/?p=32912"},"modified":"2010-12-22T13:57:32","modified_gmt":"2010-12-22T17:57:32","slug":"turismo-aluguel-de-carro-nas-ferias","status":"publish","type":"post","link":"https:\/\/www.redenoticia.com.br\/noticia\/2010\/turismo-aluguel-de-carro-nas-ferias\/32912","title":{"rendered":"Turismo &#8211; aluguel de carro nas f\u00e9rias"},"content":{"rendered":"<p><strong><em>Aluguel de carro<\/em><\/strong> nas f\u00e9rias &#8211; a\u00a0chegada das f\u00e9rias escolares \u00e9 o momento escolhido por muitos brasileiros  para arrumar as malas e curtir o merecido descanso. Os destinos s\u00e3o muitos,  principalmente em um pa\u00eds com tantas <strong><em>op\u00e7\u00f5es tur\u00edsticas<\/em><\/strong> como o Brasil, que tem  grande extens\u00e3o litor\u00e2nea. As promo\u00e7\u00f5es a\u00e9reas e a boa situa\u00e7\u00e3o econ\u00f4mica do  pa\u00eds s\u00e3o alguns motivos que aumentam as expectativas dos mais variados segmentos  ligados ao <strong><em>turismo<\/em><\/strong>, principalmente do setor de <strong><em>loca\u00e7\u00e3o de ve\u00edculos<\/em><\/strong>, que espera  atingir taxa de ocupa\u00e7\u00e3o acima de 85% no per\u00edodo entre dezembro de 2010 e  fevereiro de 2011.<\/p>\n<p>O diretor executivo da Yes Rent a Car Franchising, Raimundo Teixeira, explica  que ter um carro dispon\u00edvel \u00e9 um fator que atrai muitos clientes. \u201cA comodidade  de poder ir e vir com um autom\u00f3vel faz com que muitos turistas escolham alugar  um carro em uma de nossas ag\u00eancias, por que dessa forma, sem d\u00favida, conseguem  aproveitar mais suas f\u00e9rias\u201d, afirma.<\/p>\n<p>Outro fator positivo para as locadoras de ve\u00edculos s\u00e3o os baixos pre\u00e7os das  passagens a\u00e9reas. Teixeira revela que os turistas chegam ao seu destino de avi\u00e3o  e buscam alugar um autom\u00f3vel, que contam com di\u00e1rias cada vez mais acess\u00edveis.  \u201cDessa forma, ganham em comodidade, conhecem toda a cidade e ainda se aventuram  a conhecer mais atrativos, por terem um ve\u00edculo sempre dispon\u00edvel para criar o  seu pr\u00f3prio itiner\u00e1rio\u201d. Segundo o diretor da Yes Rent a Car Franchising, em  cidades litor\u00e2neas, o \u00edndice de ocupa\u00e7\u00e3o das frotas da locadora pode alcan\u00e7ar os  100% na alta temporada.<\/p>\n<p>Devido a essas facilidades, o n\u00famero de aluguel de carros tem aumentado  consideravelmente. Segundo a Associa\u00e7\u00e3o Brasileira de Locadoras de Autom\u00f3veis  (ABLA), o aluguel de ve\u00edculos tem sido uma op\u00e7\u00e3o cada vez mais procurada pelos  brasileiros e a alta temporada proporciona, al\u00e9m de um aumento nas loca\u00e7\u00f5es, um  n\u00famero maior de di\u00e1rias por cliente. A dura\u00e7\u00e3o m\u00e9dia das loca\u00e7\u00f5es subiu de tr\u00eas  dias, em 2008, para seis dias, atualmente.<br \/>\nDe acordo com a Associa\u00e7\u00e3o Brasileira de Ag\u00eancias de Viagens (Abav) os  empres\u00e1rios do ramos est\u00e3o otimistas com este per\u00edodo de f\u00e9rias, que vai at\u00e9  fevereiro de 2011. Dados de uma pesquisa realizada pelo Abav garantem que a  expectativa do setor \u00e9 que haja um aumento de 21% da demanda, em rela\u00e7\u00e3o ao  mesmo per\u00edodo do ano anterior.<\/p>\n","protected":false},"excerpt":{"rendered":"<p>Aluguel de carro nas f\u00e9rias &#8211; a\u00a0chegada das f\u00e9rias escolares \u00e9 o momento escolhido por muitos brasileiros para arrumar as malas e curtir o merecido descanso. Os destinos s\u00e3o muitos, principalmente em um pa\u00eds com tantas op\u00e7\u00f5es tur\u00edsticas como o Brasil, que tem grande extens\u00e3o litor\u00e2nea. As promo\u00e7\u00f5es a\u00e9reas e a boa situa\u00e7\u00e3o econ\u00f4mica do [&hellip;]<\/p>\n","protected":false},"author":3,"featured_media":0,"comment_status":"open","ping_status":"open","sticky":false,"template":"","format":"standard","meta":{"_genesis_hide_title":false,"_genesis_hide_breadcrumbs":false,"_genesis_hide_singular_image":false,"_genesis_hide_footer_widgets":false,"_genesis_custom_body_class":"","_genesis_custom_post_class":"","_genesis_layout":"","_jetpack_memberships_contains_paid_content":false,"footnotes":""},"categories":[22],"tags":[],"class_list":{"0":"post-32912","1":"post","2":"type-post","3":"status-publish","4":"format-standard","6":"category-brasil","7":"entry","8":"gs-1","9":"gs-odd","10":"gs-even","11":"gs-featured-content-entry"},"jetpack_featured_media_url":"","jetpack_sharing_enabled":true,"jetpack_likes_enabled":true,"_links":{"self":[{"href":"https:\/\/www.redenoticia.com.br\/noticia\/wp-json\/wp\/v2\/posts\/32912","targetHints":{"allow":["GET"]}}],"collection":[{"href":"https:\/\/www.redenoticia.com.br\/noticia\/wp-json\/wp\/v2\/posts"}],"about":[{"href":"https:\/\/www.redenoticia.com.br\/noticia\/wp-json\/wp\/v2\/types\/post"}],"author":[{"embeddable":true,"href":"https:\/\/www.redenoticia.com.br\/noticia\/wp-json\/wp\/v2\/users\/3"}],"replies":[{"embeddable":true,"href":"https:\/\/www.redenoticia.com.br\/noticia\/wp-json\/wp\/v2\/comments?post=32912"}],"version-history":[{"count":0,"href":"https:\/\/www.redenoticia.com.br\/noticia\/wp-json\/wp\/v2\/posts\/32912\/revisions"}],"wp:attachment":[{"href":"https:\/\/www.redenoticia.com.br\/noticia\/wp-json\/wp\/v2\/media?parent=32912"}],"wp:term":[{"taxonomy":"category","embeddable":true,"href":"https:\/\/www.redenoticia.com.br\/noticia\/wp-json\/wp\/v2\/categories?post=32912"},{"taxonomy":"post_tag","embeddable":true,"href":"https:\/\/www.redenoticia.com.br\/noticia\/wp-json\/wp\/v2\/tags?post=32912"}],"curies":[{"name":"wp","href":"https:\/\/api.w.org\/{rel}","templated":true}]}}