{"id":32909,"date":"2010-12-22T13:49:34","date_gmt":"2010-12-22T17:49:34","guid":{"rendered":"http:\/\/www.redenoticia.com.br\/noticia\/?p=32909"},"modified":"2010-12-22T13:49:34","modified_gmt":"2010-12-22T17:49:34","slug":"censo-escolar-515-milhoes-de-estudantes-em-2010","status":"publish","type":"post","link":"https:\/\/www.redenoticia.com.br\/noticia\/2010\/censo-escolar-515-milhoes-de-estudantes-em-2010\/32909","title":{"rendered":"Censo Escolar &#8211; 51,5 milh\u00f5es de estudantes em 2010"},"content":{"rendered":"<p>O <strong><em>Censo Escolar<\/em><\/strong> 2010 aponta que o Brasil tem 51,5 milh\u00f5es de estudantes  matriculados na educa\u00e7\u00e3o b\u00e1sica p\u00fablica e privada \u2013 creche, pr\u00e9-escola, ensino  fundamental e m\u00e9dio, educa\u00e7\u00e3o profissional, especial e de jovens e adultos.  Desse total, 43,9 milh\u00f5es estudam nas redes p\u00fablicas (85,4%) e 7,5 milh\u00f5es em  escolas particulares (14,6%). Atendem estudantes da educa\u00e7\u00e3o b\u00e1sica 194.939  estabelecimentos de ensino.<\/p>\n<p>Segundo os dados do Censo, as matr\u00edculas na educa\u00e7\u00e3o profissional cresceram  74,9% entre 2002 e 2010. Em 2010, o Pa\u00eds tem 1,1 milh\u00e3o de jovens na educa\u00e7\u00e3o  profissional, enquanto em 2002 eles somavam 652.073.<\/p>\n<p>Al\u00e9m do ensino profissional, a creche \u00e9 a etapa com maior crescimento no  n\u00famero de matr\u00edculas da educa\u00e7\u00e3o b\u00e1sica. As matr\u00edculas de crian\u00e7as com at\u00e9 tr\u00eas  anos de idade apresentaram um aumento de 9%, o que corresponde a 168.290 novas  matr\u00edculas. Em 2010, as matr\u00edculas somaram 2.064.653, enquanto em 2009, o censo  registrou 1.896.363. Comparando com o in\u00edcio dos anos 2000, o crescimento  ultrapassa 79%.<\/p>\n<p>Com a reorganiza\u00e7\u00e3o da pr\u00e9-escola, que atende crian\u00e7as de quatro e cinco  anos, e a implanta\u00e7\u00e3o do ensino fundamental de nove anos, o censo registrou  4.692.045 matr\u00edculas em classes de pr\u00e9-escola. A queda de 3,6% com rela\u00e7\u00e3o a  2009 \u00e9 atribu\u00edda \u00e0 implanta\u00e7\u00e3o do ensino fundamental de nove anos. Em 2009, a  pr\u00e9-escola teve 4.866.268 alunos.<\/p>\n<p>A educa\u00e7\u00e3o especial registrou em 2010, 702.603 matr\u00edculas, um aumento de 10%  com rela\u00e7\u00e3o a 2009. Segundo o presidente do Instituto Nacional de Estudos e  Pesquisas Educacionais An\u00edsio Teixeira (Inep), Joaquim Neto, o grande salto  aconteceu no processo de inclus\u00e3o de alunos com defici\u00eancia em escolas p\u00fablicas  regulares iniciado em 2007. Com a expans\u00e3o de alunos especiais nas escolas  regulares, ca\u00edram as matr\u00edculas nas escolas exclusivas.<\/p>\n<p>Tamb\u00e9m no ensino m\u00e9dio houve aumento de 0,2% nas matr\u00edculas, com 20.515 novos  alunos. No total, o ensino m\u00e9dio registra 8.357.675 alunos. Em 2009 eram  8.337.160. Como nos anos anteriores, a rede estadual \u00e9 respons\u00e1vel por 85,9% das  matr\u00edculas, enquanto a rede privada tem 11,8%.<\/p>\n<p>No ensino fundamental \u2013 da primeira \u00e0 nona s\u00e9rie regular e a educa\u00e7\u00e3o de  jovens e adultos &#8211; est\u00e3o matriculados 31 milh\u00f5es de alunos, sendo 16,7 milh\u00f5es  nos anos iniciais e 14,2 milh\u00f5es nos anos finais. A educa\u00e7\u00e3o de jovens e adultos  tem 4.287.234 de matr\u00edculas; a educa\u00e7\u00e3o ind\u00edgena, 246.793; e nas \u00e1reas  remanescente de quilombos, 210.485 estudantes est\u00e3o matriculados.<\/p>\n<p>Em 2009, o censo registrou 52,5 milh\u00f5es de alunos na educa\u00e7\u00e3o b\u00e1sica. Na  avalia\u00e7\u00e3o do presidente do Inep, a queda de cerca de um milh\u00e3o de matr\u00edculas da  educa\u00e7\u00e3o b\u00e1sica p\u00fablica em 2010, comparada a 2009, tem duas explica\u00e7\u00f5es: a  melhora do fluxo escolar com redu\u00e7\u00e3o de crian\u00e7as repetindo a s\u00e9rie combinada com  o aumento do rigor t\u00e9cnico na coleta de informa\u00e7\u00f5es do censo. \u201cFazemos checagem  de dados para evitar matr\u00edculas duplas\u201d, explicou. Em 2011, segundo Joaquim  Neto, o Inep far\u00e1 tamb\u00e9m visitas a escolas para verificar a autenticidade das  informa\u00e7\u00f5es prestadas.<\/p>\n","protected":false},"excerpt":{"rendered":"<p>O Censo Escolar 2010 aponta que o Brasil tem 51,5 milh\u00f5es de estudantes matriculados na educa\u00e7\u00e3o b\u00e1sica p\u00fablica e privada \u2013 creche, pr\u00e9-escola, ensino fundamental e m\u00e9dio, educa\u00e7\u00e3o profissional, especial e de jovens e adultos. Desse total, 43,9 milh\u00f5es estudam nas redes p\u00fablicas (85,4%) e 7,5 milh\u00f5es em escolas particulares (14,6%). Atendem estudantes da educa\u00e7\u00e3o [&hellip;]<\/p>\n","protected":false},"author":3,"featured_media":0,"comment_status":"open","ping_status":"open","sticky":false,"template":"","format":"standard","meta":{"_genesis_hide_title":false,"_genesis_hide_breadcrumbs":false,"_genesis_hide_singular_image":false,"_genesis_hide_footer_widgets":false,"_genesis_custom_body_class":"","_genesis_custom_post_class":"","_genesis_layout":"","_jetpack_memberships_contains_paid_content":false,"footnotes":""},"categories":[22],"tags":[],"class_list":{"0":"post-32909","1":"post","2":"type-post","3":"status-publish","4":"format-standard","6":"category-brasil","7":"entry","8":"gs-1","9":"gs-odd","10":"gs-even","11":"gs-featured-content-entry"},"jetpack_featured_media_url":"","jetpack_sharing_enabled":true,"jetpack_likes_enabled":true,"_links":{"self":[{"href":"https:\/\/www.redenoticia.com.br\/noticia\/wp-json\/wp\/v2\/posts\/32909","targetHints":{"allow":["GET"]}}],"collection":[{"href":"https:\/\/www.redenoticia.com.br\/noticia\/wp-json\/wp\/v2\/posts"}],"about":[{"href":"https:\/\/www.redenoticia.com.br\/noticia\/wp-json\/wp\/v2\/types\/post"}],"author":[{"embeddable":true,"href":"https:\/\/www.redenoticia.com.br\/noticia\/wp-json\/wp\/v2\/users\/3"}],"replies":[{"embeddable":true,"href":"https:\/\/www.redenoticia.com.br\/noticia\/wp-json\/wp\/v2\/comments?post=32909"}],"version-history":[{"count":0,"href":"https:\/\/www.redenoticia.com.br\/noticia\/wp-json\/wp\/v2\/posts\/32909\/revisions"}],"wp:attachment":[{"href":"https:\/\/www.redenoticia.com.br\/noticia\/wp-json\/wp\/v2\/media?parent=32909"}],"wp:term":[{"taxonomy":"category","embeddable":true,"href":"https:\/\/www.redenoticia.com.br\/noticia\/wp-json\/wp\/v2\/categories?post=32909"},{"taxonomy":"post_tag","embeddable":true,"href":"https:\/\/www.redenoticia.com.br\/noticia\/wp-json\/wp\/v2\/tags?post=32909"}],"curies":[{"name":"wp","href":"https:\/\/api.w.org\/{rel}","templated":true}]}}