{"id":32897,"date":"2010-12-21T20:16:03","date_gmt":"2010-12-22T00:16:03","guid":{"rendered":"http:\/\/www.redenoticia.com.br\/noticia\/?p=32897"},"modified":"2010-12-22T13:47:36","modified_gmt":"2010-12-22T17:47:36","slug":"meteorologia-%e2%80%93-previsao-do-tempo-para-esta-quarta-feira-2212","status":"publish","type":"post","link":"https:\/\/www.redenoticia.com.br\/noticia\/2010\/meteorologia-%e2%80%93-previsao-do-tempo-para-esta-quarta-feira-2212\/32897","title":{"rendered":"Meteorologia \u2013 previs\u00e3o do tempo para esta quarta-feira 22\/12"},"content":{"rendered":"<p><img loading=\"lazy\" decoding=\"async\" class=\"alignleft size-full wp-image-28409\" title=\"previsao do tempo e temperatura\" src=\"https:\/\/www.redenoticia.com.br\/noticia\/imagens\/previsao-do-tempo-e-temperatura.jpg\" alt=\"\" width=\"300\" height=\"193\" srcset=\"https:\/\/www.redenoticia.com.br\/noticia\/imagens\/previsao-do-tempo-e-temperatura.jpg 300w, https:\/\/www.redenoticia.com.br\/noticia\/imagens\/previsao-do-tempo-e-temperatura-250x160.jpg 250w, https:\/\/www.redenoticia.com.br\/noticia\/imagens\/previsao-do-tempo-e-temperatura-150x96.jpg 150w\" sizes=\"auto, (max-width: 300px) 100vw, 300px\" \/>Previs\u00e3o do tempo \u2013 a <strong><em>meteorologia<\/em><\/strong> divulgou a <strong><em>previs\u00e3o do tempo<\/em><\/strong> e <strong><em>temperatura<\/em><\/strong> para quarta-feira (22\/12) e informa que\u00a0o calor e a alta umidade continuar\u00e3o predominantes no pa\u00eds, deixando a quarta-feira com sol, varia\u00e7\u00e3o de nuvens e pancadas de chuva em boa parte do Brasil. Segundo a previs\u00e3o do tempo o\u00a0c\u00e9u ficar\u00e1 com mais nebulosidade e pancadas de chuva em SC, no PR, oeste de MS, de MT, AC, RO e grande parte do AM. Dados da previs\u00e3o do tempo indicam que no sul de MG e no RJ a pancada de chuva ocorrer\u00e1 no per\u00edodo da tarde. No No interior do Nordeste o sol aparecer\u00e1 entre poucas nuvens. A previs\u00e3o do tempo destaca que o\u00a0sol predominar\u00e1 no centro-sul do RS. As temperaturas estar\u00e3o est\u00e1veis.<\/p>\n<p>Vale do Para\u00edba \u2013 previs\u00e3o do tempo na quarta-feira (22\/12), a nebulosidade aumentar\u00e1 no decorrer do per\u00edodo e a partir da tarde ocorrer\u00e3o pancadas de chuva na regi\u00e3o. Haver\u00e1 risco de temporais sobre grande parte de nossa regi\u00e3o. A temperatura m\u00e1xima estar\u00e1 em pequeno decl\u00ednio por causa da chuva.<\/p>\n<p>Regi\u00e3o Centro-Oeste \u2013 previs\u00e3o do tempo em 22\/12\/2010: Em todas as \u00e1reas da Regi\u00e3o: sol com varia\u00e7\u00e3o de nuvens e pancadas de chuva isoladas. Temperaturas est\u00e1veis. Temperatura m\u00e1xima: 35C no noroeste do MT. Temperatura m\u00ednima: 17C no DF.<\/p>\n<p>Regi\u00e3o Nordeste \u2013 previs\u00e3o do tempo em 22\/12\/2010: Na BA e no litoral entre o SE e o RN: sol entre poucas nuvens. Nas demais \u00e1reas: sol entre nuvens e pancada de chuva a qualquer hora. Temperaturas est\u00e1veis. Temperatura m\u00e1xima: 34C no norte do PI. Temperatura m\u00ednima: 16C no interior da BA.<\/p>\n<p>Regi\u00e3o Norte \u2013 previs\u00e3o do tempo em 22\/12\/2010: Em todas as \u00e1reas da Regi\u00e3o: sol com varia\u00e7\u00e3o de nuvens e pancadas de chuva. Temperaturas est\u00e1veis. Temperatura m\u00e1xima: 34C no norte do PA. Temperatura m\u00ednima: 16C no noroeste de RR.<\/p>\n<p>Regi\u00e3o Sudeste \u2013 previs\u00e3o do tempo em 22\/12\/2010: No norte de MG e centro-norte do ES: sol entre poucas nuvens. Nas demais \u00e1reas: nebulosidade vari\u00e1vel nuvens e pancadas de chuva. Temperaturas est\u00e1veis.<\/p>\n<p>Regi\u00e3o Sul \u2013 previs\u00e3o do tempo em 22\/12\/2010: No RS: sol entre poucas nuvens. Nas demais \u00e1reas: sol entre nuvens e pancadas de chuva. Temperaturas est\u00e1veis. Temperatura m\u00e1xima: 34C no oeste do RS. Temperatura m\u00ednima: 15C na serra.<\/p>\n<p>Previs\u00e3o do tempo e temperatura CPTEC<\/p>\n","protected":false},"excerpt":{"rendered":"<p>Previs\u00e3o do tempo \u2013 a meteorologia divulgou a previs\u00e3o do tempo e temperatura para quarta-feira (22\/12) e informa que\u00a0o calor e a alta umidade continuar\u00e3o predominantes no pa\u00eds, deixando a quarta-feira com sol, varia\u00e7\u00e3o de nuvens e pancadas de chuva em boa parte do Brasil. Segundo a previs\u00e3o do tempo o\u00a0c\u00e9u ficar\u00e1 com mais nebulosidade [&hellip;]<\/p>\n","protected":false},"author":3,"featured_media":28409,"comment_status":"open","ping_status":"open","sticky":false,"template":"","format":"standard","meta":{"_genesis_hide_title":false,"_genesis_hide_breadcrumbs":false,"_genesis_hide_singular_image":false,"_genesis_hide_footer_widgets":false,"_genesis_custom_body_class":"","_genesis_custom_post_class":"","_genesis_layout":"","_jetpack_memberships_contains_paid_content":false,"footnotes":""},"categories":[22],"tags":[],"class_list":{"0":"post-32897","1":"post","2":"type-post","3":"status-publish","4":"format-standard","5":"has-post-thumbnail","7":"category-brasil","8":"entry","9":"gs-1","10":"gs-odd","11":"gs-even","12":"gs-featured-content-entry"},"jetpack_featured_media_url":"https:\/\/www.redenoticia.com.br\/noticia\/imagens\/previsao-do-tempo-e-temperatura.jpg","jetpack_sharing_enabled":true,"jetpack_likes_enabled":true,"_links":{"self":[{"href":"https:\/\/www.redenoticia.com.br\/noticia\/wp-json\/wp\/v2\/posts\/32897","targetHints":{"allow":["GET"]}}],"collection":[{"href":"https:\/\/www.redenoticia.com.br\/noticia\/wp-json\/wp\/v2\/posts"}],"about":[{"href":"https:\/\/www.redenoticia.com.br\/noticia\/wp-json\/wp\/v2\/types\/post"}],"author":[{"embeddable":true,"href":"https:\/\/www.redenoticia.com.br\/noticia\/wp-json\/wp\/v2\/users\/3"}],"replies":[{"embeddable":true,"href":"https:\/\/www.redenoticia.com.br\/noticia\/wp-json\/wp\/v2\/comments?post=32897"}],"version-history":[{"count":0,"href":"https:\/\/www.redenoticia.com.br\/noticia\/wp-json\/wp\/v2\/posts\/32897\/revisions"}],"wp:featuredmedia":[{"embeddable":true,"href":"https:\/\/www.redenoticia.com.br\/noticia\/wp-json\/wp\/v2\/media\/28409"}],"wp:attachment":[{"href":"https:\/\/www.redenoticia.com.br\/noticia\/wp-json\/wp\/v2\/media?parent=32897"}],"wp:term":[{"taxonomy":"category","embeddable":true,"href":"https:\/\/www.redenoticia.com.br\/noticia\/wp-json\/wp\/v2\/categories?post=32897"},{"taxonomy":"post_tag","embeddable":true,"href":"https:\/\/www.redenoticia.com.br\/noticia\/wp-json\/wp\/v2\/tags?post=32897"}],"curies":[{"name":"wp","href":"https:\/\/api.w.org\/{rel}","templated":true}]}}