{"id":32895,"date":"2010-12-21T11:34:40","date_gmt":"2010-12-21T15:34:40","guid":{"rendered":"http:\/\/www.redenoticia.com.br\/noticia\/?p=32895"},"modified":"2010-12-21T12:37:24","modified_gmt":"2010-12-21T16:37:24","slug":"forcas-armadas-recebem-novos-helicopteros-de-transporte","status":"publish","type":"post","link":"https:\/\/www.redenoticia.com.br\/noticia\/2010\/forcas-armadas-recebem-novos-helicopteros-de-transporte\/32895","title":{"rendered":"For\u00e7as armadas recebem novos helic\u00f3pteros de transporte"},"content":{"rendered":"<p>Os tr\u00eas primeiros dos 50 <strong><em>helic\u00f3pteros<\/em><\/strong> de  transporte EC-725 comprados pelo governo brasileiro foram entregues nesta segunda-feira (20). At\u00e9 2016, Ex\u00e9rcito, Marinha e Aeron\u00e1utica receber\u00e3o 16  helic\u00f3pteros cada, e duas aeronaves ser\u00e3o utilizadas para o transporte de  autoridades.<\/p>\n<p>As primeiras aeronaves entregues foram fabricadas na Fran\u00e7a. As outras 47  unidades ser\u00e3o constru\u00eddas na f\u00e1brica da Helibr\u00e1s, instalada em Itajub\u00e1 (MG). O  projeto \u00e9 uma das consequ\u00eancias da parceria estrat\u00e9gica assinada em dezembro de  2008 entre o Brasil e a Fran\u00e7a. O programa prev\u00ea transfer\u00eancia de tecnologia e  aumento progressivo de conte\u00fado nacional, com benef\u00edcio a diversas empresas  brasileiras que se tornar\u00e3o fornecedoras.<\/p>\n<p>Pelo acordo assinado com os franceses, a f\u00e1brica brasileira ter\u00e1  exclusividade de venda dos helic\u00f3pteros na Am\u00e9rica do Sul e na \u00c1frica. O projeto  custar\u00e1 cerca de R$ 5,1 bilh\u00f5es dos quais cerca de R$ 4,9 bilh\u00f5es ser\u00e3o  financiados pelos franceses, em nove anos, e R$ 232 milh\u00f5es ser\u00e3o desembolsados  diretamente pelo Tesouro.<\/p>\n<p>A cerim\u00f4nia de entrega foi realizada em Base A\u00e9rea de Bras\u00edlia. Cada For\u00e7a  receber\u00e1 um helic\u00f3ptero, com a configura\u00e7\u00e3o definida de acordo com as suas  necessidades espec\u00edficas, e poder\u00e1 trazer varia\u00e7\u00f5es de equipamentos.<\/p>\n<p>A Helibr\u00e1s, \u00fanica fabricante brasileira de helic\u00f3pteros, \u00e9 associada ao Grupo  Eurocopter, controlado pela European Aeronautic Defence and Space Company  (EADS).<\/p>\n<p>O modelo EC-725 pode transportar 29 soldados e voar por at\u00e9 cinco horas. O peso m\u00e1ximo para decolagem \u00e9 de 11 toneladas e alcan\u00e7a 262 km\/h de velocidade de cruzeiro.<\/p>\n","protected":false},"excerpt":{"rendered":"<p>Os tr\u00eas primeiros dos 50 helic\u00f3pteros de transporte EC-725 comprados pelo governo brasileiro foram entregues nesta segunda-feira (20). At\u00e9 2016, Ex\u00e9rcito, Marinha e Aeron\u00e1utica receber\u00e3o 16 helic\u00f3pteros cada, e duas aeronaves ser\u00e3o utilizadas para o transporte de autoridades. As primeiras aeronaves entregues foram fabricadas na Fran\u00e7a. As outras 47 unidades ser\u00e3o constru\u00eddas na f\u00e1brica da [&hellip;]<\/p>\n","protected":false},"author":3,"featured_media":0,"comment_status":"open","ping_status":"open","sticky":false,"template":"","format":"standard","meta":{"_genesis_hide_title":false,"_genesis_hide_breadcrumbs":false,"_genesis_hide_singular_image":false,"_genesis_hide_footer_widgets":false,"_genesis_custom_body_class":"","_genesis_custom_post_class":"","_genesis_layout":"","_jetpack_memberships_contains_paid_content":false,"footnotes":""},"categories":[22],"tags":[],"class_list":{"0":"post-32895","1":"post","2":"type-post","3":"status-publish","4":"format-standard","6":"category-brasil","7":"entry","8":"gs-1","9":"gs-odd","10":"gs-even","11":"gs-featured-content-entry"},"jetpack_featured_media_url":"","jetpack_sharing_enabled":true,"jetpack_likes_enabled":true,"_links":{"self":[{"href":"https:\/\/www.redenoticia.com.br\/noticia\/wp-json\/wp\/v2\/posts\/32895","targetHints":{"allow":["GET"]}}],"collection":[{"href":"https:\/\/www.redenoticia.com.br\/noticia\/wp-json\/wp\/v2\/posts"}],"about":[{"href":"https:\/\/www.redenoticia.com.br\/noticia\/wp-json\/wp\/v2\/types\/post"}],"author":[{"embeddable":true,"href":"https:\/\/www.redenoticia.com.br\/noticia\/wp-json\/wp\/v2\/users\/3"}],"replies":[{"embeddable":true,"href":"https:\/\/www.redenoticia.com.br\/noticia\/wp-json\/wp\/v2\/comments?post=32895"}],"version-history":[{"count":0,"href":"https:\/\/www.redenoticia.com.br\/noticia\/wp-json\/wp\/v2\/posts\/32895\/revisions"}],"wp:attachment":[{"href":"https:\/\/www.redenoticia.com.br\/noticia\/wp-json\/wp\/v2\/media?parent=32895"}],"wp:term":[{"taxonomy":"category","embeddable":true,"href":"https:\/\/www.redenoticia.com.br\/noticia\/wp-json\/wp\/v2\/categories?post=32895"},{"taxonomy":"post_tag","embeddable":true,"href":"https:\/\/www.redenoticia.com.br\/noticia\/wp-json\/wp\/v2\/tags?post=32895"}],"curies":[{"name":"wp","href":"https:\/\/api.w.org\/{rel}","templated":true}]}}