{"id":32885,"date":"2010-12-21T11:59:25","date_gmt":"2010-12-21T15:59:25","guid":{"rendered":"http:\/\/www.redenoticia.com.br\/noticia\/?p=32885"},"modified":"2010-12-21T11:59:25","modified_gmt":"2010-12-21T15:59:25","slug":"temer-comenta-sobre-salarios-dos-parlamentares","status":"publish","type":"post","link":"https:\/\/www.redenoticia.com.br\/noticia\/2010\/temer-comenta-sobre-salarios-dos-parlamentares\/32885","title":{"rendered":"Temer comenta sobre sal\u00e1rios dos parlamentares"},"content":{"rendered":"<p>A equipara\u00e7\u00e3o dos <strong><em>sal\u00e1rios de deputados e senadores<\/em><\/strong> com os rendimentos dos  ministros do STF era uma \u201cvelha aspira\u00e7\u00e3o dos parlamentares\u201d e n\u00e3o foi nenhuma  surpresa. A afirma\u00e7\u00e3o foi feita pelo vice-presidente eleito <strong><em>Michel Temer <\/em><\/strong>(PMDB)  em entrevista exclusiva ao jornalista Jos\u00e9 Paulo de Andrade durante a edi\u00e7\u00e3o de  hoje do programa \u201cJornal Gente\u201d, da R\u00e1dio Bandeirantes AM 840 e FM 90,9. Nos  est\u00fadios da emissora, Temer lembrou que, durante o per\u00edodo em que ele esteve na  Presid\u00eancia da C\u00e2mara, outras tentativas de equipara\u00e7\u00e3o foram feitas. Pelo texto  aprovado, os parlamentares, que recebem atualmente R$ 16.500 passar\u00e3o a ganhar  mais de R$ 26 mil a partir de fevereiro, um reajuste de 61,8%.<\/p>\n<p>Sobre a presen\u00e7a do PMDB no governo Dilma Roussef, o vice-presidente eleito  afirma que o partido ocupar\u00e1 o mesmo n\u00famero de minist\u00e9rios que tem no governo  Lula: seis pastas. \u201c\u00c9 claro que caiu, digamos assim, a densidade dos minist\u00e9rios  atribu\u00eddos ao PMDB, mas isso n\u00e3o incomoda o partido\u201d, declarou o vice-presidente  eleito. Segundo ele, o PMDB ficou com pastas mais estrat\u00e9gicas, como a  Secretaria de Assuntos Estrat\u00e9gicos e a Previd\u00eancia.<\/p>\n<p>Questionado se o deputado Ciro Gomes (PSB) ser\u00e1 ou n\u00e3o ministro no novo  governo, Temer disse n\u00e3o saber. Sobre as duras afirma\u00e7\u00f5es do deputado contra o  PMDB durante a campanha presidencial, o vice-presidente eleito afirmou que, caso  assuma um minist\u00e9rio, Ciro Gomes deve ter \u201ccautelas verbais\u201d.<\/p>\n<p>Michel Temer sinaliza querer ser um vice-presidente atuante no governo de  Dilma Rousseff. O peemedebista afirmou ser um legalista e espera assumir com  temperan\u00e7a o pa\u00eds todas as vezes em que a presidente se ausentar. Mas ele espera  ser mais solicitado pela companheira de chapa e sucessora do presidente Lula, em  especial para atua\u00e7\u00e3o junto aos congressistas. Sobre a expectativa para o in\u00edcio  do governo Dilma Rousseff, Michel Temer diz n\u00e3o ter d\u00favidas de que ela tirar\u00e1 de  letra eventuais cr\u00edticas e compara\u00e7\u00f5es com o presidente Lula.<\/p>\n<p>A entrevista de Michel Temer ao \u201cJornal Gente\u201d pode ser ouvida no site da  R\u00e1dio Bandeirantes: <a href=\"http:\/\/www.radiobandeirantes.com.br\/notas.asp?ID=403549\" target=\"_blank\">http:\/\/www.radiobandeirantes.com.br\/notas.asp?ID=403549<\/a><\/p>\n","protected":false},"excerpt":{"rendered":"<p>A equipara\u00e7\u00e3o dos sal\u00e1rios de deputados e senadores com os rendimentos dos ministros do STF era uma \u201cvelha aspira\u00e7\u00e3o dos parlamentares\u201d e n\u00e3o foi nenhuma surpresa. A afirma\u00e7\u00e3o foi feita pelo vice-presidente eleito Michel Temer (PMDB) em entrevista exclusiva ao jornalista Jos\u00e9 Paulo de Andrade durante a edi\u00e7\u00e3o de hoje do programa \u201cJornal Gente\u201d, da [&hellip;]<\/p>\n","protected":false},"author":3,"featured_media":0,"comment_status":"open","ping_status":"open","sticky":false,"template":"","format":"standard","meta":{"_genesis_hide_title":false,"_genesis_hide_breadcrumbs":false,"_genesis_hide_singular_image":false,"_genesis_hide_footer_widgets":false,"_genesis_custom_body_class":"","_genesis_custom_post_class":"","_genesis_layout":"","_jetpack_memberships_contains_paid_content":false,"footnotes":""},"categories":[22],"tags":[],"class_list":{"0":"post-32885","1":"post","2":"type-post","3":"status-publish","4":"format-standard","6":"category-brasil","7":"entry","8":"gs-1","9":"gs-odd","10":"gs-even","11":"gs-featured-content-entry"},"jetpack_featured_media_url":"","jetpack_sharing_enabled":true,"jetpack_likes_enabled":true,"_links":{"self":[{"href":"https:\/\/www.redenoticia.com.br\/noticia\/wp-json\/wp\/v2\/posts\/32885","targetHints":{"allow":["GET"]}}],"collection":[{"href":"https:\/\/www.redenoticia.com.br\/noticia\/wp-json\/wp\/v2\/posts"}],"about":[{"href":"https:\/\/www.redenoticia.com.br\/noticia\/wp-json\/wp\/v2\/types\/post"}],"author":[{"embeddable":true,"href":"https:\/\/www.redenoticia.com.br\/noticia\/wp-json\/wp\/v2\/users\/3"}],"replies":[{"embeddable":true,"href":"https:\/\/www.redenoticia.com.br\/noticia\/wp-json\/wp\/v2\/comments?post=32885"}],"version-history":[{"count":0,"href":"https:\/\/www.redenoticia.com.br\/noticia\/wp-json\/wp\/v2\/posts\/32885\/revisions"}],"wp:attachment":[{"href":"https:\/\/www.redenoticia.com.br\/noticia\/wp-json\/wp\/v2\/media?parent=32885"}],"wp:term":[{"taxonomy":"category","embeddable":true,"href":"https:\/\/www.redenoticia.com.br\/noticia\/wp-json\/wp\/v2\/categories?post=32885"},{"taxonomy":"post_tag","embeddable":true,"href":"https:\/\/www.redenoticia.com.br\/noticia\/wp-json\/wp\/v2\/tags?post=32885"}],"curies":[{"name":"wp","href":"https:\/\/api.w.org\/{rel}","templated":true}]}}