{"id":32883,"date":"2010-12-21T11:52:14","date_gmt":"2010-12-21T15:52:14","guid":{"rendered":"http:\/\/www.redenoticia.com.br\/noticia\/?p=32883"},"modified":"2010-12-21T11:52:14","modified_gmt":"2010-12-21T15:52:14","slug":"elite-feminina-do-brasil-busca-sexta-vitoria-na-sao-silvestre","status":"publish","type":"post","link":"https:\/\/www.redenoticia.com.br\/noticia\/2010\/elite-feminina-do-brasil-busca-sexta-vitoria-na-sao-silvestre\/32883","title":{"rendered":"Elite feminina do Brasil busca sexta vit\u00f3ria na S\u00e3o Silvestre"},"content":{"rendered":"<p>As brasileiras tentar\u00e3o o sexto t\u00edtulo da <strong><em>Corrida de S\u00e3o Silvestre<\/em><\/strong>, que ter\u00e1  a 86\u00aa edi\u00e7\u00e3o (36\u00aa com mulheres) realizada no pr\u00f3ximo dia 31, em S\u00e3o Paulo (SP).  Os principais nomes do atletismo nacional tentar\u00e3o quebrar uma sequ\u00eancia de tr\u00eas  vit\u00f3rias consecutivas de estrangeiras com as quenianas Pasalia Chepkorir, em  2009, e Alice Timbilili, em 2007, e a et\u00edope Yimer Wude Ayalew, em 2008.<\/p>\n<p>&#8220;N\u00e3o podemos deixar as africanas assumirem a ponta e ditarem o ritmo da  corrida&#8221;, contou Marily dos Santos, melhor brasileira em 2009, com a terceira  posi\u00e7\u00e3o. &#8220;O meu foco sempre \u00e9 treinar para baixar minhas marcas. Desta vez, n\u00e3o  ser\u00e1 diferente, mas competirei contra v\u00e1rias atletas de alto n\u00edvel&#8221;, lembrou a  atleta, que, nesta temporada venceu a Maratona de Recife.<\/p>\n<p>Dona do melhor desempenho m\u00e9dio entre as brasileiras nos \u00faltimos tr\u00eas anos,  Fabiane Cristine busca repetir o p\u00f3dio de 2008, quando ficou com o  vice-campeonato. &#8220;A S\u00e3o Silvestre \u00e9 uma prova muito dura. \u00c9 preciso controlar o  desespero de cruzar logo a linha de chegada&#8221;, afirmou.<\/p>\n<p>O Brasil tamb\u00e9m contar\u00e1 com a participa\u00e7\u00e3o de uma ex-campe\u00e3. Maria Zeferina  Baldaia venceu em 2001 e fez uma temporada bem regular em 2010, tanto que est\u00e1  disputando o vice-campeonato do Ranking Nacional Caixa\/CBAt com Concei\u00e7\u00e3o de  Maria Oliveira. A decis\u00e3o ser\u00e1 na S\u00e3o Silvestre, pois Baldaia tem 301 pontos  contra 303 da advers\u00e1ria.<\/p>\n<p>Concei\u00e7\u00e3o de Maria Oliveira, por sua vez, tamb\u00e9m est\u00e1 otimista pois foi  vice-campe\u00e3 na Maratona de Porto Alegre e tamb\u00e9m na do Rio de Janeiro. Outros  bons resultados foram a quarta posi\u00e7\u00e3o na Maratona de Recife e quinta na Volta  da Pampulha.<\/p>\n<p>Campe\u00e3 antecipada do Ranking Nacional, Edielza Alves Guimar\u00e3es, quer manter a  regularidade da temporada. A atleta pontuou em 15 corridas do ranking, venceu a  Maratona de Vit\u00f3ria e foi vice na Volta da Pampulha. &#8220;Fiz uma boa temporada e  consegui resultados significativos. Espero manter este ritmo&#8221;, avisou.<\/p>\n<p>Com resultados expressivos no ano, Cruz Nonata \u00e9 outra brasileira disposta a  atrapalhar o plano das estrangeiras. Primeira colocada do 10K-Rio, a competidora  tamb\u00e9m faturou o 10K Brasil e o 10K da Virada Esportiva, sempre superando  quenianas. Cruz espera repetir o p\u00f3dio da edi\u00e7\u00e3o do ano do ano passado, quando  terminou no quinto lugar.<\/p>\n<p>Quem tamb\u00e9m pode surpreender \u00e9 a atleta do Pinheiros, Adriana Aparecida da  Silva. Em setembro ela foi s\u00e9tima na Maratona de Berlim, com o tempo de  2h32min30seg, melhor marca de uma brasileira na temporada e o quinto tempo da  hist\u00f3ria entre as corredoras nacionais.<\/p>\n<p>Resultados de 2009 &#8211; Feminino<br \/>\n1- Pasalia Chepkorir (QUE) &#8211; Nike &#8211;  52min30s<br \/>\n2- Olivera Jevtic (SER) &#8211; Adidas &#8211; 52min59s<br \/>\n3- Marily dos Santos  (BRA) &#8211; Multsport\/Caixa &#8211; 53min35s<br \/>\n4- Maria Zeferina Baldaia (BRA) &#8211; E.C.  Pinheiros &#8211; 53min58s<br \/>\n5- Cruz Nonata da Silva (BRA) &#8211; BM&amp;F Bovespa &#8211;  54min10s<br \/>\n6- Derartu Tulu (ETI) &#8211; Mizuno &#8211; 54min25s<br \/>\n7- Zenaide Vieira (BRA)  &#8211; Rede Atletismo &#8211; 54min40s<br \/>\n8- Margaret Karie &#8211; (QUE) &#8211; Fila &#8211; 54min46s<br \/>\n9-  Maurine Kipchumba (QUE) &#8211; Kenia Athletic Luasa &#8211; 54min52s<br \/>\n10- Sueli Pereira  da Silva (BRA) &#8211; 54min59s<\/p>\n<p>Campe\u00e3s &#8211; prova de 15k<br \/>\n2009 &#8211; Pasalia Kipcoech Chepkorir &#8211; Qu\u00eania  (52min30s)<br \/>\n2008 &#8211; Yimer Wude Ayalew &#8211; Eti\u00f3pia (51min37s)<br \/>\n2007 &#8211; Alice  Timbilili &#8211; Qu\u00eania &#8211; (53min07s)<br \/>\n2006 &#8211; Luc\u00e9lia Peres (51min24s)<br \/>\n2005 &#8211;  Olivera Jevtic &#8211; S\u00e9rvia e Montenegro (51min38s)<br \/>\n2004 &#8211; Lydia Cheromei &#8211;  Qu\u00eania (53min01s)<br \/>\n2003 &#8211; Margaret Okayo &#8211; Qu\u00eania (51min24s)<br \/>\n2002 &#8211;  Marizete de Paula Rezende (54min02s)<br \/>\n2001 &#8211; Maria Zeferina Baldaia (52min12s)<br \/>\n2000 &#8211; Lydia Cheromei &#8211; Qu\u00eania (50min33s)<br \/>\n1999 &#8211; Lydia Cheromei &#8211; Qu\u00eania  (51min29s)<br \/>\n1998 &#8211; Olivera Jevtic &#8211; Iugosl\u00e1via (51min35s)<br \/>\n1997 &#8211; Martha  Then\u00f3rio &#8211; Equador (52min04s)<br \/>\n1996 &#8211; Roseli Machado (52min32s)<br \/>\n1995 &#8211;  Carmem Oliveira (50min53s)<br \/>\n1994 &#8211; Derartu Tulu &#8211; Eti\u00f3pia (51min17s)<br \/>\n1993  &#8211; Hellen Kimayio &#8211; Qu\u00eania (50min26s &#8211; recorde da prova)<br \/>\n1992 &#8211; Maria Del  Carmen Diaz &#8211; M\u00e9xico (54min00s)<br \/>\n1991 &#8211; Maria Del Carmen Diaz &#8211; M\u00e9xico  (54min02s)<\/p>\n<p>Outras campe\u00e3s<br \/>\n1990 &#8211; Maria Luisa Servin &#8211; M\u00e9xico<br \/>\n1989 &#8211; Maria Del  Carmen Diaz &#8211; M\u00e9xico<br \/>\n1988 &#8211; Aurora Cunha &#8211; Portugal<br \/>\n1987 &#8211; Martha  Then\u00f3rio &#8211; Equador<br \/>\n1986 &#8211; Rosa Mota &#8211; Portugal<br \/>\n1985 &#8211; Rosa Mota &#8211;  Portugal<br \/>\n1984 &#8211; Rosa Mota &#8211; Portugal<br \/>\n1983 &#8211; Rosa Mota &#8211; Portugal<br \/>\n1982 &#8211; Rosa Mota &#8211; Portugal<br \/>\n1981 &#8211; Rosa Mota &#8211; Portugal<br \/>\n1980 &#8211; Heide  Hutterer &#8211; Alemanha<br \/>\n1979 &#8211; Dana Slater &#8211; Estados Unidos<br \/>\n1978 &#8211; Dana  Slater &#8211; Estados Unidos<br \/>\n1977 &#8211; Loa Olafsson &#8211; Dinamarca<br \/>\n1976 &#8211; Christa  Valensieck &#8211; Alemanha<br \/>\n1975 &#8211; Christa Valensieck &#8211; Alemanha<\/p>\n<p>Entrega de kits e chip descart\u00e1vel &#8211; Os kits de participa\u00e7\u00e3o, compostos de  camiseta da competi\u00e7\u00e3o, do manual do atleta e do n\u00famero de peito, al\u00e9m do chip e  medalha de participa\u00e7\u00e3o, ser\u00e3o entregues nos dias 28 e 29 de dezembro, das 9h as  19h, e no dia 30 de dezembro das 9h as 17h, no Gin\u00e1sio Mauro Pinheiro,  localizado na rua Ab\u00edlio Soares, 1.300, no Ibirapuera. Como todos os anos, o  material n\u00e3o ser\u00e1 entregue no dia da prova, nem ap\u00f3s a mesma.<\/p>\n<p>Uma das novidades desta edi\u00e7\u00e3o \u00e9 a ado\u00e7\u00e3o do chip descart\u00e1vel, entregue junto  com a medalha de participa\u00e7\u00e3o no kit do atleta. O objetivo dos organizadores \u00e9  aumentar a rapidez na dispers\u00e3o dos corredores na chegada da prova, em fun\u00e7\u00e3o do  grande fluxo de pessoas na avenida Paulista por conta da S\u00e3o Silvestre e  Reveillon, oferecendo maior seguran\u00e7a e conforto a todos os participantes dentro  do novo projeto de urbaniza\u00e7\u00e3o da regi\u00e3o.<\/p>\n<p>At\u00e9 o ano passado, os atletas ficavam numa fila, que passava por uma \u00e1rea de  um estacionamento, para devolver o chip e pegar a medalha. Como a devolu\u00e7\u00e3o era  obrigat\u00f3ria, pois o chip era emprestado, gerava dificuldades de dispers\u00e3o . A  partir deste ano, o estacionamento tem um projeto de edifica\u00e7\u00e3o j\u00e1 anunciado e  n\u00e3o existe outra \u00e1rea apropriada para este fim que possa garantir a circula\u00e7\u00e3o e  seguran\u00e7a do publico. Al\u00e9m disso, no mesmo local estar\u00e3o circulando no hor\u00e1rio  de transi\u00e7\u00e3o da S\u00e3o Silvestre para o Reveillon mais de 100 mil pessoas entre os  participantes da S\u00e3o Silvestre e aqueles que chegam para o Reveillon na  Paulista.<\/p>\n<p>Com a mudan\u00e7a, ao final da corrida, todos est\u00e3o liberados, facilitando a  dispers\u00e3o e promovendo a seguran\u00e7a uma vez que os dois eventos ocupam a mesma  regi\u00e3o. Quem quiser pode ir para casa ou procurar por sua escolha postos de \u00e1gua  e lanche, distribu\u00eddos em pontos individuais e isolados, ou mesmo dirigir-se  diretamente ao guarda-volumes para pegar seus pertences, quando utilizarem este  apoio. Em fun\u00e7\u00e3o da necessidade de fluxo de pessoas e da promo\u00e7\u00e3o da seguran\u00e7a o  guarda-volumes tamb\u00e9m mudou. Agora ser\u00e1 concentrado em 20 caminh\u00f5es  Correio\/Sedex estacionados na rua S\u00e3o Carlos do Pinhal, a partir da alameda  Campinas at\u00e9 pr\u00f3ximo da rua Augusta.<\/p>\n<p>&#8220;Todas essas mudan\u00e7as foram feitas para promover a seguran\u00e7a e o conforto do  corredor e p\u00fablico espectador. O Comit\u00ea Organizador da S\u00e3o Silvestre e do  Reveillon, em conjunto com o CET e Pol\u00edcia Militar, estudaram todas as  alternativas de fluxo da regi\u00e3o com crit\u00e9rios baseados na seguran\u00e7a do p\u00fablico,  circula\u00e7\u00e3o, suporte m\u00e9dico durante a prova, acesso do p\u00fablico ao Reveillon e  todo o processo de transi\u00e7\u00e3o das pessoas da S\u00e3o Silvestre para o Reveillon.  Tamb\u00e9m n\u00e3o poder\u00edamos usar todas as vias da regi\u00e3o para montar a infraestrutura  p\u00f3s prova, pois sufocar\u00edamos o tr\u00e2nsito, prejudicando empresas e moradores&#8221;,  resssaltou Kassabian, diretor de opera\u00e7\u00f5es da S\u00e3o Silvestre.<\/p>\n<p>Outra inova\u00e7\u00e3o \u00e9 que todos que completarem a prova poder\u00e3o fazer download,  pelo site oficial, de um certificado digital de conclus\u00e3o e participa\u00e7\u00e3o, ap\u00f3s a  publica\u00e7\u00e3o do resultado oficial.<\/p>\n<p>Novo esquema de fechamento do tr\u00e2nsito &#8211; Para facilitar a log\u00edstica, ser\u00e3o  promovidas algumas mudan\u00e7as no tr\u00e2nsito. At\u00e9 o ano passado, a interdi\u00e7\u00e3o de vias  na regi\u00e3o come\u00e7ava \u00e0s 10 horas do dia 31. Em 2010, a Companhia de Engenharia de  Tr\u00e1fego (CET) come\u00e7ar\u00e1 a intervir a partir da primeira hora do dia, para que, \u00e0s  14 horas, todo o percurso esteja bloqueado para ve\u00edculos.<\/p>\n<p>A partir de 1 hora do dia 31, ser\u00e3o interditadas a avenida Paulista (sentido  Para\u00edso\/Consola\u00e7\u00e3o, no trecho ente as ruas Teixeira da Silva e Peixoto Gomide. A  alameda Campinas ter\u00e1 o tr\u00e2nsito de ve\u00edculos impedido entre a avenida Paulista e  a rua S\u00e3o Carlos do Pinhal.<\/p>\n<p>A partir das 10 horas, a Paulista ficar\u00e1 fechada na dire\u00e7\u00e3o Para\u00edso\/  Consola\u00e7\u00e3o entre as ruas Peixoto Gomide e Frei Caneca e, no sentido contr\u00e1rio,  entre as ruas Padre Jo\u00e3o Manoel e a alameda Joaquim Eug\u00eanio de Lima. \u00c0s 13h30,  ocorre a interdi\u00e7\u00e3o, em ambas as dire\u00e7\u00f5es, das ruas Padre Jo\u00e3o Manoel e rua da  Consola\u00e7\u00e3o. Vale lembrar que, a partir dos hor\u00e1rios informados, a entrada de  ve\u00edculos na avenida Paulista nos trechos citados estar\u00e1 proibida. Ser\u00e1  viabilizada apenas a sa\u00edda dos ve\u00edculos estacionados nos pr\u00e9dios localizados  nessa via at\u00e9 o hor\u00e1rio m\u00e1ximo das 14h00.<\/p>\n<p>A S\u00e3o Silvestre \u00e9 uma realiza\u00e7\u00e3o da Funda\u00e7\u00e3o C\u00e1sper L\u00edbero e promo\u00e7\u00e3o da  Gazeta Esportiva Net e Rede Globo. A prova tem patroc\u00ednio da Caixa e Oi com  apoio de HCor, Montev\u00e9rgine, Gatorade e Caf\u00e9 3 Cora\u00e7\u00f5es, e apoio especial do  Governo do Estado de S\u00e3o Paulo e da Prefeitura de S\u00e3o Paulo. A supervis\u00e3o \u00e9 da  CBAt, FPA, IAAF e AIMS.<\/p>\n","protected":false},"excerpt":{"rendered":"<p>As brasileiras tentar\u00e3o o sexto t\u00edtulo da Corrida de S\u00e3o Silvestre, que ter\u00e1 a 86\u00aa edi\u00e7\u00e3o (36\u00aa com mulheres) realizada no pr\u00f3ximo dia 31, em S\u00e3o Paulo (SP). Os principais nomes do atletismo nacional tentar\u00e3o quebrar uma sequ\u00eancia de tr\u00eas vit\u00f3rias consecutivas de estrangeiras com as quenianas Pasalia Chepkorir, em 2009, e Alice Timbilili, em [&hellip;]<\/p>\n","protected":false},"author":3,"featured_media":0,"comment_status":"open","ping_status":"open","sticky":false,"template":"","format":"standard","meta":{"_genesis_hide_title":false,"_genesis_hide_breadcrumbs":false,"_genesis_hide_singular_image":false,"_genesis_hide_footer_widgets":false,"_genesis_custom_body_class":"","_genesis_custom_post_class":"","_genesis_layout":"","_jetpack_memberships_contains_paid_content":false,"footnotes":""},"categories":[22],"tags":[],"class_list":{"0":"post-32883","1":"post","2":"type-post","3":"status-publish","4":"format-standard","6":"category-brasil","7":"entry","8":"gs-1","9":"gs-odd","10":"gs-even","11":"gs-featured-content-entry"},"jetpack_featured_media_url":"","jetpack_sharing_enabled":true,"jetpack_likes_enabled":true,"_links":{"self":[{"href":"https:\/\/www.redenoticia.com.br\/noticia\/wp-json\/wp\/v2\/posts\/32883","targetHints":{"allow":["GET"]}}],"collection":[{"href":"https:\/\/www.redenoticia.com.br\/noticia\/wp-json\/wp\/v2\/posts"}],"about":[{"href":"https:\/\/www.redenoticia.com.br\/noticia\/wp-json\/wp\/v2\/types\/post"}],"author":[{"embeddable":true,"href":"https:\/\/www.redenoticia.com.br\/noticia\/wp-json\/wp\/v2\/users\/3"}],"replies":[{"embeddable":true,"href":"https:\/\/www.redenoticia.com.br\/noticia\/wp-json\/wp\/v2\/comments?post=32883"}],"version-history":[{"count":0,"href":"https:\/\/www.redenoticia.com.br\/noticia\/wp-json\/wp\/v2\/posts\/32883\/revisions"}],"wp:attachment":[{"href":"https:\/\/www.redenoticia.com.br\/noticia\/wp-json\/wp\/v2\/media?parent=32883"}],"wp:term":[{"taxonomy":"category","embeddable":true,"href":"https:\/\/www.redenoticia.com.br\/noticia\/wp-json\/wp\/v2\/categories?post=32883"},{"taxonomy":"post_tag","embeddable":true,"href":"https:\/\/www.redenoticia.com.br\/noticia\/wp-json\/wp\/v2\/tags?post=32883"}],"curies":[{"name":"wp","href":"https:\/\/api.w.org\/{rel}","templated":true}]}}