{"id":32878,"date":"2010-12-20T15:38:56","date_gmt":"2010-12-20T19:38:56","guid":{"rendered":"http:\/\/www.redenoticia.com.br\/noticia\/?p=32878"},"modified":"2010-12-21T13:16:57","modified_gmt":"2010-12-21T17:16:57","slug":"meteorologia-%e2%80%93-previsao-do-tempo-para-esta-terca-feira-2112","status":"publish","type":"post","link":"https:\/\/www.redenoticia.com.br\/noticia\/2010\/meteorologia-%e2%80%93-previsao-do-tempo-para-esta-terca-feira-2112\/32878","title":{"rendered":"Meteorologia \u2013 previs\u00e3o do tempo para esta ter\u00e7a-feira 21\/12"},"content":{"rendered":"<p><strong><em><img loading=\"lazy\" decoding=\"async\" class=\"alignleft size-full wp-image-28410\" title=\"previsao do tempo temperatura\" src=\"https:\/\/www.redenoticia.com.br\/noticia\/imagens\/previsao-do-tempo-temperatura.jpg\" alt=\"\" width=\"300\" height=\"193\" srcset=\"https:\/\/www.redenoticia.com.br\/noticia\/imagens\/previsao-do-tempo-temperatura.jpg 300w, https:\/\/www.redenoticia.com.br\/noticia\/imagens\/previsao-do-tempo-temperatura-250x160.jpg 250w, https:\/\/www.redenoticia.com.br\/noticia\/imagens\/previsao-do-tempo-temperatura-150x96.jpg 150w\" sizes=\"auto, (max-width: 300px) 100vw, 300px\" \/>Previs\u00e3o do tempo<\/em><\/strong> \u2013 a\u00a0<strong><em>meteorologia <\/em><\/strong>divulgou a previs\u00e3o do tempo \u00a0e \u00a0temperatura\u00a0para esta ter\u00e7a-feira (21\/12) e informa que o dia permanecer\u00e1 quente e \u00famido em grande parte do pa\u00eds. Segundo a previs\u00e3o do tempo esta condi\u00e7\u00e3o garantir\u00e1 a forma\u00e7\u00e3o de \u00e1reas de instabilidade e a ocorr\u00eancia de pancadas de chuva entre a Regi\u00e3o Sul e o Norte do Brasil. Em algumas localidades poder\u00e1 chover forte e acompanhadas de raios e rajadas de vento. Dados da previs\u00e3o do tempo indicam que o c\u00e9u ficar\u00e1 nublado com pancadas de chuva em SC, no PR, em parte de MT, no AC, RO e no AM. O dia ter\u00e1 sol e pouca nebulosidade em grande parte do RJ, da BA, no ES e no norte de MG. O sol predominar\u00e1 no centro-sul do RS. A previs\u00e3o do tempo destaca que as temperaturas n\u00e3o ter\u00e3o mudan\u00e7as significativas.<\/p>\n<p>Vale do Para\u00edba \u2013 previs\u00e3o do tempo em 21\/12\/2010: sol e calor com pancadas de chuva no per\u00edodo da tarde e noite. Novamente, haver\u00e1 chance de pancada forte de chuva em algumas localidades, principalmente no Vale e Serra.<\/p>\n<p>Regi\u00e3o Centro-Oeste \u2013 previs\u00e3o do tempo em 21\/12\/2010: Em todas as \u00e1reas da Regi\u00e3o: sol com varia\u00e7\u00e3o de nuvens e pancadas de chuva isoladas. Temperaturas est\u00e1veis. Temperatura m\u00e1xima: 35C no noroeste do MT. Temperatura m\u00ednima: 17C no DF.<\/p>\n<p>Regi\u00e3o Nordeste \u2013 previs\u00e3o do tempo em 21\/12\/2010: No sul do PI e no Rec\u00f4ncavo Baiano: sol com nebulosidade vari\u00e1vel e possibilidade de pancadas de chuva. No centro-leste da BA: sol entre poucas nuvens. Nas demais \u00e1reas: sol entre nuvens e pancada de chuva a qualquer hora. Temperaturas est\u00e1veis. Temperatura m\u00e1xima: 34C no norte do PI. Temperatura m\u00ednima: 16C no interior da BA.<\/p>\n<p>Regi\u00e3o Norte \u2013 previs\u00e3o do tempo em 21\/12\/2010: Em todas as \u00e1reas da Regi\u00e3o: sol com varia\u00e7\u00e3o de nuvens e pancadas de chuva. Temperaturas est\u00e1veis. Temperatura m\u00e1xima: 34C no norte do PA. Temperatura m\u00ednima: 16C no noroeste de RR.<\/p>\n<p>Regi\u00e3o Sudeste \u2013 previs\u00e3o do tempo em 21\/12\/2010: No norte de MG, no ES e nordeste do RJ: sol entre poucas nuvens. Nas demais \u00e1reas: sol entre nuvens e pancadas de chuva. Temperaturas est\u00e1veis. Temperatura m\u00e1xima: 30C no norte do RJ. Temperatura m\u00ednima: 15C no norte de MG.<\/p>\n<p>Regi\u00e3o Sul \u2013 previs\u00e3o do tempo em 21\/12\/2010: No centro-sul do RS: sol entre poucas nuvens. No nordeste do RS: muitas nuvens e chuvas isoladas. Nas demais \u00e1reas: sol entre nuvens e pancadas de chuva. Temperaturas elevadas. Temperatura m\u00e1xima: 34C no oeste do RS. Temperatura m\u00ednima: 15C na serra.<\/p>\n<p>Previs\u00e3o do tempo e temperatura CPTEC<\/p>\n","protected":false},"excerpt":{"rendered":"<p>Previs\u00e3o do tempo \u2013 a\u00a0meteorologia divulgou a previs\u00e3o do tempo \u00a0e \u00a0temperatura\u00a0para esta ter\u00e7a-feira (21\/12) e informa que o dia permanecer\u00e1 quente e \u00famido em grande parte do pa\u00eds. Segundo a previs\u00e3o do tempo esta condi\u00e7\u00e3o garantir\u00e1 a forma\u00e7\u00e3o de \u00e1reas de instabilidade e a ocorr\u00eancia de pancadas de chuva entre a Regi\u00e3o Sul e [&hellip;]<\/p>\n","protected":false},"author":3,"featured_media":28410,"comment_status":"open","ping_status":"open","sticky":false,"template":"","format":"standard","meta":{"_genesis_hide_title":false,"_genesis_hide_breadcrumbs":false,"_genesis_hide_singular_image":false,"_genesis_hide_footer_widgets":false,"_genesis_custom_body_class":"","_genesis_custom_post_class":"","_genesis_layout":"","_jetpack_memberships_contains_paid_content":false,"footnotes":""},"categories":[22],"tags":[],"class_list":{"0":"post-32878","1":"post","2":"type-post","3":"status-publish","4":"format-standard","5":"has-post-thumbnail","7":"category-brasil","8":"entry","9":"gs-1","10":"gs-odd","11":"gs-even","12":"gs-featured-content-entry"},"jetpack_featured_media_url":"https:\/\/www.redenoticia.com.br\/noticia\/imagens\/previsao-do-tempo-temperatura.jpg","jetpack_sharing_enabled":true,"jetpack_likes_enabled":true,"_links":{"self":[{"href":"https:\/\/www.redenoticia.com.br\/noticia\/wp-json\/wp\/v2\/posts\/32878","targetHints":{"allow":["GET"]}}],"collection":[{"href":"https:\/\/www.redenoticia.com.br\/noticia\/wp-json\/wp\/v2\/posts"}],"about":[{"href":"https:\/\/www.redenoticia.com.br\/noticia\/wp-json\/wp\/v2\/types\/post"}],"author":[{"embeddable":true,"href":"https:\/\/www.redenoticia.com.br\/noticia\/wp-json\/wp\/v2\/users\/3"}],"replies":[{"embeddable":true,"href":"https:\/\/www.redenoticia.com.br\/noticia\/wp-json\/wp\/v2\/comments?post=32878"}],"version-history":[{"count":0,"href":"https:\/\/www.redenoticia.com.br\/noticia\/wp-json\/wp\/v2\/posts\/32878\/revisions"}],"wp:featuredmedia":[{"embeddable":true,"href":"https:\/\/www.redenoticia.com.br\/noticia\/wp-json\/wp\/v2\/media\/28410"}],"wp:attachment":[{"href":"https:\/\/www.redenoticia.com.br\/noticia\/wp-json\/wp\/v2\/media?parent=32878"}],"wp:term":[{"taxonomy":"category","embeddable":true,"href":"https:\/\/www.redenoticia.com.br\/noticia\/wp-json\/wp\/v2\/categories?post=32878"},{"taxonomy":"post_tag","embeddable":true,"href":"https:\/\/www.redenoticia.com.br\/noticia\/wp-json\/wp\/v2\/tags?post=32878"}],"curies":[{"name":"wp","href":"https:\/\/api.w.org\/{rel}","templated":true}]}}