{"id":32873,"date":"2010-12-20T13:21:03","date_gmt":"2010-12-20T17:21:03","guid":{"rendered":"http:\/\/www.redenoticia.com.br\/noticia\/?p=32873"},"modified":"2010-12-20T13:21:03","modified_gmt":"2010-12-20T17:21:03","slug":"caixa-lanca-o-cartao-aluguel","status":"publish","type":"post","link":"https:\/\/www.redenoticia.com.br\/noticia\/2010\/caixa-lanca-o-cartao-aluguel\/32873","title":{"rendered":"Caixa lan\u00e7a o Cart\u00e3o Aluguel"},"content":{"rendered":"<p>A Caixa Econ\u00f4mica Federal lan\u00e7a nesta segunda-feira (20), em S\u00e3o Paulo (SP),  o <strong><em>Cart\u00e3o Aluguel CAIXA<\/em><\/strong>. O produto, in\u00e9dito no mercado brasileiro, tem como  objetivo o pagamento de aluguel sem a necessidade de fiador ou garantia  adicional.<\/p>\n<p>O vice-presidente de Pessoa F\u00edsica da CAIXA, F\u00e1bio Lenza, considera que \u201ca  maior vantagem do Cart\u00e3o Aluguel CAIXA \u00e9 a disponibilidade de garantia do  aluguel no cart\u00e3o de cr\u00e9dito\u201d. E completa: \u201cA CAIXA garantir\u00e1 o pagamento das  parcelas de aluguel, oferecendo ao inquilino a possibilidade de  desburocratiza\u00e7\u00e3o no processo de loca\u00e7\u00e3o ao eliminar a necessidade de outras  garantias e o inc\u00f4modo de solicitar fiadores entre amigos e familiares.\u201d<\/p>\n<p>O processo de loca\u00e7\u00e3o por meio do Cart\u00e3o Aluguel ser\u00e1 realizado em uma das  imobili\u00e1rias credenciadas pela CAIXA, ap\u00f3s a assinatura do contrato de aluguel  pelo inquilino. A CAIXA garante \u00e0 imobili\u00e1ria o recebimento de alugu\u00e9is n\u00e3o  pagos, de at\u00e9 12 parcelas.<\/p>\n<p>O Cart\u00e3o Aluguel CAIXA ser\u00e1 oferecido nas bandeiras MasterCard e Visa, na  variante Internacional, para pessoas f\u00edsicas, locat\u00e1rios de im\u00f3veis  residenciais. O cliente ter\u00e1 dois limites: o \u201climite-aluguel\u201d, que ser\u00e1  utilizado exclusivamente para pagamento do aluguel nas imobili\u00e1rias, e o \u201climite  rotativo\u201d, destinado ao pagamento de compras em estabelecimentos comerciais,  como um cart\u00e3o de cr\u00e9dito convencional.<\/p>\n<p>O Cart\u00e3o Aluguel CAIXA ser\u00e1 comercializado exclusivamente nas imobili\u00e1rias  credenciadas, al\u00e9m da rede de ag\u00eancias do banco em todo o pa\u00eds. Ainda nesta  semana, a institui\u00e7\u00e3o inicia o cadastramento de imobili\u00e1rias especializadas na  administra\u00e7\u00e3o de im\u00f3veis para receber o Cart\u00e3o Aluguel CAIXA. A comercializa\u00e7\u00e3o  do produto em \u00e2mbito nacional ocorrer\u00e1 ap\u00f3s a fase de piloto, prevista para o  pr\u00f3ximo m\u00eas de fevereiro.<\/p>\n<p>Caixa Econ\u00f4mica Federal<\/p>\n","protected":false},"excerpt":{"rendered":"<p>A Caixa Econ\u00f4mica Federal lan\u00e7a nesta segunda-feira (20), em S\u00e3o Paulo (SP), o Cart\u00e3o Aluguel CAIXA. O produto, in\u00e9dito no mercado brasileiro, tem como objetivo o pagamento de aluguel sem a necessidade de fiador ou garantia adicional. O vice-presidente de Pessoa F\u00edsica da CAIXA, F\u00e1bio Lenza, considera que \u201ca maior vantagem do Cart\u00e3o Aluguel CAIXA [&hellip;]<\/p>\n","protected":false},"author":3,"featured_media":0,"comment_status":"open","ping_status":"open","sticky":false,"template":"","format":"standard","meta":{"_genesis_hide_title":false,"_genesis_hide_breadcrumbs":false,"_genesis_hide_singular_image":false,"_genesis_hide_footer_widgets":false,"_genesis_custom_body_class":"","_genesis_custom_post_class":"","_genesis_layout":"","_jetpack_memberships_contains_paid_content":false,"footnotes":""},"categories":[22],"tags":[],"class_list":{"0":"post-32873","1":"post","2":"type-post","3":"status-publish","4":"format-standard","6":"category-brasil","7":"entry","8":"gs-1","9":"gs-odd","10":"gs-even","11":"gs-featured-content-entry"},"jetpack_featured_media_url":"","jetpack_sharing_enabled":true,"jetpack_likes_enabled":true,"_links":{"self":[{"href":"https:\/\/www.redenoticia.com.br\/noticia\/wp-json\/wp\/v2\/posts\/32873","targetHints":{"allow":["GET"]}}],"collection":[{"href":"https:\/\/www.redenoticia.com.br\/noticia\/wp-json\/wp\/v2\/posts"}],"about":[{"href":"https:\/\/www.redenoticia.com.br\/noticia\/wp-json\/wp\/v2\/types\/post"}],"author":[{"embeddable":true,"href":"https:\/\/www.redenoticia.com.br\/noticia\/wp-json\/wp\/v2\/users\/3"}],"replies":[{"embeddable":true,"href":"https:\/\/www.redenoticia.com.br\/noticia\/wp-json\/wp\/v2\/comments?post=32873"}],"version-history":[{"count":0,"href":"https:\/\/www.redenoticia.com.br\/noticia\/wp-json\/wp\/v2\/posts\/32873\/revisions"}],"wp:attachment":[{"href":"https:\/\/www.redenoticia.com.br\/noticia\/wp-json\/wp\/v2\/media?parent=32873"}],"wp:term":[{"taxonomy":"category","embeddable":true,"href":"https:\/\/www.redenoticia.com.br\/noticia\/wp-json\/wp\/v2\/categories?post=32873"},{"taxonomy":"post_tag","embeddable":true,"href":"https:\/\/www.redenoticia.com.br\/noticia\/wp-json\/wp\/v2\/tags?post=32873"}],"curies":[{"name":"wp","href":"https:\/\/api.w.org\/{rel}","templated":true}]}}