{"id":32869,"date":"2010-12-20T13:13:55","date_gmt":"2010-12-20T17:13:55","guid":{"rendered":"http:\/\/www.redenoticia.com.br\/noticia\/?p=32869"},"modified":"2010-12-20T13:13:55","modified_gmt":"2010-12-20T17:13:55","slug":"tv-3d-sonho-do-cinema-particular","status":"publish","type":"post","link":"https:\/\/www.redenoticia.com.br\/noticia\/2010\/tv-3d-sonho-do-cinema-particular\/32869","title":{"rendered":"TV 3D, sonho do cinema particular"},"content":{"rendered":"<p>Os constantes avan\u00e7os da tecnologia dos aparelhos de televis\u00e3o, que a cada  lan\u00e7amento est\u00e3o com maior defini\u00e7\u00e3o de imagens e cores, tornaram as televis\u00f5es  de \u00faltima gera\u00e7\u00e3o o sonho de consumo de muitos brasileiros para este Natal. As  <strong><em>TV&#8217;s em 3D<\/em><\/strong> encabe\u00e7am o desejo de compra e s\u00e3o um dos modelos mais atraentes ao  consumidor, vislumbrado pela nova maneira de ver TV com o uso de \u00f3culos  tridimensionais que possibilitam ver imagens e cores \u201csaltando da tela\u201d.<\/p>\n<p>Nas redes sociais observa-se uma grande mobiliza\u00e7\u00e3o dos consumidores quando o  assunto \u00e9 esta nova gera\u00e7\u00e3o de televisores. Um estudo sobre a intera\u00e7\u00e3o dos  usu\u00e1rios motivada pelo interesse nesses novos aparelhos foi realizado com o  intuito de avaliar as tend\u00eancias e percep\u00e7\u00f5es dos internautas, bem como comparar  as percep\u00e7\u00f5es acerca das outras tecnologias dispon\u00edveis no mercado.<\/p>\n<p>Com rela\u00e7\u00e3o \u00e0s transmiss\u00f5es em 3D, ainda t\u00edmidas no Brasil, o estudo revelou  que os usu\u00e1rios j\u00e1 mostram interesse pelo assunto e as expectativas s\u00e3o grandes  em rela\u00e7\u00e3o ao produto. O fator que mais compromete a populariza\u00e7\u00e3o dos aparelhos  \u00e9 o seu alto custo. Mas como a curiosidade e as expectativas s\u00e3o grandes, existe  uma forte tend\u00eancia de que ainda neste Natal as vendas alcancem n\u00edveis  representativos dentro do seguimento de eletroeletr\u00f4nicos.<\/p>\n","protected":false},"excerpt":{"rendered":"<p>Os constantes avan\u00e7os da tecnologia dos aparelhos de televis\u00e3o, que a cada lan\u00e7amento est\u00e3o com maior defini\u00e7\u00e3o de imagens e cores, tornaram as televis\u00f5es de \u00faltima gera\u00e7\u00e3o o sonho de consumo de muitos brasileiros para este Natal. As TV&#8217;s em 3D encabe\u00e7am o desejo de compra e s\u00e3o um dos modelos mais atraentes ao consumidor, [&hellip;]<\/p>\n","protected":false},"author":3,"featured_media":0,"comment_status":"open","ping_status":"open","sticky":false,"template":"","format":"standard","meta":{"_genesis_hide_title":false,"_genesis_hide_breadcrumbs":false,"_genesis_hide_singular_image":false,"_genesis_hide_footer_widgets":false,"_genesis_custom_body_class":"","_genesis_custom_post_class":"","_genesis_layout":"","_jetpack_memberships_contains_paid_content":false,"footnotes":""},"categories":[22],"tags":[],"class_list":{"0":"post-32869","1":"post","2":"type-post","3":"status-publish","4":"format-standard","6":"category-brasil","7":"entry","8":"gs-1","9":"gs-odd","10":"gs-even","11":"gs-featured-content-entry"},"jetpack_featured_media_url":"","jetpack_sharing_enabled":true,"jetpack_likes_enabled":true,"_links":{"self":[{"href":"https:\/\/www.redenoticia.com.br\/noticia\/wp-json\/wp\/v2\/posts\/32869","targetHints":{"allow":["GET"]}}],"collection":[{"href":"https:\/\/www.redenoticia.com.br\/noticia\/wp-json\/wp\/v2\/posts"}],"about":[{"href":"https:\/\/www.redenoticia.com.br\/noticia\/wp-json\/wp\/v2\/types\/post"}],"author":[{"embeddable":true,"href":"https:\/\/www.redenoticia.com.br\/noticia\/wp-json\/wp\/v2\/users\/3"}],"replies":[{"embeddable":true,"href":"https:\/\/www.redenoticia.com.br\/noticia\/wp-json\/wp\/v2\/comments?post=32869"}],"version-history":[{"count":0,"href":"https:\/\/www.redenoticia.com.br\/noticia\/wp-json\/wp\/v2\/posts\/32869\/revisions"}],"wp:attachment":[{"href":"https:\/\/www.redenoticia.com.br\/noticia\/wp-json\/wp\/v2\/media?parent=32869"}],"wp:term":[{"taxonomy":"category","embeddable":true,"href":"https:\/\/www.redenoticia.com.br\/noticia\/wp-json\/wp\/v2\/categories?post=32869"},{"taxonomy":"post_tag","embeddable":true,"href":"https:\/\/www.redenoticia.com.br\/noticia\/wp-json\/wp\/v2\/tags?post=32869"}],"curies":[{"name":"wp","href":"https:\/\/api.w.org\/{rel}","templated":true}]}}