{"id":32862,"date":"2010-12-18T16:22:12","date_gmt":"2010-12-18T20:22:12","guid":{"rendered":"http:\/\/www.redenoticia.com.br\/noticia\/?p=32862"},"modified":"2010-12-19T16:17:36","modified_gmt":"2010-12-19T20:17:36","slug":"meteorologia-%e2%80%93-previsao-do-tempo-para-este-domingo-1912","status":"publish","type":"post","link":"https:\/\/www.redenoticia.com.br\/noticia\/2010\/meteorologia-%e2%80%93-previsao-do-tempo-para-este-domingo-1912\/32862","title":{"rendered":"Meteorologia \u2013 previs\u00e3o do tempo para este domingo 19\/12"},"content":{"rendered":"<p><img loading=\"lazy\" decoding=\"async\" class=\"alignleft size-full wp-image-28409\" title=\"previsao do tempo e temperatura\" src=\"https:\/\/www.redenoticia.com.br\/noticia\/imagens\/previsao-do-tempo-e-temperatura.jpg\" alt=\"\" width=\"300\" height=\"193\" srcset=\"https:\/\/www.redenoticia.com.br\/noticia\/imagens\/previsao-do-tempo-e-temperatura.jpg 300w, https:\/\/www.redenoticia.com.br\/noticia\/imagens\/previsao-do-tempo-e-temperatura-250x160.jpg 250w, https:\/\/www.redenoticia.com.br\/noticia\/imagens\/previsao-do-tempo-e-temperatura-150x96.jpg 150w\" sizes=\"auto, (max-width: 300px) 100vw, 300px\" \/>Previs\u00e3o do tempo \u2013 a <strong><em>meteorologia<\/em><\/strong> divulgou a <strong><em>previs\u00e3o do tempo<\/em><\/strong> e <strong><em>temperatura<\/em><\/strong> para domingo (19\/12) e informa que as pancadas de chuva continuar\u00e3o atingindo grande parte da Regi\u00e3o Norte e o centro-norte da Regi\u00e3o Nordeste. Segundo a previs\u00e3o do tempo em algumas cidades a chuva ser\u00e1 intensa. Dados da previs\u00e3o do tempo indicam que o calor e elevada umidade do ar contribuir\u00e3o para as pancadas de chuva entre MT, MS, GO, SP, extremo sul de MG e do RJ. No Sul do pa\u00eds haver\u00e1 pancadas de chuva fortes em quase todas as \u00e1reas, exceto no nordeste e litoral do RS e leste e litoral de SC. A previs\u00e3o do tempo destaca que a temperatura estar\u00e1 elevada entre o Sudeste e o Nordeste.<\/p>\n<p>Vale do Para\u00edba previs\u00e3o do tempo no domingo (19\/12) o dia ser\u00e1 com temperaturas elevadas e pancadas de chuva na regi\u00e3o. No Alto Vale as pancadas de chuva ser\u00e3o mais localizadas.<\/p>\n<p>Regi\u00e3o Centro-Oeste \u2013 previs\u00e3o do tempo em 19\/12\/2010: Em todas as \u00e1reas da Regi\u00e3o: sol com varia\u00e7\u00e3o de nuvens e pancadas de chuva. Temperaturas est\u00e1veis. Temperatura m\u00e1xima: 37C no sudoeste do MT. Temperatura m\u00ednima: 16C no DF.<\/p>\n<p>Regi\u00e3o Nordeste \u2013 previs\u00e3o do tempo em 19\/12\/2010: No sul da BA: sol e poucas nuvens. No norte da BA, sul do PI, leste de PE, em AL e SE: sol com varia\u00e7\u00e3o de nuvens. Nas demais \u00e1reas da Regi\u00e3o: pancadas de chuva isoladas. Temperaturas est\u00e1veis. Temperatura m\u00e1xima: 34C no norte do PI. Temperatura m\u00ednima: 16C no interior da BA.<\/p>\n<p>Regi\u00e3o Norte \u2013 previs\u00e3o do tempo em 19\/12\/2010: Em todas as \u00e1reas da Regi\u00e3o: sol com varia\u00e7\u00e3o de nuvens e pancadas de chuva. Temperaturas est\u00e1veis. Temperatura m\u00e1xima: 36C no sudoeste do PA. Temperatura m\u00ednima: 16C no noroeste de RR.<\/p>\n<p>Regi\u00e3o Sudeste \u2013 previs\u00e3o do tempo em 19\/12\/2010: No leste de MG, no ES, norte do RJ e sul de SP: sol e poucas nuvens. Nas demais \u00e1reas da Regi\u00e3o: sol com nebulosidade vari\u00e1vel e pancadas de chuva isoladas. Temperaturas em est\u00e1veis. Temperatura m\u00e1xima: 30C no norte do RJ. Temperatura m\u00ednima: 14C no sul de MG.<\/p>\n<p>Regi\u00e3o Sul \u2013 previs\u00e3o do tempo em 19\/12\/2010: No sudoeste do RS: nublado com pancadas de chuva. No sudeste de SC e centro-nordeste do RS: sol e poucas nuvens. No noroeste do PR: sol com varia\u00e7\u00e3o de nuvens e pancadas de chuva. Nas demais \u00e1reas: sol entre varia\u00e7\u00e3o de nuvens e possibilidade de pancadas de chuva isoladas. Temperaturas em est\u00e1veis. Temperatura m\u00e1xima: 37C no oeste do RS. Temperatura m\u00ednima: 14C na serra.<\/p>\n<p>Previs\u00e3o do tempo e temperatura CPTEC<\/p>\n","protected":false},"excerpt":{"rendered":"<p>Previs\u00e3o do tempo \u2013 a meteorologia divulgou a previs\u00e3o do tempo e temperatura para domingo (19\/12) e informa que as pancadas de chuva continuar\u00e3o atingindo grande parte da Regi\u00e3o Norte e o centro-norte da Regi\u00e3o Nordeste. Segundo a previs\u00e3o do tempo em algumas cidades a chuva ser\u00e1 intensa. Dados da previs\u00e3o do tempo indicam que [&hellip;]<\/p>\n","protected":false},"author":3,"featured_media":28409,"comment_status":"open","ping_status":"open","sticky":false,"template":"","format":"standard","meta":{"_genesis_hide_title":false,"_genesis_hide_breadcrumbs":false,"_genesis_hide_singular_image":false,"_genesis_hide_footer_widgets":false,"_genesis_custom_body_class":"","_genesis_custom_post_class":"","_genesis_layout":"","_jetpack_memberships_contains_paid_content":false,"footnotes":""},"categories":[22],"tags":[],"class_list":{"0":"post-32862","1":"post","2":"type-post","3":"status-publish","4":"format-standard","5":"has-post-thumbnail","7":"category-brasil","8":"entry","9":"gs-1","10":"gs-odd","11":"gs-even","12":"gs-featured-content-entry"},"jetpack_featured_media_url":"https:\/\/www.redenoticia.com.br\/noticia\/imagens\/previsao-do-tempo-e-temperatura.jpg","jetpack_sharing_enabled":true,"jetpack_likes_enabled":true,"_links":{"self":[{"href":"https:\/\/www.redenoticia.com.br\/noticia\/wp-json\/wp\/v2\/posts\/32862","targetHints":{"allow":["GET"]}}],"collection":[{"href":"https:\/\/www.redenoticia.com.br\/noticia\/wp-json\/wp\/v2\/posts"}],"about":[{"href":"https:\/\/www.redenoticia.com.br\/noticia\/wp-json\/wp\/v2\/types\/post"}],"author":[{"embeddable":true,"href":"https:\/\/www.redenoticia.com.br\/noticia\/wp-json\/wp\/v2\/users\/3"}],"replies":[{"embeddable":true,"href":"https:\/\/www.redenoticia.com.br\/noticia\/wp-json\/wp\/v2\/comments?post=32862"}],"version-history":[{"count":0,"href":"https:\/\/www.redenoticia.com.br\/noticia\/wp-json\/wp\/v2\/posts\/32862\/revisions"}],"wp:featuredmedia":[{"embeddable":true,"href":"https:\/\/www.redenoticia.com.br\/noticia\/wp-json\/wp\/v2\/media\/28409"}],"wp:attachment":[{"href":"https:\/\/www.redenoticia.com.br\/noticia\/wp-json\/wp\/v2\/media?parent=32862"}],"wp:term":[{"taxonomy":"category","embeddable":true,"href":"https:\/\/www.redenoticia.com.br\/noticia\/wp-json\/wp\/v2\/categories?post=32862"},{"taxonomy":"post_tag","embeddable":true,"href":"https:\/\/www.redenoticia.com.br\/noticia\/wp-json\/wp\/v2\/tags?post=32862"}],"curies":[{"name":"wp","href":"https:\/\/api.w.org\/{rel}","templated":true}]}}