{"id":32853,"date":"2010-12-18T13:45:38","date_gmt":"2010-12-18T17:45:38","guid":{"rendered":"http:\/\/www.redenoticia.com.br\/noticia\/?p=32853"},"modified":"2010-12-18T15:18:13","modified_gmt":"2010-12-18T19:18:13","slug":"meteorologia-%e2%80%93-previsao-do-tempo-para-este-sabado-1812","status":"publish","type":"post","link":"https:\/\/www.redenoticia.com.br\/noticia\/2010\/meteorologia-%e2%80%93-previsao-do-tempo-para-este-sabado-1812\/32853","title":{"rendered":"Meteorologia \u2013 previs\u00e3o do tempo para este s\u00e1bado 18\/12"},"content":{"rendered":"<p><img loading=\"lazy\" decoding=\"async\" class=\"alignleft size-full wp-image-28409\" title=\"previsao do tempo e temperatura\" src=\"https:\/\/www.redenoticia.com.br\/noticia\/imagens\/previsao-do-tempo-e-temperatura.jpg\" alt=\"\" width=\"300\" height=\"193\" srcset=\"https:\/\/www.redenoticia.com.br\/noticia\/imagens\/previsao-do-tempo-e-temperatura.jpg 300w, https:\/\/www.redenoticia.com.br\/noticia\/imagens\/previsao-do-tempo-e-temperatura-250x160.jpg 250w, https:\/\/www.redenoticia.com.br\/noticia\/imagens\/previsao-do-tempo-e-temperatura-150x96.jpg 150w\" sizes=\"auto, (max-width: 300px) 100vw, 300px\" \/>Previs\u00e3o do tempo \u2013 a <strong><em>meteorologia<\/em><\/strong> divulgou a <strong><em>previs\u00e3o do tempo<\/em><\/strong> e <strong><em>temperatura<\/em><\/strong> para s\u00e1bado (18\/12) e informa que as pancadas de chuva continuar\u00e3o atingindo grande parte da Regi\u00e3o Norte e o centro-norte da Regi\u00e3o Nordeste. Segundo a previs\u00e3o do tempo em algumas cidades a chuva ser\u00e1 intensa. Dados da previs\u00e3o do tempo indicam que a converg\u00eancia de umidade enfraquece mas continuam provocando pancadas de chuva entre MT, MS, GO, SP, extremo sul de MG e do RJ. No Sul do pa\u00eds haver\u00e1 pancadas de chuva no centro-norte, e oeste do PR e sul do RS. A previs\u00e3o do tempo destaca que a temperatura estar\u00e1 em eleva\u00e7\u00e3o no Sudeste e Sul do Brasil.<\/p>\n<p>Vale do Para\u00edba \u2013 previs\u00e3o do tempo no s\u00e1bado (18\/12) o dia ser\u00e1 de sol entre poucas nuvens, temperaturas elevadas, e pancadas de chuva no per\u00edodo da tarde. Em algumas localidades da Serra e do Vale haver\u00e1 chance de chuva forte.<\/p>\n<p>Regi\u00e3o Centro-Oeste \u2013 previs\u00e3o do tempo em 18\/12\/2010: No leste de GO e no DF: pancadas de chuva a tarde. No sudoeste do MT e no noroeste do MS: sol e poucas nuvens. No nordeste do MT, no oeste de GO e nordeste do MS: nublado com pancadas de chuva. Nas demais \u00e1reas da Regi\u00e3o: pancadas de chuva isoladas. Temperaturas est\u00e1veis. Temperatura m\u00e1xima: 38C no sudoeste do MT. Temperatura m\u00ednima: 19C no sudoeste do MT.<\/p>\n<p>Regi\u00e3o Nordeste \u2013 previs\u00e3o do tempo em 18\/12\/2010: No sul da BA: pancadas de chuva isoladas. No SE e demais \u00e1reas da BA: sol e poucas nuvens. No MA: nublado com pancadas de chuva. Nas demais \u00e1reas da Regi\u00e3o: pancadas de chuva isoladas. Temperaturas elevadas. Temperatura m\u00e1xima: 33C no oeste do RN. Temperatura m\u00ednima: 15C no interior da BA.<\/p>\n<p>Regi\u00e3o Norte \u2013 previs\u00e3o do tempo em 18\/12\/2010: No sudoeste do AM, no AC, em RO, no norte de RR e norte do AP: pancadas de chuva isoladas. Nas demais \u00e1reas da Regi\u00e3o: nublado com pancadas de chuva. Temperaturas est\u00e1veis. Temperatura m\u00e1xima: 35C no norte do AP. Temperatura m\u00ednima: 16C no noroeste de RR.<\/p>\n<p>Regi\u00e3o Sudeste \u2013 previs\u00e3o do tempo em 18\/12\/2010: No0 norte e leste de SP e sul e oeste de MG: pancadas de chuva a tarde. No centro-norte de MG: sol e poucas nuvens. No litoral sul do ES e litoral norte do RJ: sol e poucas nuvens. Nas demais \u00e1reas da Regi\u00e3o: sol com varia\u00e7\u00e3o de nuvens e pancadas de chuva isoladas. Temperaturas est\u00e1veis. Temperatura m\u00e1xima: 30C no norte do RJ. Temperatura m\u00ednima: 18C no sul de MG.<\/p>\n<p>Regi\u00e3o Sul \u2013 previs\u00e3o do tempo em 18\/12\/2010: No extremo sul do RS: sol com nebulosidade vari\u00e1vel e pancadas de chuva a noite. No centro-oeste do RS: nebulosidade vari\u00e1vel e pancadas de chuva a partir da tarde. No leste do RS sol com varia\u00e7\u00e3o de nuvens e possibilidade de pancadas de chuva. No nordeste do PR: nublado com pancadas de chuva. Nas demais \u00e1reas: sol entre varia\u00e7\u00e3o de nuvens e pancadas de chuva isoladas. Temperaturas est\u00e1veis. Temperatura m\u00e1xima: 36C no oeste do RS. Temperatura m\u00ednima: 14C na serra.<\/p>\n<p>Previs\u00e3o do tempo e temperatura CPTEC<\/p>\n","protected":false},"excerpt":{"rendered":"<p>Previs\u00e3o do tempo \u2013 a meteorologia divulgou a previs\u00e3o do tempo e temperatura para s\u00e1bado (18\/12) e informa que as pancadas de chuva continuar\u00e3o atingindo grande parte da Regi\u00e3o Norte e o centro-norte da Regi\u00e3o Nordeste. Segundo a previs\u00e3o do tempo em algumas cidades a chuva ser\u00e1 intensa. Dados da previs\u00e3o do tempo indicam que [&hellip;]<\/p>\n","protected":false},"author":3,"featured_media":28409,"comment_status":"open","ping_status":"open","sticky":false,"template":"","format":"standard","meta":{"_genesis_hide_title":false,"_genesis_hide_breadcrumbs":false,"_genesis_hide_singular_image":false,"_genesis_hide_footer_widgets":false,"_genesis_custom_body_class":"","_genesis_custom_post_class":"","_genesis_layout":"","_jetpack_memberships_contains_paid_content":false,"footnotes":""},"categories":[22],"tags":[],"class_list":{"0":"post-32853","1":"post","2":"type-post","3":"status-publish","4":"format-standard","5":"has-post-thumbnail","7":"category-brasil","8":"entry","9":"gs-1","10":"gs-odd","11":"gs-even","12":"gs-featured-content-entry"},"jetpack_featured_media_url":"https:\/\/www.redenoticia.com.br\/noticia\/imagens\/previsao-do-tempo-e-temperatura.jpg","jetpack_sharing_enabled":true,"jetpack_likes_enabled":true,"_links":{"self":[{"href":"https:\/\/www.redenoticia.com.br\/noticia\/wp-json\/wp\/v2\/posts\/32853","targetHints":{"allow":["GET"]}}],"collection":[{"href":"https:\/\/www.redenoticia.com.br\/noticia\/wp-json\/wp\/v2\/posts"}],"about":[{"href":"https:\/\/www.redenoticia.com.br\/noticia\/wp-json\/wp\/v2\/types\/post"}],"author":[{"embeddable":true,"href":"https:\/\/www.redenoticia.com.br\/noticia\/wp-json\/wp\/v2\/users\/3"}],"replies":[{"embeddable":true,"href":"https:\/\/www.redenoticia.com.br\/noticia\/wp-json\/wp\/v2\/comments?post=32853"}],"version-history":[{"count":0,"href":"https:\/\/www.redenoticia.com.br\/noticia\/wp-json\/wp\/v2\/posts\/32853\/revisions"}],"wp:featuredmedia":[{"embeddable":true,"href":"https:\/\/www.redenoticia.com.br\/noticia\/wp-json\/wp\/v2\/media\/28409"}],"wp:attachment":[{"href":"https:\/\/www.redenoticia.com.br\/noticia\/wp-json\/wp\/v2\/media?parent=32853"}],"wp:term":[{"taxonomy":"category","embeddable":true,"href":"https:\/\/www.redenoticia.com.br\/noticia\/wp-json\/wp\/v2\/categories?post=32853"},{"taxonomy":"post_tag","embeddable":true,"href":"https:\/\/www.redenoticia.com.br\/noticia\/wp-json\/wp\/v2\/tags?post=32853"}],"curies":[{"name":"wp","href":"https:\/\/api.w.org\/{rel}","templated":true}]}}