{"id":32852,"date":"2010-12-17T13:44:04","date_gmt":"2010-12-17T17:44:04","guid":{"rendered":"http:\/\/www.redenoticia.com.br\/noticia\/?p=32852"},"modified":"2010-12-17T13:44:04","modified_gmt":"2010-12-17T17:44:04","slug":"band-traz-miss-universo-para-o-brasil","status":"publish","type":"post","link":"https:\/\/www.redenoticia.com.br\/noticia\/2010\/band-traz-miss-universo-para-o-brasil\/32852","title":{"rendered":"Band traz Miss Universo para o Brasil"},"content":{"rendered":"<p>O concurso <strong><em>Miss Universo 2011<\/em><\/strong> ser\u00e1 realizado no Brasil. O an\u00fancio foi feito  h\u00e1 instante nos Estados Unidos pelo presidente do Grupo Bandeirantes de  Comunica\u00e7\u00e3o, Jo\u00e3o Carlos Saad, e por Donald J. Trump ap\u00f3s assinatura do contrato  em Nova York. Pelo acordo, a Band ser\u00e1 a promotora do evento que acontece em S\u00e3o  Paulo no dia 12 de setembro de 2011.<\/p>\n<p>Al\u00e9m de transmitir o Miss Universo para cerca de 200 pa\u00edses em parceria com a  Universal\/NBC, a Band ser\u00e1 respons\u00e1vel pela organiza\u00e7\u00e3o do evento. \u201cEstou feliz  em anunciar a escolha de S\u00e3o Paulo como cidade sede para o Miss Universo 2011\u201d,  disse o dono do concurso Donald Trump. \u201cO Brasil est\u00e1 se transformando  rapidamente numa economia poderosa e \u00e9 um \u00f3timo lugar para neg\u00f3cios. Nessa  d\u00e9cada, o Brasil ser\u00e1 sede dos tr\u00eas maiores e mais vistos eventos do mundo: a  Copa do Mundo, as Olimp\u00edadas e agora o Miss Universo\u201d, concluiu. \u201cO Grupo  Bandeirantes de Comunica\u00e7\u00e3o, comemora o acordo com a organiza\u00e7\u00e3o do Miss  Universo para que S\u00e3o Paulo sedie o concurso em 2011\u201d, diz o presidente Jo\u00e3o  Carlos Saad. \u201cAchamos que tem tudo a ver com o Brasil, estamos ansiosos para  mostrar para as participantes e aos quase 200 pa\u00edses que assistem o concurso a  cada ano, a bela cultura brasileira\u201d, afirmou. Participantes de mais de 80  pa\u00edses do mundo viajar\u00e3o pelo Brasil por quase um m\u00eas em atividades que ser\u00e3o  mostradas ao vivo. Elas ser\u00e3o julgadas em tr\u00eas categorias, traje de banho,  vestido de gala e entrevista.<\/p>\n<p>Ser\u00e1 a primeira vez nos 60 anos de hist\u00f3ria do Miss Universo que ele ser\u00e1  realizado no Brasil. A mexicana Ximena Navarrete, Miss Universo 2010, coroar\u00e1  sua sucessora. Durante seu reinado, Navarrete viajou pelo mundo como embaixatriz  pela educa\u00e7\u00e3o, pesquisa e legisla\u00e7\u00e3o do HIV\/Aids. A pr\u00f3xima Miss Universo vai  continuar com esse trabalho.<\/p>\n<p>Sobre Miss Universo<\/p>\n<p>O concurso Miss Universo \u00e9 uma parceria entre Donald J.Trump e a NBC  Universal. O concurso \u00e9 comprometido com a campanha de apoio educa\u00e7\u00e3o, pesquisa  e legisla\u00e7\u00e3o do HIV\/Aids, focado na sa\u00fade da mulher e em parceria com  organiza\u00e7\u00f5es como Aids for Aids, a Comiss\u00e3o Latina de Aids, God\u2019s Love We  Deliver, PSI\/YouthAIDS, The Global Network for Neglected Tropical Diseases, Gay  Men\u2019s Health Crisis and the Same Sky Trade Initiative. Para mais informa\u00e7\u00f5es ,  visitet: www.missuniverse.com.<\/p>\n","protected":false},"excerpt":{"rendered":"<p>O concurso Miss Universo 2011 ser\u00e1 realizado no Brasil. O an\u00fancio foi feito h\u00e1 instante nos Estados Unidos pelo presidente do Grupo Bandeirantes de Comunica\u00e7\u00e3o, Jo\u00e3o Carlos Saad, e por Donald J. Trump ap\u00f3s assinatura do contrato em Nova York. Pelo acordo, a Band ser\u00e1 a promotora do evento que acontece em S\u00e3o Paulo no [&hellip;]<\/p>\n","protected":false},"author":3,"featured_media":0,"comment_status":"open","ping_status":"open","sticky":false,"template":"","format":"standard","meta":{"_genesis_hide_title":false,"_genesis_hide_breadcrumbs":false,"_genesis_hide_singular_image":false,"_genesis_hide_footer_widgets":false,"_genesis_custom_body_class":"","_genesis_custom_post_class":"","_genesis_layout":"","_jetpack_memberships_contains_paid_content":false,"footnotes":""},"categories":[22],"tags":[],"class_list":{"0":"post-32852","1":"post","2":"type-post","3":"status-publish","4":"format-standard","6":"category-brasil","7":"entry","8":"gs-1","9":"gs-odd","10":"gs-even","11":"gs-featured-content-entry"},"jetpack_featured_media_url":"","jetpack_sharing_enabled":true,"jetpack_likes_enabled":true,"_links":{"self":[{"href":"https:\/\/www.redenoticia.com.br\/noticia\/wp-json\/wp\/v2\/posts\/32852","targetHints":{"allow":["GET"]}}],"collection":[{"href":"https:\/\/www.redenoticia.com.br\/noticia\/wp-json\/wp\/v2\/posts"}],"about":[{"href":"https:\/\/www.redenoticia.com.br\/noticia\/wp-json\/wp\/v2\/types\/post"}],"author":[{"embeddable":true,"href":"https:\/\/www.redenoticia.com.br\/noticia\/wp-json\/wp\/v2\/users\/3"}],"replies":[{"embeddable":true,"href":"https:\/\/www.redenoticia.com.br\/noticia\/wp-json\/wp\/v2\/comments?post=32852"}],"version-history":[{"count":0,"href":"https:\/\/www.redenoticia.com.br\/noticia\/wp-json\/wp\/v2\/posts\/32852\/revisions"}],"wp:attachment":[{"href":"https:\/\/www.redenoticia.com.br\/noticia\/wp-json\/wp\/v2\/media?parent=32852"}],"wp:term":[{"taxonomy":"category","embeddable":true,"href":"https:\/\/www.redenoticia.com.br\/noticia\/wp-json\/wp\/v2\/categories?post=32852"},{"taxonomy":"post_tag","embeddable":true,"href":"https:\/\/www.redenoticia.com.br\/noticia\/wp-json\/wp\/v2\/tags?post=32852"}],"curies":[{"name":"wp","href":"https:\/\/api.w.org\/{rel}","templated":true}]}}