{"id":32850,"date":"2010-12-17T09:41:17","date_gmt":"2010-12-17T13:41:17","guid":{"rendered":"http:\/\/www.redenoticia.com.br\/noticia\/?p=32850"},"modified":"2010-12-17T13:44:54","modified_gmt":"2010-12-17T17:44:54","slug":"votacao-para-o-melhor-do-ano-no-esporte-vai-ate-2012","status":"publish","type":"post","link":"https:\/\/www.redenoticia.com.br\/noticia\/2010\/votacao-para-o-melhor-do-ano-no-esporte-vai-ate-2012\/32850","title":{"rendered":"Vota\u00e7\u00e3o para o melhor do ano no esporte vai at\u00e9 20\/12"},"content":{"rendered":"<p>Ainda h\u00e1 tempo para os f\u00e3s do esporte ol\u00edmpico escolherem o Melhor do Ano no  Esporte. A <strong><em>vota\u00e7\u00e3o<\/em><\/strong> ser\u00e1 encerrada na segunda-feira, dia 20, aproximadamente as  21h, momentos antes do an\u00fancio dos vencedores, masculino e feminino, durante a  cerim\u00f4nia do Pr\u00eamio Brasil Ol\u00edmpico, no Teatro do MAM, no Rio de Janeiro. A  vota\u00e7\u00e3o pode ser feita no site do Pr\u00eamio Brasil Ol\u00edmpico (<a href=\"http:\/\/www.premiobrasilolimpico.com.br\/\" target=\"_blank\">www.premiobrasilolimpico.com.br<\/a>).<\/p>\n<p>No  masculino, concorrem os atletas Cesar Cielo (nata\u00e7\u00e3o), Leandro Guilheiro (jud\u00f4)  e Murilo Endres (v\u00f4lei). No feminino, a disputa \u00e9 entre Ana Marcela Cunha  (maratona aqu\u00e1tica), Fabiana Murer (atletismo) e a dupla Juliana e Larissa  (v\u00f4lei de praia).<\/p>\n<p>A defini\u00e7\u00e3o dos tr\u00eas indicados para concorrer ao  Trof\u00e9u Melhor do Ano no Esporte foi realizada por um j\u00fari composto por  jornalistas, dirigentes, ex-atletas e personalidades do esporte. Este mesmo j\u00fari  j\u00e1 apontou os vencedores a melhor do ano, sendo que esses votos ter\u00e3o peso de  50% na elei\u00e7\u00e3o final ap\u00f3s computados os votos dos internautas.<\/p>\n<p>Nesta  edi\u00e7\u00e3o o Pr\u00eamio Brasil Ol\u00edmpico tem como tema principal a participa\u00e7\u00e3o da  juventude no esporte e o papel social, de integra\u00e7\u00e3o e de cidadania que esta  atividade pode proporcionar para milh\u00f5es de jovens brasileiros. Este ano, al\u00e9m  de atletas individuais passaram a concorrer ao melhor da modalidade e ao melhor  do ano equipes, times, t\u00e9cnicos, duplas, trincas ou quadras, como revezamentos  do atletismo e da nata\u00e7\u00e3o. Esse novo crit\u00e9rio permitiu que a dupla Juliana e  Larissa vencesse na modalidade e concorresse ao trof\u00e9u Melhor do Ano no Esporte.<\/p>\n<p>O Pr\u00eamio Brasil Ol\u00edmpico 2010 homenagear\u00e1 ainda o melhor t\u00e9cnico  individual e coletivo, Elson Miranda e Bernardinho, respectivamente; os melhores  atletas paraol\u00edmpicos, Ed\u00eania Garcia e Daniel Dias, entre outros.<\/p>\n","protected":false},"excerpt":{"rendered":"<p>Ainda h\u00e1 tempo para os f\u00e3s do esporte ol\u00edmpico escolherem o Melhor do Ano no Esporte. A vota\u00e7\u00e3o ser\u00e1 encerrada na segunda-feira, dia 20, aproximadamente as 21h, momentos antes do an\u00fancio dos vencedores, masculino e feminino, durante a cerim\u00f4nia do Pr\u00eamio Brasil Ol\u00edmpico, no Teatro do MAM, no Rio de Janeiro. A vota\u00e7\u00e3o pode ser [&hellip;]<\/p>\n","protected":false},"author":3,"featured_media":0,"comment_status":"open","ping_status":"open","sticky":false,"template":"","format":"standard","meta":{"_genesis_hide_title":false,"_genesis_hide_breadcrumbs":false,"_genesis_hide_singular_image":false,"_genesis_hide_footer_widgets":false,"_genesis_custom_body_class":"","_genesis_custom_post_class":"","_genesis_layout":"","_jetpack_memberships_contains_paid_content":false,"footnotes":""},"categories":[22],"tags":[],"class_list":{"0":"post-32850","1":"post","2":"type-post","3":"status-publish","4":"format-standard","6":"category-brasil","7":"entry","8":"gs-1","9":"gs-odd","10":"gs-even","11":"gs-featured-content-entry"},"jetpack_featured_media_url":"","jetpack_sharing_enabled":true,"jetpack_likes_enabled":true,"_links":{"self":[{"href":"https:\/\/www.redenoticia.com.br\/noticia\/wp-json\/wp\/v2\/posts\/32850","targetHints":{"allow":["GET"]}}],"collection":[{"href":"https:\/\/www.redenoticia.com.br\/noticia\/wp-json\/wp\/v2\/posts"}],"about":[{"href":"https:\/\/www.redenoticia.com.br\/noticia\/wp-json\/wp\/v2\/types\/post"}],"author":[{"embeddable":true,"href":"https:\/\/www.redenoticia.com.br\/noticia\/wp-json\/wp\/v2\/users\/3"}],"replies":[{"embeddable":true,"href":"https:\/\/www.redenoticia.com.br\/noticia\/wp-json\/wp\/v2\/comments?post=32850"}],"version-history":[{"count":0,"href":"https:\/\/www.redenoticia.com.br\/noticia\/wp-json\/wp\/v2\/posts\/32850\/revisions"}],"wp:attachment":[{"href":"https:\/\/www.redenoticia.com.br\/noticia\/wp-json\/wp\/v2\/media?parent=32850"}],"wp:term":[{"taxonomy":"category","embeddable":true,"href":"https:\/\/www.redenoticia.com.br\/noticia\/wp-json\/wp\/v2\/categories?post=32850"},{"taxonomy":"post_tag","embeddable":true,"href":"https:\/\/www.redenoticia.com.br\/noticia\/wp-json\/wp\/v2\/tags?post=32850"}],"curies":[{"name":"wp","href":"https:\/\/api.w.org\/{rel}","templated":true}]}}