{"id":32849,"date":"2010-12-17T13:38:38","date_gmt":"2010-12-17T17:38:38","guid":{"rendered":"http:\/\/www.redenoticia.com.br\/noticia\/?p=32849"},"modified":"2010-12-17T13:38:38","modified_gmt":"2010-12-17T17:38:38","slug":"novidades-da-86%c2%aa-corrida-internacional-de-sao-silvestre","status":"publish","type":"post","link":"https:\/\/www.redenoticia.com.br\/noticia\/2010\/novidades-da-86%c2%aa-corrida-internacional-de-sao-silvestre\/32849","title":{"rendered":"Novidades da 86\u00aa Corrida Internacional de S\u00e3o Silvestre"},"content":{"rendered":"<p>A 86\u00aa Corrida Internacional de <strong><em>S\u00e3o Silvestre<\/em><\/strong>, que ser\u00e1 disputada mais uma vez no  \u00faltimo dia do ano, em S\u00e3o Paulo, com transmiss\u00e3o pela Rede Globo e TV Gazeta,  ter\u00e1 novidades para facilitar a participa\u00e7\u00e3o dos 21 mil atletas inscritos na  prova mais importante da Am\u00e9rica Latina. A disputa de 15 quil\u00f4metros come\u00e7a \u00e0s  14h45 para os atletas com defici\u00eancia. As mulheres saem \u00e0s 16h30 e os homens, \u00e0s  16h47. A largada ser\u00e1 na avenida Paulista, em frente ao Masp, com a chegada na  mesma avenida em frente ao pr\u00e9dio da Funda\u00e7\u00e3o C\u00e1sper L\u00edbero,  respectivamente.<\/p>\n<p>A principal inova\u00e7\u00e3o desta edi\u00e7\u00e3o ser\u00e1 o uso de chips descart\u00e1veis pelos  competidores. Eles ser\u00e3o entregues aos inscritos no kit do atleta. O chip vem  colado numa fita pl\u00e1stica de 10 x 2 cm, preparado para ser preso ao cadar\u00e7o do  t\u00eanis e n\u00e3o \u00e9 mais preciso devolv\u00ea-lo ao final da prova. Outra novidade \u00e9 a  entrega da medalha de participa\u00e7\u00e3o no kit. Com isso, ao final da corrida, o  atleta poder\u00e1 dirigir-se direto ao guarda-volumes pegar seus pertences e  comemorar o final de ano com mais conforto. Na chegada todos receber\u00e3o \u00e1gua e  lanche.<\/p>\n<p>&#8220;O processo do chip descart\u00e1vel foi testado recentemente em duas provas, a  Corrida da Paz e a Mudando o Diabetes, com \u00f3timos resultados. Ganhamos um bom  tempo na log\u00edstica de dispers\u00e3o no final desses eventos e temos certeza de que  resolveremos uma das maiores dificuldades da S\u00e3o Silvestre, que \u00e9 o ac\u00famulo de  pessoas na chegada para entregar o chip e retirar a medalha de participa\u00e7\u00e3o&#8221;,  Manuel Garcia Arroyo, o &#8220;Vasco&#8221;, diretor t\u00e9cnico diretor da prova.<\/p>\n<p>Entrega de kits &#8211; Os kits de participa\u00e7\u00e3o, compostos de camiseta da  competi\u00e7\u00e3o, do manual do atleta e do n\u00famero de peito, al\u00e9m do chip e medalha de  participa\u00e7\u00e3o, ser\u00e3o entregues nos dias 28 e 29 de dezembro, das 9h as 19h, e no  dia 30 de dezembro das 9h as 17h, no Gin\u00e1sio Mauro Pinheiro, localizado na rua  Ab\u00edlio Soares, 1.300, no Ibirapuera. Como todos os anos, o material n\u00e3o ser\u00e1  entregue no dia da prova, nem ap\u00f3s a mesma.<\/p>\n<p>Para retirar o kit do atleta \u00e9 necess\u00e1rio apresentar documento de identidade,  com foto, e comprovante de pagamento ou boleto banc\u00e1rio de inscri\u00e7\u00e3o original.  Esse comprovante \u00e9 retido na entrega do kit. Os t\u00e9cnicos e administradores de  equipes t\u00eam de levar os comprovantes de todos os atletas organizados e j\u00e1  ordenados para agilizar o atendimento.<\/p>\n<p>Na quest\u00e3o da hidrata\u00e7\u00e3o, os corredores ter\u00e3o postos de \u00e1gua nos quil\u00f4metros  4, 7, 10, 12,5, 14,5 e na chegada no km 15. No quil\u00f4metro 12 haver\u00e1 um posto com  isot\u00f4nico Gatorade.<\/p>\n<p>Outra informa\u00e7\u00e3o importante \u00e9 que o guarda-volumes, que ficava em um  estacionamento pr\u00f3ximo \u00e0 largada e \u00e0 chegada na pr\u00f3pria avenida Paulista, este  ano ficar\u00e1 instalado na rua S\u00e3o Carlos de Pinhal, no quarteir\u00e3o atr\u00e1s do pr\u00e9dio  da Funda\u00e7\u00e3o C\u00e1sper L\u00edbero, em 20 caminh\u00f5es disponibilizados pelos Correios\/  Sedex.<\/p>\n<p>Novo esquema de fechamento do tr\u00e2nsito &#8211; Para facilitar a log\u00edstica, ser\u00e3o  promovidas algumas mudan\u00e7as no tr\u00e2nsito. At\u00e9 o ano passado, a interdi\u00e7\u00e3o de vias  na regi\u00e3o come\u00e7ava \u00e0s 10 horas do dia 31. Em 2010, a Companhia de Engenharia de  Tr\u00e1fego (CET) come\u00e7ar\u00e1 a intervir a partir da primeira hora do dia, para que, \u00e0s  14 horas, todo o percurso esteja bloqueado para ve\u00edculos. &#8220;Teremos 200 homens  trabalhando entre a S\u00e3o Silvestre e o Reveillon. J\u00e1 est\u00e1 tudo pronto e o  planejamento foi bem feito. Conforme o andamento dos eventos, faremos os ajustes  necess\u00e1rios, o que \u00e9 normal&#8221;, informou Wlamir Lopes da Costa, coordenador de  opera\u00e7\u00f5es da CET, ao site oficial da S\u00e3o Silvestre .<\/p>\n<p>A partir de 1 hora do dia 31, ser\u00e3o interditadas a avenida Paulista (sentido  Para\u00edso\/Consola\u00e7\u00e3o, no trecho ente as ruas Teixeira da Silva e Peixoto Gomide. A  alameda Campinas ter\u00e1 o tr\u00e2nsito de ve\u00edculos impedido entre a avenida Paulista e  a rua S\u00e3o Carlos do Pinhal. A partir das 10 horas, a Paulista ficar\u00e1 fechada na  dire\u00e7\u00e3o Para\u00edso\/ Consola\u00e7\u00e3o entre as ruas Peixoto Gomide e Frei Caneca e, no  sentido contr\u00e1rio, entre as ruas Padre Jo\u00e3o Manoel e a alameda Joaquim Eug\u00eanio  de Lima.<\/p>\n<p>\u00c0s 13h30, ocorre a interdi\u00e7\u00e3o, em ambas as dire\u00e7\u00f5es, das ruas Padre Jo\u00e3o  Manoel e rua da Consola\u00e7\u00e3o. Vale lembrar que, a partir dos hor\u00e1rios informados,  a entrada de ve\u00edculos na avenida Paulista nos trechos citados estar\u00e1 proibida.  Ser\u00e1 viabilizada apenas a sa\u00edda dos ve\u00edculos estacionados nos pr\u00e9dios  localizados nessa via at\u00e9 o hor\u00e1rio m\u00e1ximo das 14h00.<\/p>\n<p>A S\u00e3o Silvestre \u00e9 uma realiza\u00e7\u00e3o da Funda\u00e7\u00e3o C\u00e1sper L\u00edbero e promo\u00e7\u00e3o da  Gazeta Esportiva Net e Rede Globo. A prova tem patroc\u00ednio da Caixa e Oi com  apoio de HCor, Montev\u00e9rgine, Gatorade e Caf\u00e9 3 Cora\u00e7\u00f5es, e apoio especial do  Governo do Estado de S\u00e3o Paulo e da Prefeitura de S\u00e3o Paulo. A supervis\u00e3o \u00e9 da  CBAt, FPA, IAAF e AIMS.<\/p>\n<p>Credenciamento de imprensa termina no dia 21 &#8211; O credenciamento para a  cobertura da 86\u00aa edi\u00e7\u00e3o da Corrida Internacional de S\u00e3o Silvestre est\u00e1  ter\u00e7a-feira, dia 21. Os jornalistas interessados em cobrir a prova dever\u00e3o fazer  o pedido pelo e-mail gustavo@zdl.com.br, colocando na mensagem &#8220;Credenciamento  S\u00e3o Silvestre&#8221;.<\/p>\n<p>O pedido dever\u00e1 ter o nome do profissional, fun\u00e7\u00e3o, nome do ve\u00edculo, e-mail e  telefone. O credenciamento s\u00f3 ser\u00e1 efetivado ap\u00f3s an\u00e1lise e confirma\u00e7\u00e3o por  e-mail da Assessoria de Imprensa do evento, a ZDL de Comunica\u00e7\u00e3o, que tamb\u00e9m  informar\u00e1 a data e local de retirada da credencial. O n\u00famero de credenciais por  ve\u00edculo ser\u00e1 limitado, principalmente as credenciais de cinegrafistas e  fot\u00f3grafos.<\/p>\n<p>Mais informa\u00e7\u00f5es no site <a href=\"http:\/\/www.saosilvestre.com.br\" target=\"_blank\">www.saosilvestre.com.br<\/a><br \/>\nSiga a Yescom no twitter:  www.twitter.com\/yescom<\/p>\n","protected":false},"excerpt":{"rendered":"<p>A 86\u00aa Corrida Internacional de S\u00e3o Silvestre, que ser\u00e1 disputada mais uma vez no \u00faltimo dia do ano, em S\u00e3o Paulo, com transmiss\u00e3o pela Rede Globo e TV Gazeta, ter\u00e1 novidades para facilitar a participa\u00e7\u00e3o dos 21 mil atletas inscritos na prova mais importante da Am\u00e9rica Latina. A disputa de 15 quil\u00f4metros come\u00e7a \u00e0s 14h45 [&hellip;]<\/p>\n","protected":false},"author":3,"featured_media":0,"comment_status":"open","ping_status":"open","sticky":false,"template":"","format":"standard","meta":{"_genesis_hide_title":false,"_genesis_hide_breadcrumbs":false,"_genesis_hide_singular_image":false,"_genesis_hide_footer_widgets":false,"_genesis_custom_body_class":"","_genesis_custom_post_class":"","_genesis_layout":"","_jetpack_memberships_contains_paid_content":false,"footnotes":""},"categories":[22],"tags":[],"class_list":{"0":"post-32849","1":"post","2":"type-post","3":"status-publish","4":"format-standard","6":"category-brasil","7":"entry","8":"gs-1","9":"gs-odd","10":"gs-even","11":"gs-featured-content-entry"},"jetpack_featured_media_url":"","jetpack_sharing_enabled":true,"jetpack_likes_enabled":true,"_links":{"self":[{"href":"https:\/\/www.redenoticia.com.br\/noticia\/wp-json\/wp\/v2\/posts\/32849","targetHints":{"allow":["GET"]}}],"collection":[{"href":"https:\/\/www.redenoticia.com.br\/noticia\/wp-json\/wp\/v2\/posts"}],"about":[{"href":"https:\/\/www.redenoticia.com.br\/noticia\/wp-json\/wp\/v2\/types\/post"}],"author":[{"embeddable":true,"href":"https:\/\/www.redenoticia.com.br\/noticia\/wp-json\/wp\/v2\/users\/3"}],"replies":[{"embeddable":true,"href":"https:\/\/www.redenoticia.com.br\/noticia\/wp-json\/wp\/v2\/comments?post=32849"}],"version-history":[{"count":0,"href":"https:\/\/www.redenoticia.com.br\/noticia\/wp-json\/wp\/v2\/posts\/32849\/revisions"}],"wp:attachment":[{"href":"https:\/\/www.redenoticia.com.br\/noticia\/wp-json\/wp\/v2\/media?parent=32849"}],"wp:term":[{"taxonomy":"category","embeddable":true,"href":"https:\/\/www.redenoticia.com.br\/noticia\/wp-json\/wp\/v2\/categories?post=32849"},{"taxonomy":"post_tag","embeddable":true,"href":"https:\/\/www.redenoticia.com.br\/noticia\/wp-json\/wp\/v2\/tags?post=32849"}],"curies":[{"name":"wp","href":"https:\/\/api.w.org\/{rel}","templated":true}]}}