{"id":32845,"date":"2010-12-17T11:25:44","date_gmt":"2010-12-17T15:25:44","guid":{"rendered":"http:\/\/www.redenoticia.com.br\/noticia\/?p=32845"},"modified":"2010-12-17T13:32:55","modified_gmt":"2010-12-17T17:32:55","slug":"petrobras-cultural-2010-projetos-selecionados-para-patrocinio","status":"publish","type":"post","link":"https:\/\/www.redenoticia.com.br\/noticia\/2010\/petrobras-cultural-2010-projetos-selecionados-para-patrocinio\/32845","title":{"rendered":"Petrobras Cultural 2010 \u2013 projetos selecionados para patroc\u00ednio"},"content":{"rendered":"<p>A Petrobras divulgou nesta sexta-feira (17\/12) o resultado da segunda fase  das sele\u00e7\u00f5es p\u00fablicas do <strong><em>Programa Petrobras Cultural <\/em><\/strong>(PPC), edi\u00e7\u00e3o 2010. Foram  contemplados 149 projetos de 18 estados, abrangendo 16 \u00e1reas, dentro das tr\u00eas  linhas de atua\u00e7\u00e3o do programa: Forma\u00e7\u00e3o; Preserva\u00e7\u00e3o e Mem\u00f3ria; e Produ\u00e7\u00e3o e  Difus\u00e3o, que receber\u00e3o uma verba total de R$ 52,9 milh\u00f5es.<\/p>\n<p>Na edi\u00e7\u00e3o 2010  do PPC, tr\u00eas \u00e1reas t\u00eam cronograma diferenciado e j\u00e1 tiveram suas sele\u00e7\u00f5es  conclu\u00eddas (festivais de m\u00fasica, festivais de cinema e difus\u00e3o de longa-metragem  em salas de cinema). Os projetos contemplados foram anunciados no in\u00edcio do ano.  Os recursos para essa \u00e1reas somam R$ 9 milh\u00f5es.<\/p>\n<p>Nesta s\u00e9tima edi\u00e7\u00e3o do  PPC, os incentivos inclu\u00edram desde iniciativas de pesquisa art\u00edstica at\u00e9  projetos de distribui\u00e7\u00e3o de bens culturais. Foram contemplados projetos de apoio  a museus, arquivos e bibliotecas; educa\u00e7\u00e3o para as artes; manuten\u00e7\u00e3o de grupos e  companhias de teatro, dan\u00e7a e trupes circenses; produ\u00e7\u00e3o de filmes de longa e  curta-metragem em 35 mm e digitais; cultura digital; literatura; grava\u00e7\u00e3o de  CDs, turn\u00eas de shows e concertos e grava\u00e7\u00e3o para internet.<\/p>\n<p>O Programa  teve um total de 3.446 projetos inscritos em todo o pa\u00eds. Desse total, 2.037  (59%) foram provenientes do Rio de Janeiro e S\u00e3o Paulo e 1.678 (41%) dos demais  estados. Entre os projetos selecionados, 80 s\u00e3o do Rio de Janeiro (34) e S\u00e3o  Paulo (46), 12 de Minas Gerais, 11 da Bahia, 11 do Rio Grande do Sul, 8 de  Pernambuco, 5 do Cear\u00e1, 4 de Santa Catarina, 4 do Distrito Federal, 4 da  Para\u00edba, 2 do Paran\u00e1, 2 do Mato Grosso. Tiveram (cada um) 1 projeto selecionado  os estados do Amap\u00e1, Par\u00e1, Tocantins, Maranh\u00e3o, Rio Grande do Norte e Mato  Grosso do Sul.<\/p>\n<p>A pol\u00edtica de patroc\u00ednios da Petrobras est\u00e1 estruturada em  programas cont\u00ednuos que definem as estrat\u00e9gias e as prioridades de atua\u00e7\u00e3o da  empresa nas \u00e1reas cultural, social e ambiental. No patroc\u00ednio cultural, o  Programa Petrobras Cultural lan\u00e7a anualmente novas sele\u00e7\u00f5es p\u00fablicas de projetos  para diversas \u00e1reas, com divulga\u00e7\u00e3o nacional.<\/p>\n<p>Criado em 2003, o PPC  baliza as a\u00e7\u00f5es de patroc\u00ednio da Petrobras em torno de uma pol\u00edtica cultural de  alcance social e de afirma\u00e7\u00e3o da identidade brasileira. \u00c9 o maior programa de  patroc\u00ednio cultural do pa\u00eds. Desde a primeira edi\u00e7\u00e3o, o PPC j\u00e1 teve sete  edi\u00e7\u00f5es, abrangendo 76 \u00e1reas de sele\u00e7\u00f5es p\u00fablicas, destinando R$ 311 milh\u00f5es a  1.246 projetos contemplados. Foram mais de 26 mil projetos inscritos, avaliados  por 356 especialistas integrantes das comiss\u00f5es de sele\u00e7\u00e3o.<\/p>\n<p>As comiss\u00f5es  de sele\u00e7\u00e3o do PPC s\u00e3o formadas por grupos de profissionais que atuam diretamente  nos setores da cultura contemplados pelo programa, incluindo diretores,  pesquisadores, jornalistas, cr\u00edticos, curadores, acad\u00eamicos, editores, entre  outros. Essas comiss\u00f5es s\u00e3o renovadas a cada ano e sua composi\u00e7\u00e3o busca atender  \u00e0 maior diversidade poss\u00edvel de perfis para o julgamento dos projetos, que s\u00e3o  selecionados por seu m\u00e9rito qualitativo. Nesta edi\u00e7\u00e3o do PPC, as comiss\u00f5es  reuniram 60 pessoas.<\/p>\n<p>\u00c1reas das Sele\u00e7\u00f5es P\u00fablicas contempladas na segunda  fase do PPC 2010:<\/p>\n<p>EDUCA\u00c7\u00c3O PARA AS ARTES: A\u00c7\u00d5ES E MATERIAIS \u2013 R$ 2  milh\u00f5es<\/p>\n<p>PRESERVA\u00c7\u00c3O E MEM\u00d3RIA<br \/>\nApoio a museus, arquivos e bibliotecas \u2013  R$ 3,9 milh\u00f5es<br \/>\nMem\u00f3ria das artes \u2013 R$ 3,3 milh\u00f5es<\/p>\n<p>PRODU\u00c7\u00c3O E  DIFUS\u00c3O<br \/>\nManuten\u00e7\u00e3o de grupos e companhias de teatro, dan\u00e7a e circo \u2013 R$ 14,7  milh\u00f5es (valor relativo a dois anos)<\/p>\n<p>AUDIOVISUAL<br \/>\nProdu\u00e7\u00e3o de filmes de  longa-metragem em 35 mm para salas de cinema \u2013 R$ 16,4 milh\u00f5es<br \/>\nProdu\u00e7\u00e3o de  longa-metragem para m\u00eddia digital \u2013 R$ 3,255 milh\u00f5es<br \/>\nProdu\u00e7\u00e3o de filmes de  curta-metragem para m\u00eddias digitais \u2013 R$ 595 mil<br \/>\nProdu\u00e7\u00e3o de filmes de  curta-metragem em 35 mm para salas de cinema \u2013 R$ 795 mil<\/p>\n<p>CULTURA  DIGITAL<br \/>\nApoio ao aprimoramento de websites culturais brasileiros j\u00e1  existentes \u2013 R$ 1,7 milh\u00e3o<\/p>\n<p>EVENTOS DE ARTES ELETR\u00d4NICAS E CULTURA DIGITAL  \u2013 R$ 965 mil<\/p>\n<p>LITERATURA \u2013 R$ 810 mil<\/p>\n<p>M\u00daSICA<br \/>\nGrava\u00e7\u00e3o de CD \u2013 R$  1,050 milh\u00e3o<br \/>\nGrava\u00e7\u00e3o para disponibiliza\u00e7\u00e3o na internet \u2013 R$ 415  mil<br \/>\nTurn\u00eas de shows e concertos \u2013 R$ 3,5 milh\u00f5es<\/p>\n<p>Mais informa\u00e7\u00f5es no  site:<a href=\"http:\/\/www.petrobras.com.br\/ppc\" target=\"_blank\">www.petrobras.com.br\/ppc<\/a><\/p>\n","protected":false},"excerpt":{"rendered":"<p>A Petrobras divulgou nesta sexta-feira (17\/12) o resultado da segunda fase das sele\u00e7\u00f5es p\u00fablicas do Programa Petrobras Cultural (PPC), edi\u00e7\u00e3o 2010. Foram contemplados 149 projetos de 18 estados, abrangendo 16 \u00e1reas, dentro das tr\u00eas linhas de atua\u00e7\u00e3o do programa: Forma\u00e7\u00e3o; Preserva\u00e7\u00e3o e Mem\u00f3ria; e Produ\u00e7\u00e3o e Difus\u00e3o, que receber\u00e3o uma verba total de R$ 52,9 [&hellip;]<\/p>\n","protected":false},"author":3,"featured_media":0,"comment_status":"open","ping_status":"open","sticky":false,"template":"","format":"standard","meta":{"_genesis_hide_title":false,"_genesis_hide_breadcrumbs":false,"_genesis_hide_singular_image":false,"_genesis_hide_footer_widgets":false,"_genesis_custom_body_class":"","_genesis_custom_post_class":"","_genesis_layout":"","_jetpack_memberships_contains_paid_content":false,"footnotes":""},"categories":[22],"tags":[],"class_list":{"0":"post-32845","1":"post","2":"type-post","3":"status-publish","4":"format-standard","6":"category-brasil","7":"entry","8":"gs-1","9":"gs-odd","10":"gs-even","11":"gs-featured-content-entry"},"jetpack_featured_media_url":"","jetpack_sharing_enabled":true,"jetpack_likes_enabled":true,"_links":{"self":[{"href":"https:\/\/www.redenoticia.com.br\/noticia\/wp-json\/wp\/v2\/posts\/32845","targetHints":{"allow":["GET"]}}],"collection":[{"href":"https:\/\/www.redenoticia.com.br\/noticia\/wp-json\/wp\/v2\/posts"}],"about":[{"href":"https:\/\/www.redenoticia.com.br\/noticia\/wp-json\/wp\/v2\/types\/post"}],"author":[{"embeddable":true,"href":"https:\/\/www.redenoticia.com.br\/noticia\/wp-json\/wp\/v2\/users\/3"}],"replies":[{"embeddable":true,"href":"https:\/\/www.redenoticia.com.br\/noticia\/wp-json\/wp\/v2\/comments?post=32845"}],"version-history":[{"count":0,"href":"https:\/\/www.redenoticia.com.br\/noticia\/wp-json\/wp\/v2\/posts\/32845\/revisions"}],"wp:attachment":[{"href":"https:\/\/www.redenoticia.com.br\/noticia\/wp-json\/wp\/v2\/media?parent=32845"}],"wp:term":[{"taxonomy":"category","embeddable":true,"href":"https:\/\/www.redenoticia.com.br\/noticia\/wp-json\/wp\/v2\/categories?post=32845"},{"taxonomy":"post_tag","embeddable":true,"href":"https:\/\/www.redenoticia.com.br\/noticia\/wp-json\/wp\/v2\/tags?post=32845"}],"curies":[{"name":"wp","href":"https:\/\/api.w.org\/{rel}","templated":true}]}}