{"id":3284,"date":"2009-06-20T17:04:48","date_gmt":"2009-06-20T21:04:48","guid":{"rendered":"http:\/\/www.redenoticia.com.br\/noticia\/?p=3284"},"modified":"2009-06-20T17:04:48","modified_gmt":"2009-06-20T21:04:48","slug":"vestibular-ulbra-ji-parana-20092-sera-no-proximo-dia-28","status":"publish","type":"post","link":"https:\/\/www.redenoticia.com.br\/noticia\/2009\/vestibular-ulbra-ji-parana-20092-sera-no-proximo-dia-28\/3284","title":{"rendered":"Vestibular Ulbra Ji-Paran\u00e1 2009\/2 ser\u00e1 no pr\u00f3ximo dia 28"},"content":{"rendered":"<p>O Centro Universit\u00e1rio Luterano de Ji-Paran\u00e1 (CEULJI\/ULBRA) entra em sua \u00faltima semana de inscri\u00e7\u00f5es para o <strong><strong>Vestibular 2009\/2<\/strong><\/strong>.<\/p>\n<p>Neste processo seletivo est\u00e3o sendo oferecidos os cursos de Administra\u00e7\u00e3o, Agronomia, Arquitetura e Urbanismo, Biomedicina, Ci\u00eancias Biol\u00f3gicas (Bacharelado), Ci\u00eancias Cont\u00e1beis, Direito, Educa\u00e7\u00e3o F\u00edsica (Licenciatura), Enfermagem, Farm\u00e1cia, Fisioterapia, Jornalismo, Medicina Veterin\u00e1ria, Pedagogia, Servi\u00e7o Social e Sistemas de Informa\u00e7\u00e3o.<\/p>\n<p>A prova ser\u00e1 realizada no dia 28 de junho, \u00e0s 9 horas, no CEULJI\/ULBRA, com quest\u00f5es de L\u00edngua Portuguesa e Reda\u00e7\u00e3o.\u00a0As inscri\u00e7\u00f5es para o vestibular 2009\/2 podem ser realizadas via Internet atrav\u00e9s do site <a title=\"Fa\u00e7a agora mesmo sua inscri\u00e7\u00e3o no Vestibular 2009\/2!\" href=\"http:\/\/www.ulbrajp.edu.br\/ceulji\/index.php?option=com_content&amp;view=article&amp;id=104&amp;Itemid=526\" target=\"_parent\"><span style=\"text-decoration: underline;\">www.ulbra.br\/ji-parana<\/span><\/a> ou na Central de Atendimento do CEULJI\/ULBRA, no valor de R$ 15,00 (quinze reais).<\/p>\n<p>Mais informa\u00e7\u00f5es referentes ao Vestibular 2009\/2 ou sobre os cursos que o CEULJI\/ULBRA oferecer\u00e1 em seu processo seletivo entre em contato atrav\u00e9s dos telefones: <strong>(69) 3416-3100<\/strong><strong> <\/strong>ou<strong> <\/strong><strong>(69) 3416-3111<\/strong><\/p>\n<p>Alexandre Almeida<\/p>\n","protected":false},"excerpt":{"rendered":"<p>O Centro Universit\u00e1rio Luterano de Ji-Paran\u00e1 (CEULJI\/ULBRA) entra em sua \u00faltima semana de inscri\u00e7\u00f5es para o Vestibular 2009\/2. Neste processo seletivo est\u00e3o sendo oferecidos os cursos de Administra\u00e7\u00e3o, Agronomia, Arquitetura e Urbanismo, Biomedicina, Ci\u00eancias Biol\u00f3gicas (Bacharelado), Ci\u00eancias Cont\u00e1beis, Direito, Educa\u00e7\u00e3o F\u00edsica (Licenciatura), Enfermagem, Farm\u00e1cia, Fisioterapia, Jornalismo, Medicina Veterin\u00e1ria, Pedagogia, Servi\u00e7o Social e Sistemas de Informa\u00e7\u00e3o. [&hellip;]<\/p>\n","protected":false},"author":3,"featured_media":0,"comment_status":"open","ping_status":"open","sticky":false,"template":"","format":"standard","meta":{"_genesis_hide_title":false,"_genesis_hide_breadcrumbs":false,"_genesis_hide_singular_image":false,"_genesis_hide_footer_widgets":false,"_genesis_custom_body_class":"","_genesis_custom_post_class":"","_genesis_layout":"","_jetpack_memberships_contains_paid_content":false,"footnotes":""},"categories":[22],"tags":[],"class_list":{"0":"post-3284","1":"post","2":"type-post","3":"status-publish","4":"format-standard","6":"category-brasil","7":"entry","8":"gs-1","9":"gs-odd","10":"gs-even","11":"gs-featured-content-entry"},"jetpack_featured_media_url":"","jetpack_sharing_enabled":true,"jetpack_likes_enabled":true,"_links":{"self":[{"href":"https:\/\/www.redenoticia.com.br\/noticia\/wp-json\/wp\/v2\/posts\/3284","targetHints":{"allow":["GET"]}}],"collection":[{"href":"https:\/\/www.redenoticia.com.br\/noticia\/wp-json\/wp\/v2\/posts"}],"about":[{"href":"https:\/\/www.redenoticia.com.br\/noticia\/wp-json\/wp\/v2\/types\/post"}],"author":[{"embeddable":true,"href":"https:\/\/www.redenoticia.com.br\/noticia\/wp-json\/wp\/v2\/users\/3"}],"replies":[{"embeddable":true,"href":"https:\/\/www.redenoticia.com.br\/noticia\/wp-json\/wp\/v2\/comments?post=3284"}],"version-history":[{"count":0,"href":"https:\/\/www.redenoticia.com.br\/noticia\/wp-json\/wp\/v2\/posts\/3284\/revisions"}],"wp:attachment":[{"href":"https:\/\/www.redenoticia.com.br\/noticia\/wp-json\/wp\/v2\/media?parent=3284"}],"wp:term":[{"taxonomy":"category","embeddable":true,"href":"https:\/\/www.redenoticia.com.br\/noticia\/wp-json\/wp\/v2\/categories?post=3284"},{"taxonomy":"post_tag","embeddable":true,"href":"https:\/\/www.redenoticia.com.br\/noticia\/wp-json\/wp\/v2\/tags?post=3284"}],"curies":[{"name":"wp","href":"https:\/\/api.w.org\/{rel}","templated":true}]}}