{"id":32839,"date":"2010-12-16T15:11:33","date_gmt":"2010-12-16T19:11:33","guid":{"rendered":"http:\/\/www.redenoticia.com.br\/noticia\/?p=32839"},"modified":"2010-12-17T13:40:03","modified_gmt":"2010-12-17T17:40:03","slug":"meteorologia-%e2%80%93-previsao-do-tempo-para-esta-sexta-feira-1712","status":"publish","type":"post","link":"https:\/\/www.redenoticia.com.br\/noticia\/2010\/meteorologia-%e2%80%93-previsao-do-tempo-para-esta-sexta-feira-1712\/32839","title":{"rendered":"Meteorologia \u2013 previs\u00e3o do tempo para esta sexta-feira 17\/12"},"content":{"rendered":"<p><img loading=\"lazy\" decoding=\"async\" class=\"alignleft size-full wp-image-28410\" title=\"previsao do tempo temperatura\" src=\"https:\/\/www.redenoticia.com.br\/noticia\/imagens\/previsao-do-tempo-temperatura.jpg\" alt=\"\" width=\"300\" height=\"193\" srcset=\"https:\/\/www.redenoticia.com.br\/noticia\/imagens\/previsao-do-tempo-temperatura.jpg 300w, https:\/\/www.redenoticia.com.br\/noticia\/imagens\/previsao-do-tempo-temperatura-250x160.jpg 250w, https:\/\/www.redenoticia.com.br\/noticia\/imagens\/previsao-do-tempo-temperatura-150x96.jpg 150w\" sizes=\"auto, (max-width: 300px) 100vw, 300px\" \/>Previs\u00e3o do tempo\u00a0\u2013 a\u00a0meteorologia\u00a0divulgou a <strong><em>previs\u00e3o\u00a0do tempo<\/em><\/strong> e temperatura para sexta-feira 17\/12 e informa que um canal de umidade continuar\u00e1 atuando sobre o Norte do Brasil, Centro-Oeste e parte do Sudeste, onde haver\u00e1 muitas nuvens e pancadas de chuva que poder\u00e1 ser localmente forte em diversas localidades destas Regi\u00f5es, inclusive sobre o Estado de SP. Segundo a previs\u00e3o do tempo \u00e1reas de instabilidade provocam chuva em forma de pancadas de no nordeste do RS e no leste de SC e no PR.<\/p>\n<p>Dados da previs\u00e3o do tempo indicam que no norte da Regi\u00e3o Nordeste haver\u00e1 sol e nebulosidade vari\u00e1vel e chover\u00e1 de forma localizada. A previs\u00e3o do tempo destaca que nas demais \u00e1reas do pa\u00eds o sol aparecer\u00e1 entre poucas nuvens. As temperaturas estar\u00e3o em eleva\u00e7\u00e3o no Sudeste brasileiro.<\/p>\n<p>Vale do Para\u00edba \u2013 previs\u00e3o do tempo em 17\/12\/2010: o sol aparecer\u00e1 entre nuvens e ocorrer\u00e3o pancadas de chuva Localizadas, que poder\u00e3o ser fortes em \u00e1reas da Serra e do Vale. No Vale Hist\u00f3rico as pancadas ocorrer\u00e3o, principalmente, no final do dia. A temperatura estar\u00e1 em eleva\u00e7\u00e3o.<\/p>\n<p>Regi\u00e3o Centro-Oeste \u2013 previs\u00e3o do tempo em 17\/12\/2010: No oeste de MT: predom\u00ednio de sol. Nas demais \u00e1reas: sol entre nuvens e pancadas de chuva. Temperaturas est\u00e1veis. Temperatura m\u00e1xima: 32C no extremo leste do MT. Temperatura m\u00ednima: 14C no sudoeste do MS.<\/p>\n<p>Regi\u00e3o Nordeste \u2013 previs\u00e3o do tempo em 17\/12\/2010: No sul da BA: predom\u00ednio de sol. No Rec\u00f4ncavo Baiano: sol entre nuvens e possibilidade de pancadas de chuva. Nas demais \u00e1reas: nebulosidade vari\u00e1vel e pancadas de chuva. Temperaturas elevadas. Temperatura m\u00e1xima: 34C no oeste do RN. Temperatura m\u00ednima: 18C no centro-sul da BA.<\/p>\n<p>Regi\u00e3o Norte \u2013 previs\u00e3o do tempo em 17\/12\/2010: No sul de RO: predom\u00ednio de sol. Nas demais \u00e1reas: muitas nuvens e pancadas de chuva. Temperaturas est\u00e1veis. Temperatura m\u00e1xima: 38C no norte do PA. Temperatura m\u00ednima: 18C no noroeste de RR.<\/p>\n<p>Regi\u00e3o Sudeste \u2013 previs\u00e3o do tempo em 17\/12\/2010: No ES e no RJ: predom\u00ednio de sol. No leste de MG e no cone-leste paulista: sol entre nuvens e possibilidade de pancadas de chuva no per\u00edodo da tarde. No noroeste de MG: possibilidade de pancadas de chuva. No centro de MG: sol entre poucas nuvens. Nas demais \u00e1reas: muitas nuvens e pancadas de chuva. Poder\u00e1 chover forte em algumas \u00e1reas de SP. Temperaturas est\u00e1veis. Temperatura m\u00e1xima: 33C no norte do RJ. Temperatura m\u00ednima: 18C no interior de MG.<\/p>\n<p>Regi\u00e3o Sul \u2013 previs\u00e3o do tempo em 17\/12\/2010: No leste do RS: sol com varia\u00e7\u00e3o de nebulosidade. No nordeste do RS centro de SC e do PR sol entre nuvens e pancadas de chuva. No noroeste do RS e sudoeste do PR: sol entre nuvens e possibilidade de pancadas de chuva. No centro-leste do PR e de SC: muitas nuvens e pancadas de chuva. Nas demais \u00e1reas do RS: sol entre poucas nuvens. Temperaturas est\u00e1veis. Temperatura m\u00e1xima: 26C no norte do PR. Temperatura m\u00ednima: 06C na serra.<\/p>\n<p>Previs\u00e3o do tempo e temperatura CPTEC<\/p>\n","protected":false},"excerpt":{"rendered":"<p>Previs\u00e3o do tempo\u00a0\u2013 a\u00a0meteorologia\u00a0divulgou a previs\u00e3o\u00a0do tempo e temperatura para sexta-feira 17\/12 e informa que um canal de umidade continuar\u00e1 atuando sobre o Norte do Brasil, Centro-Oeste e parte do Sudeste, onde haver\u00e1 muitas nuvens e pancadas de chuva que poder\u00e1 ser localmente forte em diversas localidades destas Regi\u00f5es, inclusive sobre o Estado de SP. [&hellip;]<\/p>\n","protected":false},"author":3,"featured_media":28410,"comment_status":"open","ping_status":"open","sticky":false,"template":"","format":"standard","meta":{"_genesis_hide_title":false,"_genesis_hide_breadcrumbs":false,"_genesis_hide_singular_image":false,"_genesis_hide_footer_widgets":false,"_genesis_custom_body_class":"","_genesis_custom_post_class":"","_genesis_layout":"","_jetpack_memberships_contains_paid_content":false,"footnotes":""},"categories":[22],"tags":[],"class_list":{"0":"post-32839","1":"post","2":"type-post","3":"status-publish","4":"format-standard","5":"has-post-thumbnail","7":"category-brasil","8":"entry","9":"gs-1","10":"gs-odd","11":"gs-even","12":"gs-featured-content-entry"},"jetpack_featured_media_url":"https:\/\/www.redenoticia.com.br\/noticia\/imagens\/previsao-do-tempo-temperatura.jpg","jetpack_sharing_enabled":true,"jetpack_likes_enabled":true,"_links":{"self":[{"href":"https:\/\/www.redenoticia.com.br\/noticia\/wp-json\/wp\/v2\/posts\/32839","targetHints":{"allow":["GET"]}}],"collection":[{"href":"https:\/\/www.redenoticia.com.br\/noticia\/wp-json\/wp\/v2\/posts"}],"about":[{"href":"https:\/\/www.redenoticia.com.br\/noticia\/wp-json\/wp\/v2\/types\/post"}],"author":[{"embeddable":true,"href":"https:\/\/www.redenoticia.com.br\/noticia\/wp-json\/wp\/v2\/users\/3"}],"replies":[{"embeddable":true,"href":"https:\/\/www.redenoticia.com.br\/noticia\/wp-json\/wp\/v2\/comments?post=32839"}],"version-history":[{"count":0,"href":"https:\/\/www.redenoticia.com.br\/noticia\/wp-json\/wp\/v2\/posts\/32839\/revisions"}],"wp:featuredmedia":[{"embeddable":true,"href":"https:\/\/www.redenoticia.com.br\/noticia\/wp-json\/wp\/v2\/media\/28410"}],"wp:attachment":[{"href":"https:\/\/www.redenoticia.com.br\/noticia\/wp-json\/wp\/v2\/media?parent=32839"}],"wp:term":[{"taxonomy":"category","embeddable":true,"href":"https:\/\/www.redenoticia.com.br\/noticia\/wp-json\/wp\/v2\/categories?post=32839"},{"taxonomy":"post_tag","embeddable":true,"href":"https:\/\/www.redenoticia.com.br\/noticia\/wp-json\/wp\/v2\/tags?post=32839"}],"curies":[{"name":"wp","href":"https:\/\/api.w.org\/{rel}","templated":true}]}}